{"id":107,"date":"2021-10-05T03:48:48","date_gmt":"2021-10-05T06:48:48","guid":{"rendered":"http:\/\/radarexecutivo.com.br\/revista\/?p=107"},"modified":"2022-06-27T09:29:00","modified_gmt":"2022-06-27T12:29:00","slug":"em-busca-do-equilibrio-perdido","status":"publish","type":"post","link":"https:\/\/radarexecutivo.com.br\/revista\/2021\/10\/05\/em-busca-do-equilibrio-perdido\/","title":{"rendered":"EM BUSCA DO EQUIL\u00cdBRIO PERDIDO"},"content":{"rendered":"<p>Os Gregos acreditavam que o universo era composto de apenas quatro elementos fundamentais, que combinados entre si, geravam tudo o que existia. Terra, Fogo, \u00c1gua e Ar eram estes os elementos fundamentais, e quando estavam em equil\u00edbrio, mantinham o universo inteiro funcionando em harmonia. Todos n\u00f3s continuamos em busca do equil\u00edbrio perdido.<\/p>\n<p>Este conceito influenciou outras \u00e1reas da cultura Grega al\u00e9m das ci\u00eancias naturais, ultrapassou seus pr\u00f3prios limites e invadiu outras \u00e1reas do conhecimento, em especial a educa\u00e7\u00e3o e a forma\u00e7\u00e3o do homem grego. A no\u00e7\u00e3o de manter-se um equil\u00edbrio din\u00e2mico entre estes quatro elementos fundamentais levou os gregos a enxergarem o crescimento do ser humano sob uma perspectiva integral, os Gregos estavam em busca do equil\u00edbrio perdido.<\/p>\n<blockquote><p>A no\u00e7\u00e3o de manter-se um equil\u00edbrio din\u00e2mico entre estes quatro elementos fundamentais levou os gregos a enxergarem o crescimento do ser humano sob uma perspectiva integral<\/p><\/blockquote>\n<p>Onde n\u00e3o era considerado saud\u00e1vel crescer em apenas uma \u00e1rea da nossa vida, para sermos completos e plenos era necess\u00e1rio crescer por inteiro. Por conta desta vis\u00e3o, os gregos procuravam fazer com que os seus alunos crescessem em quatro dimens\u00f5es da vida: Dimens\u00e3o F\u00edsica \/ Elemento Terra, Dimens\u00e3o Emocional \/ Elemento Fogo, Dimens\u00e3o Mental \/ Elemento \u00c1gua e Dimens\u00e3o Espiritual \/ Elemento Ar. Para crescer por inteiro, era necess\u00e1rio estar em busca do equil\u00edbrio perdido o tempo todo.<\/p>\n<p>Este conceito de educa\u00e7\u00e3o fez com que os gregos criassem estruturas de ensino onde os seus alunos pudessem crescer em equil\u00edbrio, desenvolvendo suas habilidades e compet\u00eancias nas mais diversas \u00e1reas do conhecimento. As crian\u00e7as eram separadas e preparadas desde cedo no aprendizado da filosofia, da m\u00fasica, da matem\u00e1tica, da biologia, das artes marciais, da pol\u00edtica, da gest\u00e3o, da estrat\u00e9gia, da t\u00e1tica e no estudo do universo. A vida dos Gregos era uma busca constante pelo equil\u00edbrio perdido.<\/p>\n<blockquote><p>Este conceito de educa\u00e7\u00e3o fez com que os gregos criassem estruturas de ensino onde os seus alunos pudessem crescer em equil\u00edbrio, desenvolvendo suas habilidades e compet\u00eancias nas mais diversas \u00e1reas do conhecimento<\/p><\/blockquote>\n<p>E com isso tinham a sua disposi\u00e7\u00e3o conhecimentos de diversas \u00e1reas que podiam ser combinados de maneira criativa gerando mais e mais descobertas e inova\u00e7\u00f5es. Esta vis\u00e3o da forma\u00e7\u00e3o integral fez da Gr\u00e9cia uma potencial mundial em sua \u00e9poca, produzindo conhecimento em larga escala e influenciando todos os pa\u00edses com os quais tinha contato de maneira irrevers\u00edvel.<\/p>\n<p>A cultura grega invadiu outros pa\u00edses e deixou um forte legado para posteridade em v\u00e1rias \u00e1reas, filosofia, matem\u00e1tica, estrat\u00e9gia de guerra, pol\u00edtica, teatro, escultura, literatura e muitos ramos do conhecimento que devem o seu nascimento ao sentimento grego de crescer por inteiro.<\/p>\n<p>Na vis\u00e3o grega, cada um dos quatro elementos fundamentais representava tamb\u00e9m uma dimens\u00e3o do crescimento do ser humano, portanto, para que o indiv\u00edduo pudesse exercer de forma plena todo o seu potencial teria que investir seu tempo para crescer por inteiro em cada uma das \u00e1reas da sua vida.<\/p>\n<blockquote><p>Para que o indiv\u00edduo pudesse exercer de forma plena todo o seu potencial teria que investir seu tempo para crescer por inteiro em cada uma das \u00e1reas da sua vida<\/p><\/blockquote>\n<p>Os gregos entenderam que n\u00e3o adiantava ter uma mente brilhante, se o nosso emocional nos faz entrar em conflito constante com as outras pessoas e nos impede de trabalhar em equipe. Perceberam tamb\u00e9m que somos menos produtivos quando o nosso corpo n\u00e3o est\u00e1 preparado par dar as respostas necess\u00e1rias no momento certo.<\/p>\n<p>Entenderam que precisamos ter uma vida espiritual saud\u00e1vel para que possamos nos elevar acima dos problemas do dia-a-dia. Esta percep\u00e7\u00e3o de que cada dimens\u00e3o da nossa vida influencia todas as outras e que temos que buscar o equil\u00edbrio para crescer por inteiro foi um dos grandes legados dos gregos. Equil\u00edbrio e harmonia s\u00e3o palavras-chaves para se entender a maneira como os educadores gregos entendiam o processo de aprendizado e crescimento.<\/p>\n<blockquote><p>Esta percep\u00e7\u00e3o de que cada dimens\u00e3o da nossa vida influencia todas as outras e que temos que buscar o equil\u00edbrio para crescer por inteiro foi um dos grandes legados dos gregos<\/p><\/blockquote>\n<p>Na sua vis\u00e3o, equil\u00edbrio, era crescer em todas as \u00e1reas da nossa vida, n\u00e3o permitindo que nossa aten\u00e7\u00e3o ficasse voltada mais para uma \u00e1rea do que para as outras, e harmonia era fazer com que todas as \u00e1reas trabalhassem juntas quando necess\u00e1rio para criar novas ideias e perspectivas inovadoras para a solu\u00e7\u00e3o dos problemas.<\/p>\n<p>Este conceito foi sendo perdido ao longo do tempo e nossa forma\u00e7\u00e3o passou cada vez mais a privilegiar o crescimento f\u00edsico e mental, desprezando o crescimento emocional e espiritual em nossa forma\u00e7\u00e3o, provocando com isso diversos tipos de desequil\u00edbrio e desarmonia.<\/p>\n<p>Passamos a criar g\u00eanios egoc\u00eantricos que n\u00e3o sabem respeitar as leis nem os mais velhos, produzimos em nossas escolas pessoas sem moral e car\u00e1ter para assumir o nosso governo. For\u00e7amos nossos filhos a seguir carreiras que n\u00e3o eram do seu interesse apenas porque d\u00e1 dinheiro, criamos uma gera\u00e7\u00e3o de nerds que sabem tudo de programa\u00e7\u00e3o e n\u00e3o conseguem manter um relacionamento social saud\u00e1vel.<\/p>\n<blockquote><p>Este conceito foi sendo perdido ao longo do tempo e nossa forma\u00e7\u00e3o passou cada vez mais a privilegiar o crescimento f\u00edsico e mental, desprezando o crescimento emocional e espiritual em nossa forma\u00e7\u00e3o<\/p><\/blockquote>\n<p>A falta de equil\u00edbrio no crescimento nestas quatro dimens\u00f5es: f\u00edsica, emocional, mental e espiritual gerou a sociedade em que vivemos hoje, tomada pela viol\u00eancia, onde a falta de respeito pelos mais velhos tornou-se normal e onde destru\u00edmos o meio ambiente para produzir. Vivemos em uma sociedade cheia de luxo, cheia de riqueza, cheia de tecnologia mais de cora\u00e7\u00e3o vazio.<\/p>\n<p>Estamos pagando um alto pre\u00e7o por este desequil\u00edbrio, estamos perdendo os nossos jovens para o tr\u00e1fico de drogas e para o terrorismo, estamos criando uma gera\u00e7\u00e3o sem valores e sem cren\u00e7a, estamos criando uma gera\u00e7\u00e3o sem Deus. Para restabelecer o equil\u00edbrio perdido, temos que voltar a investir para que o crescimento do ser humano seja algo inteiro e completo, onde cada dimens\u00e3o da nossa vida possa ser comtemplada em nossa jornada de aprendizado.<\/p>\n<p>Onde o nosso crescimento ocorra de maneira harm\u00f4nica em suas quatro dimens\u00f5es, f\u00edsica, emocional, mental e espiritual fazendo com o equil\u00edbrio perdido volte a reinar em nossas vidas.<\/p>\n<p>&nbsp;<\/p>\n<p>Voc\u00ea pode se interessar tamb\u00e9m pelo artigo:<a href=\"https:\/\/radarexecutivo.com.br\/revista\/2021\/10\/01\/fazei-que-eu-procure-mais\/\"> FAZEI QUE EU PROCURE MAIS<\/a><\/p>\n<p>&nbsp;<\/p>\n<p><img loading=\"lazy\" decoding=\"async\" class=\" wp-image-1451 alignleft\" src=\"http:\/\/radarexecutivo.com.br\/revista\/wp-content\/uploads\/2021\/09\/IMAGEM-2-300x300.jpg\" alt=\"\" width=\"133\" height=\"133\" srcset=\"https:\/\/radarexecutivo.com.br\/revista\/wp-content\/uploads\/2021\/09\/IMAGEM-2-300x300.jpg 300w, https:\/\/radarexecutivo.com.br\/revista\/wp-content\/uploads\/2021\/09\/IMAGEM-2-150x150.jpg 150w, https:\/\/radarexecutivo.com.br\/revista\/wp-content\/uploads\/2021\/09\/IMAGEM-2-130x130.jpg 130w, https:\/\/radarexecutivo.com.br\/revista\/wp-content\/uploads\/2021\/09\/IMAGEM-2.jpg 400w\" sizes=\"auto, (max-width: 133px) 100vw, 133px\" \/>Autor: Prof. Jorge Menezes \u00e9 palestrante, jornalista, escritor, colunista nas \u00e1reas de empreendedorismo e neg\u00f3cios. Apresentador do Canal Radar Executivo no YouTube e do Podcast Radar Executivo no Spotify. \u00c9 autor de v\u00e1rios best-sellers: <a href=\"https:\/\/amzn.to\/31AtOgI\">Aprenda a Negociar com os Tubar\u00f5es\u00ae (2013)<\/a>, <a href=\"https:\/\/amzn.to\/3GuogTz\">Transformando Networking em Neg\u00f3cios\u00ae (2015)<\/a> e <a href=\"https:\/\/amzn.to\/31Rfro0\">O C\u00f3digo Secreto da Venda\u00ae (2020<\/a>) todos publicados pela Editora Alta Books &#8211; Contato: (81) 9 9119-5002 Whatsapp<\/p>\n<p style=\"text-align: left;\">Visite o hot site do curso O C\u00f3digo Secreto da Venda no Hotmart :\u00a0<a href=\"http:\/\/www.ocodigosecretodavenda.com.br\">http:\/\/www.ocodigosecretodavenda.com.<\/a><\/p>\n<p>&nbsp;<\/p>\n<p><iframe loading=\"lazy\" title=\"Spotify Embed: #018 EM BUSCA DO EQUILIBRIO PERDIDO\" style=\"border-radius: 12px\" width=\"100%\" height=\"152\" frameborder=\"0\" allowfullscreen allow=\"autoplay; clipboard-write; encrypted-media; fullscreen; picture-in-picture\" src=\"https:\/\/open.spotify.com\/embed\/episode\/66mJAsqKIfHIjhXmU8trFl?si=d6bf3065910549d3&#038;utm_source=oembed\"><\/iframe><\/p>\n<p><iframe loading=\"lazy\" title=\"EM BUSCA DO EQUIL\u00cdBRIO PERDIDO\" width=\"1200\" height=\"675\" src=\"https:\/\/www.youtube.com\/embed\/lh2zilDBzIk?feature=oembed\" frameborder=\"0\" allow=\"accelerometer; autoplay; clipboard-write; encrypted-media; gyroscope; picture-in-picture\" allowfullscreen><\/iframe><\/p>\n<p>&nbsp;<\/p>\n","protected":false},"excerpt":{"rendered":"<p>Os Gregos acreditavam que o universo era composto de apenas quatro elementos fundamentais, que combinados entre si, geravam tudo o que existia. Terra, Fogo, \u00c1gua e Ar eram estes os elementos fundamentais, e quando estavam em equil\u00edbrio, mantinham o universo inteiro funcionando em harmonia. Todos n\u00f3s continuamos em busca do equil\u00edbrio perdido. Este conceito influenciou outras \u00e1reas da cultura Grega al\u00e9m das ci\u00eancias naturais, ultrapassou seus pr\u00f3prios limites e invadiu outras \u00e1reas do conhecimento, em especial a educa\u00e7\u00e3o e a forma\u00e7\u00e3o do homem grego. A no\u00e7\u00e3o de manter-se um equil\u00edbrio din\u00e2mico entre estes quatro elementos fundamentais levou os gregos a [&hellip;]<\/p>\n","protected":false},"author":1,"featured_media":1353,"comment_status":"open","ping_status":"open","sticky":false,"template":"","format":"standard","meta":{"om_disable_all_campaigns":false,"footnotes":""},"categories":[13],"tags":[71,100,64,101,77],"class_list":["post-107","post","type-post","status-publish","format-standard","has-post-thumbnail","hentry","category-carreira-em-foco","tag-carreira","tag-desenvolvimento-pessoal","tag-estrategia","tag-gestao-de-pessoas","tag-negocios"],"yoast_head":"<!-- This site is optimized with the Yoast SEO plugin v18.9 - https:\/\/yoast.com\/wordpress\/plugins\/seo\/ -->\n<title>Revista Radar Executivo - Artigo: Em Busca do Equil\u00edbrio Perdido<\/title>\n<meta name=\"description\" content=\"Lideran\u00e7a, gest\u00e3o, carreira, neg\u00f3cios, marketing, empreendedorismo, pol\u00edtica, economia, inova\u00e7\u00e3o. Voc\u00ea conectado no mundo empresarial.\" \/>\n<meta name=\"robots\" content=\"index, follow, max-snippet:-1, max-image-preview:large, max-video-preview:-1\" \/>\n<link rel=\"canonical\" href=\"https:\/\/radarexecutivo.com.br\/revista\/2021\/10\/05\/em-busca-do-equilibrio-perdido\/\" \/>\n<meta property=\"og:locale\" content=\"pt_BR\" \/>\n<meta property=\"og:type\" content=\"article\" \/>\n<meta property=\"og:title\" content=\"Revista Radar Executivo - Artigo: Em Busca do Equil\u00edbrio Perdido\" \/>\n<meta property=\"og:description\" content=\"Lideran\u00e7a, gest\u00e3o, carreira, neg\u00f3cios, marketing, empreendedorismo, pol\u00edtica, economia, inova\u00e7\u00e3o. Voc\u00ea conectado no mundo empresarial.\" \/>\n<meta property=\"og:url\" content=\"https:\/\/radarexecutivo.com.br\/revista\/2021\/10\/05\/em-busca-do-equilibrio-perdido\/\" \/>\n<meta property=\"og:site_name\" content=\"Revista Radar Executivo\" \/>\n<meta property=\"article:published_time\" content=\"2021-10-05T06:48:48+00:00\" \/>\n<meta property=\"article:modified_time\" content=\"2022-06-27T12:29:00+00:00\" \/>\n<meta property=\"og:image\" content=\"https:\/\/radarexecutivo.com.br\/revista\/wp-content\/uploads\/2021\/10\/resistencia-x-fluidez.jpg\" \/>\n\t<meta property=\"og:image:width\" content=\"1698\" \/>\n\t<meta property=\"og:image:height\" content=\"1131\" \/>\n\t<meta property=\"og:image:type\" content=\"image\/jpeg\" \/>\n<meta name=\"twitter:card\" content=\"summary_large_image\" \/>\n<meta name=\"twitter:label1\" content=\"Escrito por\" \/>\n\t<meta name=\"twitter:data1\" content=\"Revista Radar Executivo\" \/>\n\t<meta name=\"twitter:label2\" content=\"Est. tempo de leitura\" \/>\n\t<meta name=\"twitter:data2\" content=\"7 minutos\" \/>\n<script type=\"application\/ld+json\" class=\"yoast-schema-graph\">{\"@context\":\"https:\/\/schema.org\",\"@graph\":[{\"@type\":\"Organization\",\"@id\":\"https:\/\/radarexecutivo.com.br\/revista\/#organization\",\"name\":\"Revista Radar Executivo\",\"url\":\"https:\/\/radarexecutivo.com.br\/revista\/\",\"sameAs\":[],\"logo\":{\"@type\":\"ImageObject\",\"inLanguage\":\"pt-BR\",\"@id\":\"https:\/\/radarexecutivo.com.br\/revista\/#\/schema\/logo\/image\/\",\"url\":\"https:\/\/radarexecutivo.com.br\/revista\/wp-content\/uploads\/2022\/06\/LOGO-REVISTA-PORTUGUES-PRETO-2.png\",\"contentUrl\":\"https:\/\/radarexecutivo.com.br\/revista\/wp-content\/uploads\/2022\/06\/LOGO-REVISTA-PORTUGUES-PRETO-2.png\",\"width\":8084,\"height\":2580,\"caption\":\"Revista Radar Executivo\"},\"image\":{\"@id\":\"https:\/\/radarexecutivo.com.br\/revista\/#\/schema\/logo\/image\/\"}},{\"@type\":\"WebSite\",\"@id\":\"https:\/\/radarexecutivo.com.br\/revista\/#website\",\"url\":\"https:\/\/radarexecutivo.com.br\/revista\/\",\"name\":\"Revista Radar Executivo\",\"description\":\"Voc\u00ea conectado no mundo empresarial\",\"publisher\":{\"@id\":\"https:\/\/radarexecutivo.com.br\/revista\/#organization\"},\"potentialAction\":[{\"@type\":\"SearchAction\",\"target\":{\"@type\":\"EntryPoint\",\"urlTemplate\":\"https:\/\/radarexecutivo.com.br\/revista\/?s={search_term_string}\"},\"query-input\":\"required name=search_term_string\"}],\"inLanguage\":\"pt-BR\"},{\"@type\":\"ImageObject\",\"inLanguage\":\"pt-BR\",\"@id\":\"https:\/\/radarexecutivo.com.br\/revista\/2021\/10\/05\/em-busca-do-equilibrio-perdido\/#primaryimage\",\"url\":\"https:\/\/radarexecutivo.com.br\/revista\/wp-content\/uploads\/2021\/10\/resistencia-x-fluidez.jpg\",\"contentUrl\":\"https:\/\/radarexecutivo.com.br\/revista\/wp-content\/uploads\/2021\/10\/resistencia-x-fluidez.jpg\",\"width\":1698,\"height\":1131,\"caption\":\"EM BUSCA DO EQUIL\u00cdBRIO PERDIDO. IN SEARCH OF THE LOST BALANCE. EN BUSCA DEL EQUILIBRIO PERDIDO\"},{\"@type\":\"WebPage\",\"@id\":\"https:\/\/radarexecutivo.com.br\/revista\/2021\/10\/05\/em-busca-do-equilibrio-perdido\/#webpage\",\"url\":\"https:\/\/radarexecutivo.com.br\/revista\/2021\/10\/05\/em-busca-do-equilibrio-perdido\/\",\"name\":\"Revista Radar Executivo - Artigo: Em Busca do Equil\u00edbrio Perdido\",\"isPartOf\":{\"@id\":\"https:\/\/radarexecutivo.com.br\/revista\/#website\"},\"primaryImageOfPage\":{\"@id\":\"https:\/\/radarexecutivo.com.br\/revista\/2021\/10\/05\/em-busca-do-equilibrio-perdido\/#primaryimage\"},\"datePublished\":\"2021-10-05T06:48:48+00:00\",\"dateModified\":\"2022-06-27T12:29:00+00:00\",\"description\":\"Lideran\u00e7a, gest\u00e3o, carreira, neg\u00f3cios, marketing, empreendedorismo, pol\u00edtica, economia, inova\u00e7\u00e3o. Voc\u00ea conectado no mundo empresarial.\",\"breadcrumb\":{\"@id\":\"https:\/\/radarexecutivo.com.br\/revista\/2021\/10\/05\/em-busca-do-equilibrio-perdido\/#breadcrumb\"},\"inLanguage\":\"pt-BR\",\"potentialAction\":[{\"@type\":\"ReadAction\",\"target\":[\"https:\/\/radarexecutivo.com.br\/revista\/2021\/10\/05\/em-busca-do-equilibrio-perdido\/\"]}]},{\"@type\":\"BreadcrumbList\",\"@id\":\"https:\/\/radarexecutivo.com.br\/revista\/2021\/10\/05\/em-busca-do-equilibrio-perdido\/#breadcrumb\",\"itemListElement\":[{\"@type\":\"ListItem\",\"position\":1,\"name\":\"home\",\"item\":\"https:\/\/radarexecutivo.com.br\/revista\/\"},{\"@type\":\"ListItem\",\"position\":2,\"name\":\"carreira\",\"item\":\"https:\/\/radarexecutivo.com.br\/revista\/tag\/carreira\/\"},{\"@type\":\"ListItem\",\"position\":3,\"name\":\"EM BUSCA DO EQUIL\u00cdBRIO PERDIDO\"}]},{\"@type\":\"Article\",\"@id\":\"https:\/\/radarexecutivo.com.br\/revista\/2021\/10\/05\/em-busca-do-equilibrio-perdido\/#article\",\"isPartOf\":{\"@id\":\"https:\/\/radarexecutivo.com.br\/revista\/2021\/10\/05\/em-busca-do-equilibrio-perdido\/#webpage\"},\"author\":{\"@id\":\"https:\/\/radarexecutivo.com.br\/revista\/#\/schema\/person\/fa7d561ec3c1e5e8f9aee0a176cd0162\"},\"headline\":\"EM BUSCA DO EQUIL\u00cdBRIO PERDIDO\",\"datePublished\":\"2021-10-05T06:48:48+00:00\",\"dateModified\":\"2022-06-27T12:29:00+00:00\",\"mainEntityOfPage\":{\"@id\":\"https:\/\/radarexecutivo.com.br\/revista\/2021\/10\/05\/em-busca-do-equilibrio-perdido\/#webpage\"},\"wordCount\":1240,\"commentCount\":0,\"publisher\":{\"@id\":\"https:\/\/radarexecutivo.com.br\/revista\/#organization\"},\"image\":{\"@id\":\"https:\/\/radarexecutivo.com.br\/revista\/2021\/10\/05\/em-busca-do-equilibrio-perdido\/#primaryimage\"},\"thumbnailUrl\":\"https:\/\/radarexecutivo.com.br\/revista\/wp-content\/uploads\/2021\/10\/resistencia-x-fluidez.jpg\",\"keywords\":[\"carreira\",\"desenvolvimento pessoal\",\"estrat\u00e9gia\",\"gest\u00e3o de pessoas\",\"neg\u00f3cios\"],\"articleSection\":[\"CARREIRA EM FOCO\"],\"inLanguage\":\"pt-BR\",\"potentialAction\":[{\"@type\":\"CommentAction\",\"name\":\"Comment\",\"target\":[\"https:\/\/radarexecutivo.com.br\/revista\/2021\/10\/05\/em-busca-do-equilibrio-perdido\/#respond\"]}]},{\"@type\":\"Person\",\"@id\":\"https:\/\/radarexecutivo.com.br\/revista\/#\/schema\/person\/fa7d561ec3c1e5e8f9aee0a176cd0162\",\"name\":\"Revista Radar Executivo\",\"image\":{\"@type\":\"ImageObject\",\"inLanguage\":\"pt-BR\",\"@id\":\"https:\/\/radarexecutivo.com.br\/revista\/#\/schema\/person\/image\/\",\"url\":\"https:\/\/secure.gravatar.com\/avatar\/13c41cad95f86d1121ade5519feb60932dc6dc8287e4743bcec5ce91b8ef2196?s=96&d=mm&r=g\",\"contentUrl\":\"https:\/\/secure.gravatar.com\/avatar\/13c41cad95f86d1121ade5519feb60932dc6dc8287e4743bcec5ce91b8ef2196?s=96&d=mm&r=g\",\"caption\":\"Revista Radar Executivo\"},\"sameAs\":[\"http:\/\/radarexecutivo.com.br\/revista\"],\"url\":\"https:\/\/radarexecutivo.com.br\/revista\/author\/radarexecutivo\/\"}]}<\/script>\n<!-- \/ Yoast SEO plugin. -->","yoast_head_json":{"title":"Revista Radar Executivo - Artigo: Em Busca do Equil\u00edbrio Perdido","description":"Lideran\u00e7a, gest\u00e3o, carreira, neg\u00f3cios, marketing, empreendedorismo, pol\u00edtica, economia, inova\u00e7\u00e3o. Voc\u00ea conectado no mundo empresarial.","robots":{"index":"index","follow":"follow","max-snippet":"max-snippet:-1","max-image-preview":"max-image-preview:large","max-video-preview":"max-video-preview:-1"},"canonical":"https:\/\/radarexecutivo.com.br\/revista\/2021\/10\/05\/em-busca-do-equilibrio-perdido\/","og_locale":"pt_BR","og_type":"article","og_title":"Revista Radar Executivo - Artigo: Em Busca do Equil\u00edbrio Perdido","og_description":"Lideran\u00e7a, gest\u00e3o, carreira, neg\u00f3cios, marketing, empreendedorismo, pol\u00edtica, economia, inova\u00e7\u00e3o. Voc\u00ea conectado no mundo empresarial.","og_url":"https:\/\/radarexecutivo.com.br\/revista\/2021\/10\/05\/em-busca-do-equilibrio-perdido\/","og_site_name":"Revista Radar Executivo","article_published_time":"2021-10-05T06:48:48+00:00","article_modified_time":"2022-06-27T12:29:00+00:00","og_image":[{"width":1698,"height":1131,"url":"https:\/\/radarexecutivo.com.br\/revista\/wp-content\/uploads\/2021\/10\/resistencia-x-fluidez.jpg","type":"image\/jpeg"}],"twitter_card":"summary_large_image","twitter_misc":{"Escrito por":"Revista Radar Executivo","Est. tempo de leitura":"7 minutos"},"schema":{"@context":"https:\/\/schema.org","@graph":[{"@type":"Organization","@id":"https:\/\/radarexecutivo.com.br\/revista\/#organization","name":"Revista Radar Executivo","url":"https:\/\/radarexecutivo.com.br\/revista\/","sameAs":[],"logo":{"@type":"ImageObject","inLanguage":"pt-BR","@id":"https:\/\/radarexecutivo.com.br\/revista\/#\/schema\/logo\/image\/","url":"https:\/\/radarexecutivo.com.br\/revista\/wp-content\/uploads\/2022\/06\/LOGO-REVISTA-PORTUGUES-PRETO-2.png","contentUrl":"https:\/\/radarexecutivo.com.br\/revista\/wp-content\/uploads\/2022\/06\/LOGO-REVISTA-PORTUGUES-PRETO-2.png","width":8084,"height":2580,"caption":"Revista Radar Executivo"},"image":{"@id":"https:\/\/radarexecutivo.com.br\/revista\/#\/schema\/logo\/image\/"}},{"@type":"WebSite","@id":"https:\/\/radarexecutivo.com.br\/revista\/#website","url":"https:\/\/radarexecutivo.com.br\/revista\/","name":"Revista Radar Executivo","description":"Voc\u00ea conectado no mundo empresarial","publisher":{"@id":"https:\/\/radarexecutivo.com.br\/revista\/#organization"},"potentialAction":[{"@type":"SearchAction","target":{"@type":"EntryPoint","urlTemplate":"https:\/\/radarexecutivo.com.br\/revista\/?s={search_term_string}"},"query-input":"required name=search_term_string"}],"inLanguage":"pt-BR"},{"@type":"ImageObject","inLanguage":"pt-BR","@id":"https:\/\/radarexecutivo.com.br\/revista\/2021\/10\/05\/em-busca-do-equilibrio-perdido\/#primaryimage","url":"https:\/\/radarexecutivo.com.br\/revista\/wp-content\/uploads\/2021\/10\/resistencia-x-fluidez.jpg","contentUrl":"https:\/\/radarexecutivo.com.br\/revista\/wp-content\/uploads\/2021\/10\/resistencia-x-fluidez.jpg","width":1698,"height":1131,"caption":"EM BUSCA DO EQUIL\u00cdBRIO PERDIDO. IN SEARCH OF THE LOST BALANCE. EN BUSCA DEL EQUILIBRIO PERDIDO"},{"@type":"WebPage","@id":"https:\/\/radarexecutivo.com.br\/revista\/2021\/10\/05\/em-busca-do-equilibrio-perdido\/#webpage","url":"https:\/\/radarexecutivo.com.br\/revista\/2021\/10\/05\/em-busca-do-equilibrio-perdido\/","name":"Revista Radar Executivo - Artigo: Em Busca do Equil\u00edbrio Perdido","isPartOf":{"@id":"https:\/\/radarexecutivo.com.br\/revista\/#website"},"primaryImageOfPage":{"@id":"https:\/\/radarexecutivo.com.br\/revista\/2021\/10\/05\/em-busca-do-equilibrio-perdido\/#primaryimage"},"datePublished":"2021-10-05T06:48:48+00:00","dateModified":"2022-06-27T12:29:00+00:00","description":"Lideran\u00e7a, gest\u00e3o, carreira, neg\u00f3cios, marketing, empreendedorismo, pol\u00edtica, economia, inova\u00e7\u00e3o. Voc\u00ea conectado no mundo empresarial.","breadcrumb":{"@id":"https:\/\/radarexecutivo.com.br\/revista\/2021\/10\/05\/em-busca-do-equilibrio-perdido\/#breadcrumb"},"inLanguage":"pt-BR","potentialAction":[{"@type":"ReadAction","target":["https:\/\/radarexecutivo.com.br\/revista\/2021\/10\/05\/em-busca-do-equilibrio-perdido\/"]}]},{"@type":"BreadcrumbList","@id":"https:\/\/radarexecutivo.com.br\/revista\/2021\/10\/05\/em-busca-do-equilibrio-perdido\/#breadcrumb","itemListElement":[{"@type":"ListItem","position":1,"name":"home","item":"https:\/\/radarexecutivo.com.br\/revista\/"},{"@type":"ListItem","position":2,"name":"carreira","item":"https:\/\/radarexecutivo.com.br\/revista\/tag\/carreira\/"},{"@type":"ListItem","position":3,"name":"EM BUSCA DO EQUIL\u00cdBRIO PERDIDO"}]},{"@type":"Article","@id":"https:\/\/radarexecutivo.com.br\/revista\/2021\/10\/05\/em-busca-do-equilibrio-perdido\/#article","isPartOf":{"@id":"https:\/\/radarexecutivo.com.br\/revista\/2021\/10\/05\/em-busca-do-equilibrio-perdido\/#webpage"},"author":{"@id":"https:\/\/radarexecutivo.com.br\/revista\/#\/schema\/person\/fa7d561ec3c1e5e8f9aee0a176cd0162"},"headline":"EM BUSCA DO EQUIL\u00cdBRIO PERDIDO","datePublished":"2021-10-05T06:48:48+00:00","dateModified":"2022-06-27T12:29:00+00:00","mainEntityOfPage":{"@id":"https:\/\/radarexecutivo.com.br\/revista\/2021\/10\/05\/em-busca-do-equilibrio-perdido\/#webpage"},"wordCount":1240,"commentCount":0,"publisher":{"@id":"https:\/\/radarexecutivo.com.br\/revista\/#organization"},"image":{"@id":"https:\/\/radarexecutivo.com.br\/revista\/2021\/10\/05\/em-busca-do-equilibrio-perdido\/#primaryimage"},"thumbnailUrl":"https:\/\/radarexecutivo.com.br\/revista\/wp-content\/uploads\/2021\/10\/resistencia-x-fluidez.jpg","keywords":["carreira","desenvolvimento pessoal","estrat\u00e9gia","gest\u00e3o de pessoas","neg\u00f3cios"],"articleSection":["CARREIRA EM FOCO"],"inLanguage":"pt-BR","potentialAction":[{"@type":"CommentAction","name":"Comment","target":["https:\/\/radarexecutivo.com.br\/revista\/2021\/10\/05\/em-busca-do-equilibrio-perdido\/#respond"]}]},{"@type":"Person","@id":"https:\/\/radarexecutivo.com.br\/revista\/#\/schema\/person\/fa7d561ec3c1e5e8f9aee0a176cd0162","name":"Revista Radar Executivo","image":{"@type":"ImageObject","inLanguage":"pt-BR","@id":"https:\/\/radarexecutivo.com.br\/revista\/#\/schema\/person\/image\/","url":"https:\/\/secure.gravatar.com\/avatar\/13c41cad95f86d1121ade5519feb60932dc6dc8287e4743bcec5ce91b8ef2196?s=96&d=mm&r=g","contentUrl":"https:\/\/secure.gravatar.com\/avatar\/13c41cad95f86d1121ade5519feb60932dc6dc8287e4743bcec5ce91b8ef2196?s=96&d=mm&r=g","caption":"Revista Radar Executivo"},"sameAs":["http:\/\/radarexecutivo.com.br\/revista"],"url":"https:\/\/radarexecutivo.com.br\/revista\/author\/radarexecutivo\/"}]}},"_links":{"self":[{"href":"https:\/\/radarexecutivo.com.br\/revista\/wp-json\/wp\/v2\/posts\/107","targetHints":{"allow":["GET"]}}],"collection":[{"href":"https:\/\/radarexecutivo.com.br\/revista\/wp-json\/wp\/v2\/posts"}],"about":[{"href":"https:\/\/radarexecutivo.com.br\/revista\/wp-json\/wp\/v2\/types\/post"}],"author":[{"embeddable":true,"href":"https:\/\/radarexecutivo.com.br\/revista\/wp-json\/wp\/v2\/users\/1"}],"replies":[{"embeddable":true,"href":"https:\/\/radarexecutivo.com.br\/revista\/wp-json\/wp\/v2\/comments?post=107"}],"version-history":[{"count":9,"href":"https:\/\/radarexecutivo.com.br\/revista\/wp-json\/wp\/v2\/posts\/107\/revisions"}],"predecessor-version":[{"id":2850,"href":"https:\/\/radarexecutivo.com.br\/revista\/wp-json\/wp\/v2\/posts\/107\/revisions\/2850"}],"wp:featuredmedia":[{"embeddable":true,"href":"https:\/\/radarexecutivo.com.br\/revista\/wp-json\/wp\/v2\/media\/1353"}],"wp:attachment":[{"href":"https:\/\/radarexecutivo.com.br\/revista\/wp-json\/wp\/v2\/media?parent=107"}],"wp:term":[{"taxonomy":"category","embeddable":true,"href":"https:\/\/radarexecutivo.com.br\/revista\/wp-json\/wp\/v2\/categories?post=107"},{"taxonomy":"post_tag","embeddable":true,"href":"https:\/\/radarexecutivo.com.br\/revista\/wp-json\/wp\/v2\/tags?post=107"}],"curies":[{"name":"wp","href":"https:\/\/api.w.org\/{rel}","templated":true}]}}