{"id":113,"date":"2021-10-05T04:02:46","date_gmt":"2021-10-05T07:02:46","guid":{"rendered":"http:\/\/radarexecutivo.com.br\/revista\/?p=113"},"modified":"2021-12-17T06:43:42","modified_gmt":"2021-12-17T09:43:42","slug":"mozart-e-o-mito-da-criatividade","status":"publish","type":"post","link":"https:\/\/radarexecutivo.com.br\/revista\/2021\/10\/05\/mozart-e-o-mito-da-criatividade\/","title":{"rendered":"MOZART E O MITO DA CRIATIVIDADE"},"content":{"rendered":"<p>Wolfgang Amadeus Mozart nasceu no dia 27 de janeiro de 1756 na cidade de\u00a0 Salzburgo na \u00c1ustria. Salzburgo era uma cidade cosmopolita e disputava com Viena o lugar de cidade das artes, as ruas de Salzburgo eram repletas de caf\u00e9s e bares onde os escritores, m\u00fasicos, artistas e pensadores encontravam-se para trocar ideias, encher a cara, falar sobre pol\u00edtica, economia e sem d\u00favida sobre as suas conquistas amorosas. A influ\u00eancia do ambiente destas duas cidades, Viena e Salzburgo, foram determinantes para obra musical de Mozart.<\/p>\n<p>Mozart come\u00e7ou a compor aos seis anos de idade e nos deixou mais de seiscentas obras entre elas muitas sinfonias, operas e diversos outros estilos. O talento de Mozart para m\u00fasica \u00e9 inquestion\u00e1vel e ficou eternizado no filme Amadeus que estreou nos cinemas em 1984. A biografia deste irreverente, criativo e contestador m\u00fasico o colocou a frente do seu tempo, a sua imagem de g\u00eanio da m\u00fasica, promovida e estimulada pelo seu pai, Leopold Mozart fez nascer o mito de que as suas obras nasciam prontas, como que por inspira\u00e7\u00e3o divina.<\/p>\n<blockquote><p>A influ\u00eancia do ambiente destas duas cidades, Viena e Salzburgo, foram determinantes para obra musical de Mozart<\/p><\/blockquote>\n<p>Leopold Mozart exercia o papel de empres\u00e1rio do seu filho, o talento do jovem Amadeus era divulgado entre as cortes europeias gerando fama, fortuna e diversas apresenta\u00e7\u00f5es para realeza. O mito do g\u00eanio era estimulado, porque era bom para os neg\u00f3cios, as pessoas gostam de pensar que est\u00e3o diante de um talento sobrenatural, gostam de pensar que a criatividade de Mozart era fruto de inspira\u00e7\u00e3o divina, e que ele escrevia as suas obras em momentos de \u00eaxtase criativo. Todo mundo gosta de pensar que a criatividade \u00e9 um dom, um privil\u00e9gio dos g\u00eanios, uma habilidade dada aos escolhidos.<\/p>\n<p>Al\u00e9m disso, a m\u00eddia da \u00e9poca, gostava de refor\u00e7ar este tipo de mito, porque hist\u00f3rias deste tipo vendem. Hist\u00f3rias de g\u00eanios mexem com a mente humana e nos fazem acreditar que existe uma ra\u00e7a de eleitos, que est\u00e3o acima das habilidades e compet\u00eancias dos outros seres humanos. A m\u00eddia incentivou o mito do g\u00eanio criativo. Em 1815 um jornal alem\u00e3o publicou uma carta supostamente atribu\u00edda a Mozart que descrevia o seu processo criativo. Nesta carta, o jornal dava a entender que Mozart, recebia a inspira\u00e7\u00e3o para as suas sinfonias de maneira completa e acabada, a carta dizia que Mozart simplesmente pensava em suas sinfonias e as escrevia sem retoques como vinha a sua mente.<\/p>\n<blockquote><p>Todo mundo gosta de pensar que a criatividade \u00e9 um dom, um privil\u00e9gio dos g\u00eanios, uma habilidade dada aos escolhidos<\/p><\/blockquote>\n<p>O jornal queria vender a ideia de que Mozart n\u00e3o precisa fazer e refazer o seu trabalho, a ideia da carta era que Mozart criava tudo finalizado e simplesmente apresentava as suas obras prontas logo depois, como se tivesse sido tomado por um lampejo criativo, quase que abduzido de alguma forma pelas suas ideias e pensamentos. O jornal queria refor\u00e7ar o mito do g\u00eanio criativo. A ideia era que Mozart terminava de imaginar as suas obras e logo em seguida criava a partitura final, sem retoques, sem erros, sem ajustes, sem caminhos equivocados, sem testar possibilidades.<\/p>\n<p>S\u00f3 havia um problema nesta carta publicada pelo jornal alem\u00e3o, Mozart nunca escreveu essa carta, ela \u00e9 falsa, usando a linguagem de hoje, era uma fake news. Isso ficou provado anos depois pelo bi\u00f3grafo de Mozart, Otto Jahn e vem sendo confirmado por v\u00e1rios estudiosos desde ent\u00e3o. As verdadeiras cartas de Mozart para o seu pai, sua irm\u00e3 e outras pessoas do seu c\u00edrculo \u00edntimo provam o contr\u00e1rio e mostram o verdadeiro processo criativo de Mozart. Ele era excepcionalmente talentoso, mas n\u00e3o produzia as suas composi\u00e7\u00f5es inteiras e acabadas como dizia a falsa carta.<\/p>\n<blockquote><p>Mozart era excepcionalmente talentoso, mas n\u00e3o produzia as suas composi\u00e7\u00f5es inteiras e acabadas como dizia a falsa carta<\/p><\/blockquote>\n<p>Mozart esbo\u00e7ava as suas composi\u00e7\u00f5es, mudava muitas partes de lugar, tentava v\u00e1rias alternativas, experimentava diversas passagens diferentes, ficava empacado em uma parte, deixava o trabalho parado durante semanas depois voltava a ele. Mozart avaliava o seu trabalho enquanto escrevia, apagava, pensava sobre o ritmo, a melodia e a harmonia. Ainda que todo o seu talento e a sua experi\u00eancia o tornar-se extremamente r\u00e1pido e fluente neste processo, apesar de tudo isso, Mozart seguia o mesmo processo criativo que qualquer um de n\u00f3s usa quando quer solucionar um problema.<\/p>\n<p>Mozart fazia experi\u00eancias criativas, ele tentava, errava e buscava op\u00e7\u00f5es at\u00e9 encontrar. Mozart n\u00e3o recebia as sinfonias prontas e acabadas, ele tinha que trabalhar, pensar, testar op\u00e7\u00f5es como qualquer pessoa faz quando est\u00e1 em tentando fazer uma ideia dar certo. As solu\u00e7\u00f5es mais elegantes e criativas n\u00e3o surgem em um lampejo, nem surgem em um raio de luz vindo da eternidade, as solu\u00e7\u00f5es criativas s\u00e3o fruto de trabalho, persist\u00eancia e resist\u00eancia.<\/p>\n<blockquote><p>As solu\u00e7\u00f5es mais elegantes e criativas n\u00e3o surgem em um lampejo, nem surgem em um raio de luz vindo da eternidade, as solu\u00e7\u00f5es criativas s\u00e3o fruto de trabalho, persist\u00eancia e resist\u00eancia<\/p><\/blockquote>\n<p>\u00c9 certo que o talento \u00e9 um componente central do processo criativo, mas ele n\u00e3o ocupa sozinho o lugar destaque, existem outros fatores que s\u00e3o t\u00e3o importantes quanto ele. O talento sem um esfor\u00e7o mental concentrado em determinada tarefa n\u00e3o se traduz em sinfonias eternas, em pinturas famosas ou em obras liter\u00e1rias, muitos menos em solu\u00e7\u00f5es criativas para os problemas da sua empresa. O processo para se criar um aplicativo de sucesso \u00e9 o mesmo empregado para se escrever uma sinfonia. Tentativa e erro, fazer, refazer, escrever, escrever de novo de outro jeito, experimentar as ideias, jogar com as op\u00e7\u00f5es.<\/p>\n<p>O g\u00eanio \u00e9 algu\u00e9m que trabalhou mais, algu\u00e9m que tentou mais op\u00e7\u00f5es, que experimentou mais, algu\u00e9m que persistiu o suficiente at\u00e9 encontrar a solu\u00e7\u00e3o, algu\u00e9m que resistiu a todas as cr\u00edticas, algu\u00e9m que resistiu ao des\u00e2nimo, algu\u00e9m que teimou at\u00e9 o fim, at\u00e9 encontrar aquilo que procurava. \u00c9 assim que nascem os g\u00eanios, os g\u00eanios n\u00e3o s\u00e3o fruto de gera\u00e7\u00e3o espont\u00e2nea, os g\u00eanios nascem do esfor\u00e7o, nascem das tentativas frustradas, nascem dos erros cometidos, nascem dos pequenos ajustes que acontecem ao longo do processo.<\/p>\n<blockquote><p>O g\u00eanio \u00e9 algu\u00e9m que trabalhou mais, algu\u00e9m que tentou mais op\u00e7\u00f5es, que experimentou mais, algu\u00e9m que persistiu o suficiente at\u00e9 encontrar a solu\u00e7\u00e3o<\/p><\/blockquote>\n<p>A hist\u00f3ria de Mozart nos estimula a rever o nosso conceito de genialidade, nos provoca\u00a0 a pensar sobre o quanto estamos nos esfor\u00e7ando para encontrar as solu\u00e7\u00f5es que tanto buscamos. Nos faz pensar se acreditamos o suficiente nas nossas ideias e nos nossos projetos. Nos faz rever os nossos conceitos sobre criatividade. Nos faz perguntar se estamos aptos para resistir \u00e0 press\u00e3o, ao fracasso, aos nossos erros, se estamos dispostos a vencer as nossas limita\u00e7\u00f5es, e a seguir em frente at\u00e9 conquistar aquilo que estamos buscando.<\/p>\n<p>Mozart \u00e9 um g\u00eanio n\u00e3o apenas pelo seu talento, Mozart \u00e9 considerado um g\u00eanio porque ele soube usar o seu talento da maneira correta, ele soube tirar o melhor proveito das suas compet\u00eancias e traduzi-las em uma carreira extremamente produtiva. Quando acreditamos que os g\u00eanios s\u00e3o especiais e diferentes dos outros seres humanos deixamos de acreditar que somos capazes de criar, deixamos de experimentar, deixamos de tentar coisas novas, deixamos que os nossos erros limitem as nossas a\u00e7\u00f5es.<\/p>\n<blockquote><p>Quando acreditamos que os g\u00eanios s\u00e3o especiais e diferentes dos outros seres humanos deixamos de acreditar que somos capazes de criar<\/p><\/blockquote>\n<p>Aprenda a usar os seus talentos com intelig\u00eancia, use a sua genialidade para construir um futuro diferente para voc\u00ea e para a sua empresa. Nunca aceite uma ideia sem questionar, nunca deixe de buscar a verdade dos fatos atrav\u00e9s da luz do conhecimento. N\u00e3o acredite que a criatividade \u00e9 apenas para os eleitos, para os escolhidos, nunca pense que ter boas ideias \u00e9 apenas para alguns, n\u00e3o acredite que o mundo \u00e9 dividido entre os g\u00eanios e os demais mortais. A criatividade \u00e9 uma caracter\u00edstica humana, que foi entregue a mim, a voc\u00ea e a qualquer pessoa que tenha coragem e disposi\u00e7\u00e3o suficientes para procur\u00e1-la at\u00e9 encontrar.<\/p>\n<p>&nbsp;<\/p>\n<p><img loading=\"lazy\" decoding=\"async\" class=\" wp-image-1451 alignleft\" src=\"http:\/\/radarexecutivo.com.br\/revista\/wp-content\/uploads\/2021\/09\/IMAGEM-2-300x300.jpg\" alt=\"\" width=\"133\" height=\"133\" srcset=\"https:\/\/radarexecutivo.com.br\/revista\/wp-content\/uploads\/2021\/09\/IMAGEM-2-300x300.jpg 300w, https:\/\/radarexecutivo.com.br\/revista\/wp-content\/uploads\/2021\/09\/IMAGEM-2-150x150.jpg 150w, https:\/\/radarexecutivo.com.br\/revista\/wp-content\/uploads\/2021\/09\/IMAGEM-2-130x130.jpg 130w, https:\/\/radarexecutivo.com.br\/revista\/wp-content\/uploads\/2021\/09\/IMAGEM-2.jpg 400w\" sizes=\"auto, (max-width: 133px) 100vw, 133px\" \/>Autor: Prof. Jorge Menezes \u00e9 palestrante, jornalista, escritor, colunista nas \u00e1reas de empreendedorismo e neg\u00f3cios. Apresentador do Canal Radar Executivo no YouTube e do Podcast Radar Executivo no Spotify. \u00c9 autor de v\u00e1rios best-sellers: <a href=\"https:\/\/amzn.to\/31AtOgI\">Aprenda a Negociar com os Tubar\u00f5es\u00ae (2013)<\/a>, <a href=\"https:\/\/amzn.to\/3GuogTz\">Transformando Networking em Neg\u00f3cios\u00ae (2015)<\/a> e <a href=\"https:\/\/amzn.to\/31Rfro0\">O C\u00f3digo Secreto da Venda\u00ae (2020<\/a>) todos publicados pela Editora Alta Books &#8211; Contato: (81) 9 9119-5002 Whatsapp<\/p>\n<p style=\"text-align: left;\">Visite o hot site do curso O C\u00f3digo Secreto da Venda no Hotmart :\u00a0<a href=\"http:\/\/www.ocodigosecretodavenda.com.br\">http:\/\/www.ocodigosecretodavenda.com.br<\/a><\/p>\n<p>&nbsp;<\/p>\n<p><iframe loading=\"lazy\" title=\"Spotify Embed: #012 MOZART E O MITO DA CRIATIVIDADE\" width=\"100%\" height=\"152\" frameborder=\"0\" allowfullscreen allow=\"autoplay; clipboard-write; encrypted-media; fullscreen; picture-in-picture\" src=\"https:\/\/open.spotify.com\/embed\/episode\/10hMtI7wPKwRy4lyrKsC82?si=42beaec9e52a4811&#038;utm_source=oembed\"><\/iframe><\/p>\n<p><iframe loading=\"lazy\" title=\"MOZART E O MITO DA CRIATIVIDADE\" width=\"1200\" height=\"675\" src=\"https:\/\/www.youtube.com\/embed\/RMvKxZpqsu4?feature=oembed\" frameborder=\"0\" allow=\"accelerometer; autoplay; clipboard-write; encrypted-media; gyroscope; picture-in-picture\" allowfullscreen><\/iframe><\/p>\n<p>&nbsp;<\/p>\n","protected":false},"excerpt":{"rendered":"<p>Wolfgang Amadeus Mozart nasceu no dia 27 de janeiro de 1756 na cidade de\u00a0 Salzburgo na \u00c1ustria. Salzburgo era uma cidade cosmopolita e disputava com Viena o lugar de cidade das artes, as ruas de Salzburgo eram repletas de caf\u00e9s e bares onde os escritores, m\u00fasicos, artistas e pensadores encontravam-se para trocar ideias, encher a cara, falar sobre pol\u00edtica, economia e sem d\u00favida sobre as suas conquistas amorosas. A influ\u00eancia do ambiente destas duas cidades, Viena e Salzburgo, foram determinantes para obra musical de Mozart. Mozart come\u00e7ou a compor aos seis anos de idade e nos deixou mais de seiscentas [&hellip;]<\/p>\n","protected":false},"author":1,"featured_media":114,"comment_status":"open","ping_status":"open","sticky":false,"template":"","format":"standard","meta":{"om_disable_all_campaigns":false,"footnotes":""},"categories":[7],"tags":[71,6,5,64,4],"class_list":["post-113","post","type-post","status-publish","format-standard","has-post-thumbnail","hentry","category-inovacao-em-foco","tag-carreira","tag-criatividade","tag-empreendedorismo","tag-estrategia","tag-inovacao"],"yoast_head":"<!-- This site is optimized with the Yoast SEO plugin v18.9 - https:\/\/yoast.com\/wordpress\/plugins\/seo\/ -->\n<title>P\u00e1gina Inicial<\/title>\n<meta name=\"description\" content=\"Lideran\u00e7a, gest\u00e3o, carreira, neg\u00f3cios, marketing, empreendedorismo, pol\u00edtica, economia, inova\u00e7\u00e3o. Voc\u00ea conectado no mundo empresarial.\" \/>\n<meta name=\"robots\" content=\"index, follow, max-snippet:-1, max-image-preview:large, max-video-preview:-1\" \/>\n<link rel=\"canonical\" href=\"https:\/\/radarexecutivo.com.br\/revista\/2021\/10\/05\/mozart-e-o-mito-da-criatividade\/\" \/>\n<meta property=\"og:locale\" content=\"pt_BR\" \/>\n<meta property=\"og:type\" content=\"article\" \/>\n<meta property=\"og:title\" content=\"P\u00e1gina Inicial\" \/>\n<meta property=\"og:description\" content=\"Lideran\u00e7a, gest\u00e3o, carreira, neg\u00f3cios, marketing, empreendedorismo, pol\u00edtica, economia, inova\u00e7\u00e3o. Voc\u00ea conectado no mundo empresarial.\" \/>\n<meta property=\"og:url\" content=\"https:\/\/radarexecutivo.com.br\/revista\/2021\/10\/05\/mozart-e-o-mito-da-criatividade\/\" \/>\n<meta property=\"og:site_name\" content=\"Revista Radar Executivo\" \/>\n<meta property=\"article:published_time\" content=\"2021-10-05T07:02:46+00:00\" \/>\n<meta property=\"article:modified_time\" content=\"2021-12-17T09:43:42+00:00\" \/>\n<meta property=\"og:image\" content=\"https:\/\/radarexecutivo.com.br\/revista\/wp-content\/uploads\/2021\/10\/MOZART-03.jpg\" \/>\n\t<meta property=\"og:image:width\" content=\"1280\" \/>\n\t<meta property=\"og:image:height\" content=\"720\" \/>\n\t<meta property=\"og:image:type\" content=\"image\/jpeg\" \/>\n<meta name=\"twitter:card\" content=\"summary_large_image\" \/>\n<meta name=\"twitter:label1\" content=\"Escrito por\" \/>\n\t<meta name=\"twitter:data1\" content=\"Revista Radar Executivo\" \/>\n\t<meta name=\"twitter:label2\" content=\"Est. tempo de leitura\" \/>\n\t<meta name=\"twitter:data2\" content=\"8 minutos\" \/>\n<script type=\"application\/ld+json\" class=\"yoast-schema-graph\">{\"@context\":\"https:\/\/schema.org\",\"@graph\":[{\"@type\":\"Organization\",\"@id\":\"https:\/\/radarexecutivo.com.br\/revista\/#organization\",\"name\":\"Revista Radar Executivo\",\"url\":\"https:\/\/radarexecutivo.com.br\/revista\/\",\"sameAs\":[],\"logo\":{\"@type\":\"ImageObject\",\"inLanguage\":\"pt-BR\",\"@id\":\"https:\/\/radarexecutivo.com.br\/revista\/#\/schema\/logo\/image\/\",\"url\":\"https:\/\/radarexecutivo.com.br\/revista\/wp-content\/uploads\/2022\/06\/LOGO-REVISTA-PORTUGUES-PRETO-2.png\",\"contentUrl\":\"https:\/\/radarexecutivo.com.br\/revista\/wp-content\/uploads\/2022\/06\/LOGO-REVISTA-PORTUGUES-PRETO-2.png\",\"width\":8084,\"height\":2580,\"caption\":\"Revista Radar Executivo\"},\"image\":{\"@id\":\"https:\/\/radarexecutivo.com.br\/revista\/#\/schema\/logo\/image\/\"}},{\"@type\":\"WebSite\",\"@id\":\"https:\/\/radarexecutivo.com.br\/revista\/#website\",\"url\":\"https:\/\/radarexecutivo.com.br\/revista\/\",\"name\":\"Revista Radar Executivo\",\"description\":\"Voc\u00ea conectado no mundo empresarial\",\"publisher\":{\"@id\":\"https:\/\/radarexecutivo.com.br\/revista\/#organization\"},\"potentialAction\":[{\"@type\":\"SearchAction\",\"target\":{\"@type\":\"EntryPoint\",\"urlTemplate\":\"https:\/\/radarexecutivo.com.br\/revista\/?s={search_term_string}\"},\"query-input\":\"required name=search_term_string\"}],\"inLanguage\":\"pt-BR\"},{\"@type\":\"ImageObject\",\"inLanguage\":\"pt-BR\",\"@id\":\"https:\/\/radarexecutivo.com.br\/revista\/2021\/10\/05\/mozart-e-o-mito-da-criatividade\/#primaryimage\",\"url\":\"https:\/\/radarexecutivo.com.br\/revista\/wp-content\/uploads\/2021\/10\/MOZART-03.jpg\",\"contentUrl\":\"https:\/\/radarexecutivo.com.br\/revista\/wp-content\/uploads\/2021\/10\/MOZART-03.jpg\",\"width\":1280,\"height\":720},{\"@type\":\"WebPage\",\"@id\":\"https:\/\/radarexecutivo.com.br\/revista\/2021\/10\/05\/mozart-e-o-mito-da-criatividade\/#webpage\",\"url\":\"https:\/\/radarexecutivo.com.br\/revista\/2021\/10\/05\/mozart-e-o-mito-da-criatividade\/\",\"name\":\"P\u00e1gina Inicial\",\"isPartOf\":{\"@id\":\"https:\/\/radarexecutivo.com.br\/revista\/#website\"},\"primaryImageOfPage\":{\"@id\":\"https:\/\/radarexecutivo.com.br\/revista\/2021\/10\/05\/mozart-e-o-mito-da-criatividade\/#primaryimage\"},\"datePublished\":\"2021-10-05T07:02:46+00:00\",\"dateModified\":\"2021-12-17T09:43:42+00:00\",\"description\":\"Lideran\u00e7a, gest\u00e3o, carreira, neg\u00f3cios, marketing, empreendedorismo, pol\u00edtica, economia, inova\u00e7\u00e3o. Voc\u00ea conectado no mundo empresarial.\",\"breadcrumb\":{\"@id\":\"https:\/\/radarexecutivo.com.br\/revista\/2021\/10\/05\/mozart-e-o-mito-da-criatividade\/#breadcrumb\"},\"inLanguage\":\"pt-BR\",\"potentialAction\":[{\"@type\":\"ReadAction\",\"target\":[\"https:\/\/radarexecutivo.com.br\/revista\/2021\/10\/05\/mozart-e-o-mito-da-criatividade\/\"]}]},{\"@type\":\"BreadcrumbList\",\"@id\":\"https:\/\/radarexecutivo.com.br\/revista\/2021\/10\/05\/mozart-e-o-mito-da-criatividade\/#breadcrumb\",\"itemListElement\":[{\"@type\":\"ListItem\",\"position\":1,\"name\":\"home\",\"item\":\"https:\/\/radarexecutivo.com.br\/revista\/\"},{\"@type\":\"ListItem\",\"position\":2,\"name\":\"carreira\",\"item\":\"https:\/\/radarexecutivo.com.br\/revista\/tag\/carreira\/\"},{\"@type\":\"ListItem\",\"position\":3,\"name\":\"MOZART E O MITO DA CRIATIVIDADE\"}]},{\"@type\":\"Article\",\"@id\":\"https:\/\/radarexecutivo.com.br\/revista\/2021\/10\/05\/mozart-e-o-mito-da-criatividade\/#article\",\"isPartOf\":{\"@id\":\"https:\/\/radarexecutivo.com.br\/revista\/2021\/10\/05\/mozart-e-o-mito-da-criatividade\/#webpage\"},\"author\":{\"@id\":\"https:\/\/radarexecutivo.com.br\/revista\/#\/schema\/person\/fa7d561ec3c1e5e8f9aee0a176cd0162\"},\"headline\":\"MOZART E O MITO DA CRIATIVIDADE\",\"datePublished\":\"2021-10-05T07:02:46+00:00\",\"dateModified\":\"2021-12-17T09:43:42+00:00\",\"mainEntityOfPage\":{\"@id\":\"https:\/\/radarexecutivo.com.br\/revista\/2021\/10\/05\/mozart-e-o-mito-da-criatividade\/#webpage\"},\"wordCount\":1536,\"commentCount\":0,\"publisher\":{\"@id\":\"https:\/\/radarexecutivo.com.br\/revista\/#organization\"},\"image\":{\"@id\":\"https:\/\/radarexecutivo.com.br\/revista\/2021\/10\/05\/mozart-e-o-mito-da-criatividade\/#primaryimage\"},\"thumbnailUrl\":\"https:\/\/radarexecutivo.com.br\/revista\/wp-content\/uploads\/2021\/10\/MOZART-03.jpg\",\"keywords\":[\"carreira\",\"criatividade\",\"empreendedorismo\",\"estrat\u00e9gia\",\"inova\u00e7\u00e3o\"],\"articleSection\":[\"INOVA\u00c7\u00c3O EM FOCO\"],\"inLanguage\":\"pt-BR\",\"potentialAction\":[{\"@type\":\"CommentAction\",\"name\":\"Comment\",\"target\":[\"https:\/\/radarexecutivo.com.br\/revista\/2021\/10\/05\/mozart-e-o-mito-da-criatividade\/#respond\"]}]},{\"@type\":\"Person\",\"@id\":\"https:\/\/radarexecutivo.com.br\/revista\/#\/schema\/person\/fa7d561ec3c1e5e8f9aee0a176cd0162\",\"name\":\"Revista Radar Executivo\",\"image\":{\"@type\":\"ImageObject\",\"inLanguage\":\"pt-BR\",\"@id\":\"https:\/\/radarexecutivo.com.br\/revista\/#\/schema\/person\/image\/\",\"url\":\"https:\/\/secure.gravatar.com\/avatar\/13c41cad95f86d1121ade5519feb60932dc6dc8287e4743bcec5ce91b8ef2196?s=96&d=mm&r=g\",\"contentUrl\":\"https:\/\/secure.gravatar.com\/avatar\/13c41cad95f86d1121ade5519feb60932dc6dc8287e4743bcec5ce91b8ef2196?s=96&d=mm&r=g\",\"caption\":\"Revista Radar Executivo\"},\"sameAs\":[\"http:\/\/radarexecutivo.com.br\/revista\"],\"url\":\"https:\/\/radarexecutivo.com.br\/revista\/author\/radarexecutivo\/\"}]}<\/script>\n<!-- \/ Yoast SEO plugin. -->","yoast_head_json":{"title":"P\u00e1gina Inicial","description":"Lideran\u00e7a, gest\u00e3o, carreira, neg\u00f3cios, marketing, empreendedorismo, pol\u00edtica, economia, inova\u00e7\u00e3o. Voc\u00ea conectado no mundo empresarial.","robots":{"index":"index","follow":"follow","max-snippet":"max-snippet:-1","max-image-preview":"max-image-preview:large","max-video-preview":"max-video-preview:-1"},"canonical":"https:\/\/radarexecutivo.com.br\/revista\/2021\/10\/05\/mozart-e-o-mito-da-criatividade\/","og_locale":"pt_BR","og_type":"article","og_title":"P\u00e1gina Inicial","og_description":"Lideran\u00e7a, gest\u00e3o, carreira, neg\u00f3cios, marketing, empreendedorismo, pol\u00edtica, economia, inova\u00e7\u00e3o. Voc\u00ea conectado no mundo empresarial.","og_url":"https:\/\/radarexecutivo.com.br\/revista\/2021\/10\/05\/mozart-e-o-mito-da-criatividade\/","og_site_name":"Revista Radar Executivo","article_published_time":"2021-10-05T07:02:46+00:00","article_modified_time":"2021-12-17T09:43:42+00:00","og_image":[{"width":1280,"height":720,"url":"https:\/\/radarexecutivo.com.br\/revista\/wp-content\/uploads\/2021\/10\/MOZART-03.jpg","type":"image\/jpeg"}],"twitter_card":"summary_large_image","twitter_misc":{"Escrito por":"Revista Radar Executivo","Est. tempo de leitura":"8 minutos"},"schema":{"@context":"https:\/\/schema.org","@graph":[{"@type":"Organization","@id":"https:\/\/radarexecutivo.com.br\/revista\/#organization","name":"Revista Radar Executivo","url":"https:\/\/radarexecutivo.com.br\/revista\/","sameAs":[],"logo":{"@type":"ImageObject","inLanguage":"pt-BR","@id":"https:\/\/radarexecutivo.com.br\/revista\/#\/schema\/logo\/image\/","url":"https:\/\/radarexecutivo.com.br\/revista\/wp-content\/uploads\/2022\/06\/LOGO-REVISTA-PORTUGUES-PRETO-2.png","contentUrl":"https:\/\/radarexecutivo.com.br\/revista\/wp-content\/uploads\/2022\/06\/LOGO-REVISTA-PORTUGUES-PRETO-2.png","width":8084,"height":2580,"caption":"Revista Radar Executivo"},"image":{"@id":"https:\/\/radarexecutivo.com.br\/revista\/#\/schema\/logo\/image\/"}},{"@type":"WebSite","@id":"https:\/\/radarexecutivo.com.br\/revista\/#website","url":"https:\/\/radarexecutivo.com.br\/revista\/","name":"Revista Radar Executivo","description":"Voc\u00ea conectado no mundo empresarial","publisher":{"@id":"https:\/\/radarexecutivo.com.br\/revista\/#organization"},"potentialAction":[{"@type":"SearchAction","target":{"@type":"EntryPoint","urlTemplate":"https:\/\/radarexecutivo.com.br\/revista\/?s={search_term_string}"},"query-input":"required name=search_term_string"}],"inLanguage":"pt-BR"},{"@type":"ImageObject","inLanguage":"pt-BR","@id":"https:\/\/radarexecutivo.com.br\/revista\/2021\/10\/05\/mozart-e-o-mito-da-criatividade\/#primaryimage","url":"https:\/\/radarexecutivo.com.br\/revista\/wp-content\/uploads\/2021\/10\/MOZART-03.jpg","contentUrl":"https:\/\/radarexecutivo.com.br\/revista\/wp-content\/uploads\/2021\/10\/MOZART-03.jpg","width":1280,"height":720},{"@type":"WebPage","@id":"https:\/\/radarexecutivo.com.br\/revista\/2021\/10\/05\/mozart-e-o-mito-da-criatividade\/#webpage","url":"https:\/\/radarexecutivo.com.br\/revista\/2021\/10\/05\/mozart-e-o-mito-da-criatividade\/","name":"P\u00e1gina Inicial","isPartOf":{"@id":"https:\/\/radarexecutivo.com.br\/revista\/#website"},"primaryImageOfPage":{"@id":"https:\/\/radarexecutivo.com.br\/revista\/2021\/10\/05\/mozart-e-o-mito-da-criatividade\/#primaryimage"},"datePublished":"2021-10-05T07:02:46+00:00","dateModified":"2021-12-17T09:43:42+00:00","description":"Lideran\u00e7a, gest\u00e3o, carreira, neg\u00f3cios, marketing, empreendedorismo, pol\u00edtica, economia, inova\u00e7\u00e3o. Voc\u00ea conectado no mundo empresarial.","breadcrumb":{"@id":"https:\/\/radarexecutivo.com.br\/revista\/2021\/10\/05\/mozart-e-o-mito-da-criatividade\/#breadcrumb"},"inLanguage":"pt-BR","potentialAction":[{"@type":"ReadAction","target":["https:\/\/radarexecutivo.com.br\/revista\/2021\/10\/05\/mozart-e-o-mito-da-criatividade\/"]}]},{"@type":"BreadcrumbList","@id":"https:\/\/radarexecutivo.com.br\/revista\/2021\/10\/05\/mozart-e-o-mito-da-criatividade\/#breadcrumb","itemListElement":[{"@type":"ListItem","position":1,"name":"home","item":"https:\/\/radarexecutivo.com.br\/revista\/"},{"@type":"ListItem","position":2,"name":"carreira","item":"https:\/\/radarexecutivo.com.br\/revista\/tag\/carreira\/"},{"@type":"ListItem","position":3,"name":"MOZART E O MITO DA CRIATIVIDADE"}]},{"@type":"Article","@id":"https:\/\/radarexecutivo.com.br\/revista\/2021\/10\/05\/mozart-e-o-mito-da-criatividade\/#article","isPartOf":{"@id":"https:\/\/radarexecutivo.com.br\/revista\/2021\/10\/05\/mozart-e-o-mito-da-criatividade\/#webpage"},"author":{"@id":"https:\/\/radarexecutivo.com.br\/revista\/#\/schema\/person\/fa7d561ec3c1e5e8f9aee0a176cd0162"},"headline":"MOZART E O MITO DA CRIATIVIDADE","datePublished":"2021-10-05T07:02:46+00:00","dateModified":"2021-12-17T09:43:42+00:00","mainEntityOfPage":{"@id":"https:\/\/radarexecutivo.com.br\/revista\/2021\/10\/05\/mozart-e-o-mito-da-criatividade\/#webpage"},"wordCount":1536,"commentCount":0,"publisher":{"@id":"https:\/\/radarexecutivo.com.br\/revista\/#organization"},"image":{"@id":"https:\/\/radarexecutivo.com.br\/revista\/2021\/10\/05\/mozart-e-o-mito-da-criatividade\/#primaryimage"},"thumbnailUrl":"https:\/\/radarexecutivo.com.br\/revista\/wp-content\/uploads\/2021\/10\/MOZART-03.jpg","keywords":["carreira","criatividade","empreendedorismo","estrat\u00e9gia","inova\u00e7\u00e3o"],"articleSection":["INOVA\u00c7\u00c3O EM FOCO"],"inLanguage":"pt-BR","potentialAction":[{"@type":"CommentAction","name":"Comment","target":["https:\/\/radarexecutivo.com.br\/revista\/2021\/10\/05\/mozart-e-o-mito-da-criatividade\/#respond"]}]},{"@type":"Person","@id":"https:\/\/radarexecutivo.com.br\/revista\/#\/schema\/person\/fa7d561ec3c1e5e8f9aee0a176cd0162","name":"Revista Radar Executivo","image":{"@type":"ImageObject","inLanguage":"pt-BR","@id":"https:\/\/radarexecutivo.com.br\/revista\/#\/schema\/person\/image\/","url":"https:\/\/secure.gravatar.com\/avatar\/13c41cad95f86d1121ade5519feb60932dc6dc8287e4743bcec5ce91b8ef2196?s=96&d=mm&r=g","contentUrl":"https:\/\/secure.gravatar.com\/avatar\/13c41cad95f86d1121ade5519feb60932dc6dc8287e4743bcec5ce91b8ef2196?s=96&d=mm&r=g","caption":"Revista Radar Executivo"},"sameAs":["http:\/\/radarexecutivo.com.br\/revista"],"url":"https:\/\/radarexecutivo.com.br\/revista\/author\/radarexecutivo\/"}]}},"_links":{"self":[{"href":"https:\/\/radarexecutivo.com.br\/revista\/wp-json\/wp\/v2\/posts\/113","targetHints":{"allow":["GET"]}}],"collection":[{"href":"https:\/\/radarexecutivo.com.br\/revista\/wp-json\/wp\/v2\/posts"}],"about":[{"href":"https:\/\/radarexecutivo.com.br\/revista\/wp-json\/wp\/v2\/types\/post"}],"author":[{"embeddable":true,"href":"https:\/\/radarexecutivo.com.br\/revista\/wp-json\/wp\/v2\/users\/1"}],"replies":[{"embeddable":true,"href":"https:\/\/radarexecutivo.com.br\/revista\/wp-json\/wp\/v2\/comments?post=113"}],"version-history":[{"count":7,"href":"https:\/\/radarexecutivo.com.br\/revista\/wp-json\/wp\/v2\/posts\/113\/revisions"}],"predecessor-version":[{"id":1472,"href":"https:\/\/radarexecutivo.com.br\/revista\/wp-json\/wp\/v2\/posts\/113\/revisions\/1472"}],"wp:featuredmedia":[{"embeddable":true,"href":"https:\/\/radarexecutivo.com.br\/revista\/wp-json\/wp\/v2\/media\/114"}],"wp:attachment":[{"href":"https:\/\/radarexecutivo.com.br\/revista\/wp-json\/wp\/v2\/media?parent=113"}],"wp:term":[{"taxonomy":"category","embeddable":true,"href":"https:\/\/radarexecutivo.com.br\/revista\/wp-json\/wp\/v2\/categories?post=113"},{"taxonomy":"post_tag","embeddable":true,"href":"https:\/\/radarexecutivo.com.br\/revista\/wp-json\/wp\/v2\/tags?post=113"}],"curies":[{"name":"wp","href":"https:\/\/api.w.org\/{rel}","templated":true}]}}