{"id":124,"date":"2021-10-05T04:45:08","date_gmt":"2021-10-05T07:45:08","guid":{"rendered":"http:\/\/radarexecutivo.com.br\/revista\/?p=124"},"modified":"2021-12-17T06:46:46","modified_gmt":"2021-12-17T09:46:46","slug":"a-mentira-do-salto-criativo","status":"publish","type":"post","link":"https:\/\/radarexecutivo.com.br\/revista\/2021\/10\/05\/a-mentira-do-salto-criativo\/","title":{"rendered":"A MENTIRA DO SALTO CRIATIVO"},"content":{"rendered":"<p>S\u00e3o os passos e n\u00e3o os saltos que t\u00eam conduzido a evolu\u00e7\u00e3o da ra\u00e7a humana nestes \u00faltimos 50.000 mil anos. Pode parecer para um olhar mais desatento, que a inova\u00e7\u00e3o acontece em saltos criativos, mas isso n\u00e3o \u00e9 verdade, as inova\u00e7\u00f5es acontecem atrav\u00e9s de pequenos passos, que foram poss\u00edveis atrav\u00e9s da soma de diversas descobertas tecnol\u00f3gicas e cientificas anteriores aparentemente desconexas. Isso \u00e9 poss\u00edvel porque o GENE do explorador, do pesquisador, do desbravador est\u00e1 gravado no DNA que cada ser humano carrega dentro de si. Somos uma esp\u00e9cie inquieta, uma esp\u00e9cie que n\u00e3o aceitou os limites f\u00edsicos que a natureza lhe imp\u00f4s.<\/p>\n<p>Na corrida pela evolu\u00e7\u00e3o da esp\u00e9cie o Homo Sapiens superou diversas outras esp\u00e9cies humanas anteriores e as levou a extin\u00e7\u00e3o, isso aconteceu com os Neandertais e com outros ramos da esp\u00e9cie humana menos conhecidos. Esses nossos irm\u00e3os mais primitivos ficaram pelo meio caminho, n\u00e3o porque eram mais fracos ou menos resistentes, eles perderam a corrida da evolu\u00e7\u00e3o porque n\u00e3o eram t\u00e3o inquietos, curiosos e questionadores como os Homo Sapiens, na verdade, eles eram fisicamente mais fortes e mais preparados para enfrentar o ambiente hostil onde a corrida da sobreviv\u00eancia e da reprodu\u00e7\u00e3o da esp\u00e9cie acontecia.<\/p>\n<blockquote><p>O gene do explorador, do pesquisador, do desbravador est\u00e1 gravado no DNA que cada ser humano carrega dentro de si. Somos uma esp\u00e9cie inquieta, uma esp\u00e9cie que n\u00e3o aceitou os limites f\u00edsicos que a natureza lhe imp\u00f4s<\/p><\/blockquote>\n<p>Mas por que ent\u00e3o n\u00f3s, os Homo Sapiens,\u00a0 seguimos em frente como esp\u00e9cie e dominamos o planeta, enquanto esses nossos outros ancestrais primitivos foram extintos ? A resposta \u00e9 uma s\u00f3, somos uma esp\u00e9cie mais curiosa, os Homo Sapiens n\u00e3o aceitam o ambiente como ele \u00e9, os Homo Sapiens pensam de maneira diferente de todas as outras esp\u00e9cies humanas que os precederam. N\u00f3s modificamos o ambiente para que ele se torne mais amig\u00e1vel e com isso ampliamos as nossas chances de sobreviver e prosperar. \u00c9 isso que a nossa esp\u00e9cie faz, ela transforma o ambiente a sua volta para que a nossa sobreviv\u00eancia seja poss\u00edvel.<\/p>\n<p>A mente dos Homo Sapiens recebeu um up grade gen\u00e9tico que os capacitou a questionar, explorar, transformar e adaptar o ambiente a sua volta para que ele se torne mais amig\u00e1vel para a sua sobreviv\u00eancia. Eu concordo que olhando os notici\u00e1rios e vendo as redes sociais hoje em dia, as vezes nos parece que foram os Neandertais que sobreviveram e n\u00e3o os Homo Sapiens. Pois as mesmas qualidades mentais que nos fizeram sobreviver e prosperar durante milhares de anos de evolu\u00e7\u00e3o, quando mal utilizadas, podem nos fazer destruir o planeta e acabar com a nossa esp\u00e9cie.<\/p>\n<blockquote><p>A mente dos Homo Sapiens recebeu um up grade gen\u00e9tico que os capacitou a questionar, explorar, transformar e adaptar o ambiente a sua volta para que ele se torne mais amig\u00e1vel para a sua sobreviv\u00eancia<\/p><\/blockquote>\n<p>A capacidade de modificar de maneira constante o nosso ambiente, e a nossa insatisfa\u00e7\u00e3o diante dos problemas que enfrentamos, foi o que nos trouxe at\u00e9 aqui. Esse foi o gatilho mental que transformou tudo, foi essa caracter\u00edstica do nosso mindset ancestral que nos levou a questionar e a buscar solu\u00e7\u00f5es mais inteligentes para os desafios que a nossa esp\u00e9cie enfrentou durante todos esses milhares de anos de evolu\u00e7\u00e3o. Foi por conta dessa nossa caracter\u00edstica que superamos todas outras esp\u00e9cies humanas rivais, e em pouco tempo, falando em termos evolutivos, o Homo Sapiens exterminou todos os seus concorrentes.<\/p>\n<p>O Homo Sapiens se tornou um sucesso em termos evolutivos, porque\u00a0 apesar de ser anatomicamente semelhante as outras esp\u00e9cies humanas, ele tinha a capacidade de fazer descobertas e de criar tecnologias e ferramentas cada vez melhores e mais avan\u00e7adas para resolver os seus problemas, diante das dificuldades, n\u00f3s n\u00e3o desistimos, n\u00f3s continuamos a buscar respostas para os desafios que enfrentamos. O que torna a nossa esp\u00e9cie diferente, \u00e9 a nossa capacidade de criar coisas novas, \u00e9 isso que nos diferencia de todas as outras esp\u00e9cies anteriores, n\u00f3s escolhemos inovar quando estamos diante de um problema aparentemente sem solu\u00e7\u00e3o.<\/p>\n<blockquote><p>O que torna a nossa esp\u00e9cie diferente, \u00e9 a nossa capacidade de criar coisas novas, \u00e9 isso que nos diferencia de todas as outras esp\u00e9cies anteriores<\/p><\/blockquote>\n<p>N\u00f3s n\u00e3o desistimos, n\u00f3s continuamos buscando uma ideia, um caminho, uma possibilidade at\u00e9 encontrar a resposta que ir\u00e1 resolver o nosso problema. O que nos diferencia como esp\u00e9cie, n\u00e3o \u00e9 o tamanho do nosso c\u00e9rebro, n\u00e3o \u00e9 a fala ou fato de utilizarmos ferramentas, o que nos torna diferentes como esp\u00e9cie \u00e9 a nossa capacidade de interagir para criar vers\u00f5es mais atualizadas do mundo que nos cerca. N\u00f3s seres humanos, decidimos ocupar o nicho evolucion\u00e1rio da inova\u00e7\u00e3o.<\/p>\n<p>N\u00f3s somos curiosos, n\u00f3s n\u00e3o aceitamos as coisas como elas s\u00e3o, nossa voca\u00e7\u00e3o \u00e9 para modificar o nosso ambiente, tanto para o bem quanto para o mal. A curiosidade e a insatisfa\u00e7\u00e3o fazem parte da natureza humana, n\u00f3s simplesmente n\u00e3o resistimos a um bom desafio, encontrar solu\u00e7\u00f5es para os problemas \u00e9 algo que nos estimula e nos motiva a seguir em frente. Somos movidos por essa for\u00e7a, \u00e9 ela que nos faz questionar as nossas a\u00e7\u00f5es, os nossos comportamentos, a nossa postura e as nossas atitudes. Somos fruto da nossa curiosidade e da nossa insatisfa\u00e7\u00e3o. E o mais importante de tudo, essas caracter\u00edsticas est\u00e3o presente em cada um de n\u00f3s, sem exce\u00e7\u00f5es.<\/p>\n<p>Todo ser humano \u00e9 naturalmente curioso e em certa medida insatisfeito, \u00e9 por isso, que podemos dizer com seguran\u00e7a, que todas as grandes descobertas da humanidade nasceram destas duas caracter\u00edsticas que est\u00e3o presentes em nosso DNA. \u00a0Imagine oito bilh\u00f5es de indiv\u00edduos da mesma esp\u00e9cie, pensando, criando, tentando resolver os seus problemas, enfrentando os seus desafios e tentando sobreviver. Esse \u00e9 o tamanho do potencial criativo que temos dispon\u00edvel como sociedade. Oito bilh\u00f5es de pessoas, cada uma agindo e interagindo de maneiras diferentes diante de suas realidades para modificar o ambiente a sua volta e sobreviver.<\/p>\n<blockquote><p>O que nos torna diferentes como esp\u00e9cie \u00e9 a nossa capacidade de interagir para criar vers\u00f5es mais atualizadas do mundo que nos cerca. N\u00f3s seres humanos, decidimos ocupar o nicho evolucion\u00e1rio da inova\u00e7\u00e3o<\/p><\/blockquote>\n<p>As mudan\u00e7as n\u00e3o acontecem em saltos, a tecnologia n\u00e3o evolui em saltos, nossas ideias n\u00e3o nascem de saltos criativos, o processo de inova\u00e7\u00e3o dos seres humanos \u00e9 acumulativo, n\u00f3s acumulamos conhecimento e depois usamos o conhecimento acumulado para recombinar aquilo que n\u00f3s j\u00e1 conhecemos para criar coisas novas.\u00a0 A humanidade est\u00e1 o tempo todo criando, descobrindo e inventando alguma coisa, e \u00e9 o ac\u00famulo deste conhecimento, que surge sem conex\u00e3o aparente, que est\u00e1 na origem de todas as\u00a0 inova\u00e7\u00f5es que experimentamos at\u00e9 hoje.<\/p>\n<p>A maioria dos produtos inovadores que nos encantam foram fruto de inova\u00e7\u00f5es incrementais que aconteceram ao longo de anos, d\u00e9cadas ou at\u00e9 centenas de anos. A maioria destes produtos fez uso de tecnologias e descobertas anteriores que foram sendo somadas at\u00e9 que um dia algu\u00e9m extremamente observador encontrou uma forma vi\u00e1vel de reuni-las, reconfigur\u00e1-las e conect\u00e1-las de maneira funcional e eficiente. Os saltos criativos s\u00e3o ilus\u00f5es, a inova\u00e7\u00e3o caminha a pequenos passos que acontecem todos os dias em lugares diversos e em diferentes dom\u00ednios do conhecimento. Quando olhamos para um produto como o Ipod, o Iphone, as TV\u00b4s de tela plana, os autom\u00f3veis, os avi\u00f5es e a internet a nossa vis\u00e3o enxerga apenas a ideia acaba.<\/p>\n<p>N\u00f3s n\u00e3o conseguimos identificar cada uma das tecnologias que foram incorporadas naquele produto apenas olhando para ele, cada produto que pegamos nas m\u00e3os n\u00e3o \u00e9 fruto de um salto criativo \u00fanico, n\u00e3o \u00e9 fruto de um momento de descoberta. Os produtos inovadores que vemos nas lojas s\u00e3o fruto da soma de v\u00e1rias tecnologias e ideias anteriores que foram sendo acumuladas ao longo de anos de pesquisa e desenvolvimento, por pessoas diferentes, em locais diferentes, em \u00e9pocas diferentes e com objetivos diferentes, cada uma tentando encontrar caminhos que possam dar respostas a nossa insaci\u00e1vel curiosidade para transformar a nossa realidade.<\/p>\n<blockquote><p>As mudan\u00e7as n\u00e3o acontecem em saltos, a tecnologia n\u00e3o evolui em saltos, nossas ideias n\u00e3o nascem de saltos criativos, o processo de inova\u00e7\u00e3o dos seres humanos \u00e9 acumulativo<\/p><\/blockquote>\n<p>A inova\u00e7\u00e3o \u00e9 incremental, olhamos para o passado para poder remodelar o nosso futuro. \u00c9 a recombina\u00e7\u00e3o criativa, que acontece em escala global, que nos faz avan\u00e7ar. S\u00e3o as pequenas descobertas aparentemente sem conex\u00e3o, que acontecem de maneira aleat\u00f3ria em v\u00e1rios pontos do planeta que criam as bases para a inova\u00e7\u00e3o a longo prazo. Algumas destas descobertas levam a mudan\u00e7as disruptivas que quebram os padr\u00f5es estabelecidos de maneira irrevers\u00edvel, outras geram mudan\u00e7as incrementais que v\u00e3o s\u00e3o sendo somadas e incorporadas ao nosso dia-a-dia sem a que a gente nem perceba.<\/p>\n<p>Portanto, pare de acreditar no mito do salto criativo, a criatividade n\u00e3o acontece em saltos, as pessoas que consideramos inovadoras e criativas s\u00e3o simplesmente pessoas que experimentaram mais, observaram mais, perguntaram mais e tiveram a capacidade de encontrar padr\u00f5es em diferentes descobertas anteriores que poderiam ser conectados e recombinados para dar as respostas que eles estavam procurando.<\/p>\n<p>A inova\u00e7\u00e3o n\u00e3o acontece em saltos, ela acontece atrav\u00e9s de pequenos avan\u00e7os em diferentes pontos do planeta, em diferentes \u00e9pocas e em diferentes dom\u00ednios do conhecimento, portanto, para de tentar dar saltos, dar saltos \u00e9 para os cangurus, a nossa esp\u00e9cie evoluiu de outra forma, n\u00f3s avan\u00e7amos, evolu\u00edmos e crescemos atrav\u00e9s da soma persistente e constante dos pequenos passos que cada um de n\u00f3s d\u00e1 de maneira individual a cada dia.<\/p>\n<blockquote><p>A inova\u00e7\u00e3o n\u00e3o acontece em saltos, ela acontece atrav\u00e9s de pequenos avan\u00e7os em diferentes pontos do planeta, em diferentes \u00e9pocas e em diferentes dom\u00ednios do conhecimento<\/p><\/blockquote>\n<p>&nbsp;<\/p>\n<p><img loading=\"lazy\" decoding=\"async\" class=\" wp-image-1451 alignleft\" src=\"http:\/\/radarexecutivo.com.br\/revista\/wp-content\/uploads\/2021\/09\/IMAGEM-2-300x300.jpg\" alt=\"\" width=\"133\" height=\"133\" srcset=\"https:\/\/radarexecutivo.com.br\/revista\/wp-content\/uploads\/2021\/09\/IMAGEM-2-300x300.jpg 300w, https:\/\/radarexecutivo.com.br\/revista\/wp-content\/uploads\/2021\/09\/IMAGEM-2-150x150.jpg 150w, https:\/\/radarexecutivo.com.br\/revista\/wp-content\/uploads\/2021\/09\/IMAGEM-2-130x130.jpg 130w, https:\/\/radarexecutivo.com.br\/revista\/wp-content\/uploads\/2021\/09\/IMAGEM-2.jpg 400w\" sizes=\"auto, (max-width: 133px) 100vw, 133px\" \/>Autor: Prof. Jorge Menezes \u00e9 palestrante, jornalista, escritor, colunista nas \u00e1reas de empreendedorismo e neg\u00f3cios. Apresentador do Canal Radar Executivo no YouTube e do Podcast Radar Executivo no Spotify. \u00c9 autor de v\u00e1rios best-sellers: <a href=\"https:\/\/amzn.to\/31AtOgI\">Aprenda a Negociar com os Tubar\u00f5es\u00ae (2013)<\/a>, <a href=\"https:\/\/amzn.to\/3GuogTz\">Transformando Networking em Neg\u00f3cios\u00ae (2015)<\/a> e <a href=\"https:\/\/amzn.to\/31Rfro0\">O C\u00f3digo Secreto da Venda\u00ae (2020<\/a>) todos publicados pela Editora Alta Books &#8211; Contato: (81) 9 9119-5002 Whatsapp<\/p>\n<p style=\"text-align: left;\">Visite o hot site do curso O C\u00f3digo Secreto da Venda no Hotmart :\u00a0<a href=\"http:\/\/www.ocodigosecretodavenda.com.br\">http:\/\/www.ocodigosecretodavenda.com.br<\/a><\/p>\n<p>&nbsp;<\/p>\n<p><iframe loading=\"lazy\" title=\"Spotify Embed: #014 A MENTIRA DO SALTO CRIATIVO\" width=\"100%\" height=\"152\" frameborder=\"0\" allowfullscreen allow=\"autoplay; clipboard-write; encrypted-media; fullscreen; picture-in-picture\" src=\"https:\/\/open.spotify.com\/embed\/episode\/4bGi3OI8W4S94QStbMtyMh?si=9bc17e71c3b6441d&#038;utm_source=oembed\"><\/iframe><\/p>\n<p><iframe loading=\"lazy\" title=\"A MENTIRA DO SALTO CRIATIVO\" width=\"1200\" height=\"675\" src=\"https:\/\/www.youtube.com\/embed\/EFvMn7yq7SQ?feature=oembed\" frameborder=\"0\" allow=\"accelerometer; autoplay; clipboard-write; encrypted-media; gyroscope; picture-in-picture\" allowfullscreen><\/iframe><\/p>\n<p>&nbsp;<\/p>\n","protected":false},"excerpt":{"rendered":"<p>S\u00e3o os passos e n\u00e3o os saltos que t\u00eam conduzido a evolu\u00e7\u00e3o da ra\u00e7a humana nestes \u00faltimos 50.000 mil anos. Pode parecer para um olhar mais desatento, que a inova\u00e7\u00e3o acontece em saltos criativos, mas isso n\u00e3o \u00e9 verdade, as inova\u00e7\u00f5es acontecem atrav\u00e9s de pequenos passos, que foram poss\u00edveis atrav\u00e9s da soma de diversas descobertas tecnol\u00f3gicas e cientificas anteriores aparentemente desconexas. Isso \u00e9 poss\u00edvel porque o GENE do explorador, do pesquisador, do desbravador est\u00e1 gravado no DNA que cada ser humano carrega dentro de si. Somos uma esp\u00e9cie inquieta, uma esp\u00e9cie que n\u00e3o aceitou os limites f\u00edsicos que a natureza [&hellip;]<\/p>\n","protected":false},"author":1,"featured_media":125,"comment_status":"open","ping_status":"open","sticky":false,"template":"","format":"standard","meta":{"om_disable_all_campaigns":false,"footnotes":""},"categories":[7],"tags":[6,99,5,4,77],"class_list":["post-124","post","type-post","status-publish","format-standard","has-post-thumbnail","hentry","category-inovacao-em-foco","tag-criatividade","tag-design-thinking","tag-empreendedorismo","tag-inovacao","tag-negocios"],"yoast_head":"<!-- This site is optimized with the Yoast SEO plugin v18.9 - https:\/\/yoast.com\/wordpress\/plugins\/seo\/ -->\n<title>P\u00e1gina Inicial<\/title>\n<meta name=\"description\" content=\"Lideran\u00e7a, gest\u00e3o, carreira, neg\u00f3cios, marketing, empreendedorismo, pol\u00edtica, economia, inova\u00e7\u00e3o. Voc\u00ea conectado no mundo empresarial.\" \/>\n<meta name=\"robots\" content=\"index, follow, max-snippet:-1, max-image-preview:large, max-video-preview:-1\" \/>\n<link rel=\"canonical\" href=\"https:\/\/radarexecutivo.com.br\/revista\/2021\/10\/05\/a-mentira-do-salto-criativo\/\" \/>\n<meta property=\"og:locale\" content=\"pt_BR\" \/>\n<meta property=\"og:type\" content=\"article\" \/>\n<meta property=\"og:title\" content=\"P\u00e1gina Inicial\" \/>\n<meta property=\"og:description\" content=\"Lideran\u00e7a, gest\u00e3o, carreira, neg\u00f3cios, marketing, empreendedorismo, pol\u00edtica, economia, inova\u00e7\u00e3o. Voc\u00ea conectado no mundo empresarial.\" \/>\n<meta property=\"og:url\" content=\"https:\/\/radarexecutivo.com.br\/revista\/2021\/10\/05\/a-mentira-do-salto-criativo\/\" \/>\n<meta property=\"og:site_name\" content=\"Revista Radar Executivo\" \/>\n<meta property=\"article:published_time\" content=\"2021-10-05T07:45:08+00:00\" \/>\n<meta property=\"article:modified_time\" content=\"2021-12-17T09:46:46+00:00\" \/>\n<meta property=\"og:image\" content=\"https:\/\/radarexecutivo.com.br\/revista\/wp-content\/uploads\/2021\/10\/51170_120731-scaled.jpg\" \/>\n\t<meta property=\"og:image:width\" content=\"2560\" \/>\n\t<meta property=\"og:image:height\" content=\"1707\" \/>\n\t<meta property=\"og:image:type\" content=\"image\/jpeg\" \/>\n<meta name=\"twitter:card\" content=\"summary_large_image\" \/>\n<meta name=\"twitter:label1\" content=\"Escrito por\" \/>\n\t<meta name=\"twitter:data1\" content=\"Revista Radar Executivo\" \/>\n\t<meta name=\"twitter:label2\" content=\"Est. tempo de leitura\" \/>\n\t<meta name=\"twitter:data2\" content=\"9 minutos\" \/>\n<script type=\"application\/ld+json\" class=\"yoast-schema-graph\">{\"@context\":\"https:\/\/schema.org\",\"@graph\":[{\"@type\":\"Organization\",\"@id\":\"https:\/\/radarexecutivo.com.br\/revista\/#organization\",\"name\":\"Revista Radar Executivo\",\"url\":\"https:\/\/radarexecutivo.com.br\/revista\/\",\"sameAs\":[],\"logo\":{\"@type\":\"ImageObject\",\"inLanguage\":\"pt-BR\",\"@id\":\"https:\/\/radarexecutivo.com.br\/revista\/#\/schema\/logo\/image\/\",\"url\":\"https:\/\/radarexecutivo.com.br\/revista\/wp-content\/uploads\/2022\/06\/LOGO-REVISTA-PORTUGUES-PRETO-2.png\",\"contentUrl\":\"https:\/\/radarexecutivo.com.br\/revista\/wp-content\/uploads\/2022\/06\/LOGO-REVISTA-PORTUGUES-PRETO-2.png\",\"width\":8084,\"height\":2580,\"caption\":\"Revista Radar Executivo\"},\"image\":{\"@id\":\"https:\/\/radarexecutivo.com.br\/revista\/#\/schema\/logo\/image\/\"}},{\"@type\":\"WebSite\",\"@id\":\"https:\/\/radarexecutivo.com.br\/revista\/#website\",\"url\":\"https:\/\/radarexecutivo.com.br\/revista\/\",\"name\":\"Revista Radar Executivo\",\"description\":\"Voc\u00ea conectado no mundo empresarial\",\"publisher\":{\"@id\":\"https:\/\/radarexecutivo.com.br\/revista\/#organization\"},\"potentialAction\":[{\"@type\":\"SearchAction\",\"target\":{\"@type\":\"EntryPoint\",\"urlTemplate\":\"https:\/\/radarexecutivo.com.br\/revista\/?s={search_term_string}\"},\"query-input\":\"required name=search_term_string\"}],\"inLanguage\":\"pt-BR\"},{\"@type\":\"ImageObject\",\"inLanguage\":\"pt-BR\",\"@id\":\"https:\/\/radarexecutivo.com.br\/revista\/2021\/10\/05\/a-mentira-do-salto-criativo\/#primaryimage\",\"url\":\"https:\/\/radarexecutivo.com.br\/revista\/wp-content\/uploads\/2021\/10\/51170_120731-scaled.jpg\",\"contentUrl\":\"https:\/\/radarexecutivo.com.br\/revista\/wp-content\/uploads\/2021\/10\/51170_120731-scaled.jpg\",\"width\":2560,\"height\":1707,\"caption\":\"Grande Pr\u00eamio Brasil Caixa Par\u00e1 de Atletismo neste domingo (10) no Est\u00e1dio Ol\u00edmpico do Par\u00e1, o Mangueir\u00e3o. Na foto: F\u00e1bio Gomes da Silva prova Salto com vara. FOTO: CARLOS SODR\u00c9-AG.PAR\u00c1 DATA: 10-08-2014 BEL\u00c9M-PAR\u00c1\"},{\"@type\":\"WebPage\",\"@id\":\"https:\/\/radarexecutivo.com.br\/revista\/2021\/10\/05\/a-mentira-do-salto-criativo\/#webpage\",\"url\":\"https:\/\/radarexecutivo.com.br\/revista\/2021\/10\/05\/a-mentira-do-salto-criativo\/\",\"name\":\"P\u00e1gina Inicial\",\"isPartOf\":{\"@id\":\"https:\/\/radarexecutivo.com.br\/revista\/#website\"},\"primaryImageOfPage\":{\"@id\":\"https:\/\/radarexecutivo.com.br\/revista\/2021\/10\/05\/a-mentira-do-salto-criativo\/#primaryimage\"},\"datePublished\":\"2021-10-05T07:45:08+00:00\",\"dateModified\":\"2021-12-17T09:46:46+00:00\",\"description\":\"Lideran\u00e7a, gest\u00e3o, carreira, neg\u00f3cios, marketing, empreendedorismo, pol\u00edtica, economia, inova\u00e7\u00e3o. Voc\u00ea conectado no mundo empresarial.\",\"breadcrumb\":{\"@id\":\"https:\/\/radarexecutivo.com.br\/revista\/2021\/10\/05\/a-mentira-do-salto-criativo\/#breadcrumb\"},\"inLanguage\":\"pt-BR\",\"potentialAction\":[{\"@type\":\"ReadAction\",\"target\":[\"https:\/\/radarexecutivo.com.br\/revista\/2021\/10\/05\/a-mentira-do-salto-criativo\/\"]}]},{\"@type\":\"BreadcrumbList\",\"@id\":\"https:\/\/radarexecutivo.com.br\/revista\/2021\/10\/05\/a-mentira-do-salto-criativo\/#breadcrumb\",\"itemListElement\":[{\"@type\":\"ListItem\",\"position\":1,\"name\":\"home\",\"item\":\"https:\/\/radarexecutivo.com.br\/revista\/\"},{\"@type\":\"ListItem\",\"position\":2,\"name\":\"criatividade\",\"item\":\"https:\/\/radarexecutivo.com.br\/revista\/tag\/criatividade\/\"},{\"@type\":\"ListItem\",\"position\":3,\"name\":\"A MENTIRA DO SALTO CRIATIVO\"}]},{\"@type\":\"Article\",\"@id\":\"https:\/\/radarexecutivo.com.br\/revista\/2021\/10\/05\/a-mentira-do-salto-criativo\/#article\",\"isPartOf\":{\"@id\":\"https:\/\/radarexecutivo.com.br\/revista\/2021\/10\/05\/a-mentira-do-salto-criativo\/#webpage\"},\"author\":{\"@id\":\"https:\/\/radarexecutivo.com.br\/revista\/#\/schema\/person\/fa7d561ec3c1e5e8f9aee0a176cd0162\"},\"headline\":\"A MENTIRA DO SALTO CRIATIVO\",\"datePublished\":\"2021-10-05T07:45:08+00:00\",\"dateModified\":\"2021-12-17T09:46:46+00:00\",\"mainEntityOfPage\":{\"@id\":\"https:\/\/radarexecutivo.com.br\/revista\/2021\/10\/05\/a-mentira-do-salto-criativo\/#webpage\"},\"wordCount\":1847,\"commentCount\":0,\"publisher\":{\"@id\":\"https:\/\/radarexecutivo.com.br\/revista\/#organization\"},\"image\":{\"@id\":\"https:\/\/radarexecutivo.com.br\/revista\/2021\/10\/05\/a-mentira-do-salto-criativo\/#primaryimage\"},\"thumbnailUrl\":\"https:\/\/radarexecutivo.com.br\/revista\/wp-content\/uploads\/2021\/10\/51170_120731-scaled.jpg\",\"keywords\":[\"criatividade\",\"design thinking\",\"empreendedorismo\",\"inova\u00e7\u00e3o\",\"neg\u00f3cios\"],\"articleSection\":[\"INOVA\u00c7\u00c3O EM FOCO\"],\"inLanguage\":\"pt-BR\",\"potentialAction\":[{\"@type\":\"CommentAction\",\"name\":\"Comment\",\"target\":[\"https:\/\/radarexecutivo.com.br\/revista\/2021\/10\/05\/a-mentira-do-salto-criativo\/#respond\"]}]},{\"@type\":\"Person\",\"@id\":\"https:\/\/radarexecutivo.com.br\/revista\/#\/schema\/person\/fa7d561ec3c1e5e8f9aee0a176cd0162\",\"name\":\"Revista Radar Executivo\",\"image\":{\"@type\":\"ImageObject\",\"inLanguage\":\"pt-BR\",\"@id\":\"https:\/\/radarexecutivo.com.br\/revista\/#\/schema\/person\/image\/\",\"url\":\"https:\/\/secure.gravatar.com\/avatar\/13c41cad95f86d1121ade5519feb60932dc6dc8287e4743bcec5ce91b8ef2196?s=96&d=mm&r=g\",\"contentUrl\":\"https:\/\/secure.gravatar.com\/avatar\/13c41cad95f86d1121ade5519feb60932dc6dc8287e4743bcec5ce91b8ef2196?s=96&d=mm&r=g\",\"caption\":\"Revista Radar Executivo\"},\"sameAs\":[\"http:\/\/radarexecutivo.com.br\/revista\"],\"url\":\"https:\/\/radarexecutivo.com.br\/revista\/author\/radarexecutivo\/\"}]}<\/script>\n<!-- \/ Yoast SEO plugin. -->","yoast_head_json":{"title":"P\u00e1gina Inicial","description":"Lideran\u00e7a, gest\u00e3o, carreira, neg\u00f3cios, marketing, empreendedorismo, pol\u00edtica, economia, inova\u00e7\u00e3o. Voc\u00ea conectado no mundo empresarial.","robots":{"index":"index","follow":"follow","max-snippet":"max-snippet:-1","max-image-preview":"max-image-preview:large","max-video-preview":"max-video-preview:-1"},"canonical":"https:\/\/radarexecutivo.com.br\/revista\/2021\/10\/05\/a-mentira-do-salto-criativo\/","og_locale":"pt_BR","og_type":"article","og_title":"P\u00e1gina Inicial","og_description":"Lideran\u00e7a, gest\u00e3o, carreira, neg\u00f3cios, marketing, empreendedorismo, pol\u00edtica, economia, inova\u00e7\u00e3o. Voc\u00ea conectado no mundo empresarial.","og_url":"https:\/\/radarexecutivo.com.br\/revista\/2021\/10\/05\/a-mentira-do-salto-criativo\/","og_site_name":"Revista Radar Executivo","article_published_time":"2021-10-05T07:45:08+00:00","article_modified_time":"2021-12-17T09:46:46+00:00","og_image":[{"width":2560,"height":1707,"url":"https:\/\/radarexecutivo.com.br\/revista\/wp-content\/uploads\/2021\/10\/51170_120731-scaled.jpg","type":"image\/jpeg"}],"twitter_card":"summary_large_image","twitter_misc":{"Escrito por":"Revista Radar Executivo","Est. tempo de leitura":"9 minutos"},"schema":{"@context":"https:\/\/schema.org","@graph":[{"@type":"Organization","@id":"https:\/\/radarexecutivo.com.br\/revista\/#organization","name":"Revista Radar Executivo","url":"https:\/\/radarexecutivo.com.br\/revista\/","sameAs":[],"logo":{"@type":"ImageObject","inLanguage":"pt-BR","@id":"https:\/\/radarexecutivo.com.br\/revista\/#\/schema\/logo\/image\/","url":"https:\/\/radarexecutivo.com.br\/revista\/wp-content\/uploads\/2022\/06\/LOGO-REVISTA-PORTUGUES-PRETO-2.png","contentUrl":"https:\/\/radarexecutivo.com.br\/revista\/wp-content\/uploads\/2022\/06\/LOGO-REVISTA-PORTUGUES-PRETO-2.png","width":8084,"height":2580,"caption":"Revista Radar Executivo"},"image":{"@id":"https:\/\/radarexecutivo.com.br\/revista\/#\/schema\/logo\/image\/"}},{"@type":"WebSite","@id":"https:\/\/radarexecutivo.com.br\/revista\/#website","url":"https:\/\/radarexecutivo.com.br\/revista\/","name":"Revista Radar Executivo","description":"Voc\u00ea conectado no mundo empresarial","publisher":{"@id":"https:\/\/radarexecutivo.com.br\/revista\/#organization"},"potentialAction":[{"@type":"SearchAction","target":{"@type":"EntryPoint","urlTemplate":"https:\/\/radarexecutivo.com.br\/revista\/?s={search_term_string}"},"query-input":"required name=search_term_string"}],"inLanguage":"pt-BR"},{"@type":"ImageObject","inLanguage":"pt-BR","@id":"https:\/\/radarexecutivo.com.br\/revista\/2021\/10\/05\/a-mentira-do-salto-criativo\/#primaryimage","url":"https:\/\/radarexecutivo.com.br\/revista\/wp-content\/uploads\/2021\/10\/51170_120731-scaled.jpg","contentUrl":"https:\/\/radarexecutivo.com.br\/revista\/wp-content\/uploads\/2021\/10\/51170_120731-scaled.jpg","width":2560,"height":1707,"caption":"Grande Pr\u00eamio Brasil Caixa Par\u00e1 de Atletismo neste domingo (10) no Est\u00e1dio Ol\u00edmpico do Par\u00e1, o Mangueir\u00e3o. Na foto: F\u00e1bio Gomes da Silva prova Salto com vara. FOTO: CARLOS SODR\u00c9-AG.PAR\u00c1 DATA: 10-08-2014 BEL\u00c9M-PAR\u00c1"},{"@type":"WebPage","@id":"https:\/\/radarexecutivo.com.br\/revista\/2021\/10\/05\/a-mentira-do-salto-criativo\/#webpage","url":"https:\/\/radarexecutivo.com.br\/revista\/2021\/10\/05\/a-mentira-do-salto-criativo\/","name":"P\u00e1gina Inicial","isPartOf":{"@id":"https:\/\/radarexecutivo.com.br\/revista\/#website"},"primaryImageOfPage":{"@id":"https:\/\/radarexecutivo.com.br\/revista\/2021\/10\/05\/a-mentira-do-salto-criativo\/#primaryimage"},"datePublished":"2021-10-05T07:45:08+00:00","dateModified":"2021-12-17T09:46:46+00:00","description":"Lideran\u00e7a, gest\u00e3o, carreira, neg\u00f3cios, marketing, empreendedorismo, pol\u00edtica, economia, inova\u00e7\u00e3o. Voc\u00ea conectado no mundo empresarial.","breadcrumb":{"@id":"https:\/\/radarexecutivo.com.br\/revista\/2021\/10\/05\/a-mentira-do-salto-criativo\/#breadcrumb"},"inLanguage":"pt-BR","potentialAction":[{"@type":"ReadAction","target":["https:\/\/radarexecutivo.com.br\/revista\/2021\/10\/05\/a-mentira-do-salto-criativo\/"]}]},{"@type":"BreadcrumbList","@id":"https:\/\/radarexecutivo.com.br\/revista\/2021\/10\/05\/a-mentira-do-salto-criativo\/#breadcrumb","itemListElement":[{"@type":"ListItem","position":1,"name":"home","item":"https:\/\/radarexecutivo.com.br\/revista\/"},{"@type":"ListItem","position":2,"name":"criatividade","item":"https:\/\/radarexecutivo.com.br\/revista\/tag\/criatividade\/"},{"@type":"ListItem","position":3,"name":"A MENTIRA DO SALTO CRIATIVO"}]},{"@type":"Article","@id":"https:\/\/radarexecutivo.com.br\/revista\/2021\/10\/05\/a-mentira-do-salto-criativo\/#article","isPartOf":{"@id":"https:\/\/radarexecutivo.com.br\/revista\/2021\/10\/05\/a-mentira-do-salto-criativo\/#webpage"},"author":{"@id":"https:\/\/radarexecutivo.com.br\/revista\/#\/schema\/person\/fa7d561ec3c1e5e8f9aee0a176cd0162"},"headline":"A MENTIRA DO SALTO CRIATIVO","datePublished":"2021-10-05T07:45:08+00:00","dateModified":"2021-12-17T09:46:46+00:00","mainEntityOfPage":{"@id":"https:\/\/radarexecutivo.com.br\/revista\/2021\/10\/05\/a-mentira-do-salto-criativo\/#webpage"},"wordCount":1847,"commentCount":0,"publisher":{"@id":"https:\/\/radarexecutivo.com.br\/revista\/#organization"},"image":{"@id":"https:\/\/radarexecutivo.com.br\/revista\/2021\/10\/05\/a-mentira-do-salto-criativo\/#primaryimage"},"thumbnailUrl":"https:\/\/radarexecutivo.com.br\/revista\/wp-content\/uploads\/2021\/10\/51170_120731-scaled.jpg","keywords":["criatividade","design thinking","empreendedorismo","inova\u00e7\u00e3o","neg\u00f3cios"],"articleSection":["INOVA\u00c7\u00c3O EM FOCO"],"inLanguage":"pt-BR","potentialAction":[{"@type":"CommentAction","name":"Comment","target":["https:\/\/radarexecutivo.com.br\/revista\/2021\/10\/05\/a-mentira-do-salto-criativo\/#respond"]}]},{"@type":"Person","@id":"https:\/\/radarexecutivo.com.br\/revista\/#\/schema\/person\/fa7d561ec3c1e5e8f9aee0a176cd0162","name":"Revista Radar Executivo","image":{"@type":"ImageObject","inLanguage":"pt-BR","@id":"https:\/\/radarexecutivo.com.br\/revista\/#\/schema\/person\/image\/","url":"https:\/\/secure.gravatar.com\/avatar\/13c41cad95f86d1121ade5519feb60932dc6dc8287e4743bcec5ce91b8ef2196?s=96&d=mm&r=g","contentUrl":"https:\/\/secure.gravatar.com\/avatar\/13c41cad95f86d1121ade5519feb60932dc6dc8287e4743bcec5ce91b8ef2196?s=96&d=mm&r=g","caption":"Revista Radar Executivo"},"sameAs":["http:\/\/radarexecutivo.com.br\/revista"],"url":"https:\/\/radarexecutivo.com.br\/revista\/author\/radarexecutivo\/"}]}},"_links":{"self":[{"href":"https:\/\/radarexecutivo.com.br\/revista\/wp-json\/wp\/v2\/posts\/124","targetHints":{"allow":["GET"]}}],"collection":[{"href":"https:\/\/radarexecutivo.com.br\/revista\/wp-json\/wp\/v2\/posts"}],"about":[{"href":"https:\/\/radarexecutivo.com.br\/revista\/wp-json\/wp\/v2\/types\/post"}],"author":[{"embeddable":true,"href":"https:\/\/radarexecutivo.com.br\/revista\/wp-json\/wp\/v2\/users\/1"}],"replies":[{"embeddable":true,"href":"https:\/\/radarexecutivo.com.br\/revista\/wp-json\/wp\/v2\/comments?post=124"}],"version-history":[{"count":6,"href":"https:\/\/radarexecutivo.com.br\/revista\/wp-json\/wp\/v2\/posts\/124\/revisions"}],"predecessor-version":[{"id":1474,"href":"https:\/\/radarexecutivo.com.br\/revista\/wp-json\/wp\/v2\/posts\/124\/revisions\/1474"}],"wp:featuredmedia":[{"embeddable":true,"href":"https:\/\/radarexecutivo.com.br\/revista\/wp-json\/wp\/v2\/media\/125"}],"wp:attachment":[{"href":"https:\/\/radarexecutivo.com.br\/revista\/wp-json\/wp\/v2\/media?parent=124"}],"wp:term":[{"taxonomy":"category","embeddable":true,"href":"https:\/\/radarexecutivo.com.br\/revista\/wp-json\/wp\/v2\/categories?post=124"},{"taxonomy":"post_tag","embeddable":true,"href":"https:\/\/radarexecutivo.com.br\/revista\/wp-json\/wp\/v2\/tags?post=124"}],"curies":[{"name":"wp","href":"https:\/\/api.w.org\/{rel}","templated":true}]}}