{"id":1240,"date":"2021-12-09T08:22:10","date_gmt":"2021-12-09T11:22:10","guid":{"rendered":"http:\/\/radarexecutivo.com.br\/revista\/?p=1240"},"modified":"2022-10-26T10:00:17","modified_gmt":"2022-10-26T13:00:17","slug":"estrategias-de-neurolideranca-e-produtividade","status":"publish","type":"post","link":"https:\/\/radarexecutivo.com.br\/revista\/2021\/12\/09\/estrategias-de-neurolideranca-e-produtividade\/","title":{"rendered":"ESTRAT\u00c9GIAS DE NEUROLIDERAN\u00c7A"},"content":{"rendered":"<p>As emo\u00e7\u00f5es contagiam. Quando uma pessoa despeja sob n\u00f3s seu lixo t\u00f3xico, ativa nossos circuitos que provocam essas mesmas emo\u00e7\u00f5es angustiantes. Adquirimos emo\u00e7\u00f5es negativas da mesma forma que contra\u00edmos uma infec\u00e7\u00e3o viral por rinov\u00edrus, por exemplo, e esse cont\u00e1gio pode provocar o equivalente emocional de um resfriado de verdade. Talvez voc\u00ea j\u00e1 tenha passado por isso. Esse artigo fala exatamente sobre isso, estrat\u00e9gias de neurolideran\u00e7a.<\/p>\n<blockquote><p>Adquirimos emo\u00e7\u00f5es negativas da mesma forma que contra\u00edmos uma infec\u00e7\u00e3o viral. Isso tem a ver com as estrat\u00e9gias de neurolideran\u00e7a que utilizamos.<\/p><\/blockquote>\n<p>Daniel Goleman explica que existe um subtexto emocional em toda e qualquer intera\u00e7\u00e3o, o que vai gerar a chamada economia emocional: os ganhos e perdas interiores que vivenciamos com algumas pessoas, em uma determinada conversa. E, \u00e0s vezes, a conversa nem \u00e9 sua, mas voc\u00ea passou por ali e respirou uma fuma\u00e7a daquele lixo t\u00f3xico para voc\u00ea, j\u00e1 foi suficiente para mexer com o seu emocional, dependendo do seu dia.<\/p>\n<blockquote>\n<h4><a href=\"http:\/\/www.ocodigosecretodavenda.com.br\">FA\u00c7A A SUA INSCRI\u00c7\u00c3O NO CURSO O C\u00d3DIGO SECRETO DA VENDA <\/a><\/h4>\n<\/blockquote>\n<p>S\u00e3o essas as experi\u00eancias cotidianas que nos fazem deixar o c\u00e9rebro praticamente em eterno estado de alerta. Essa maior vigil\u00e2ncia aumenta a nossa aten\u00e7\u00e3o para as dicas emocionais transmitidas por outras pessoas. Isso faz aumentar o cont\u00e1gio.<\/p>\n<blockquote><p>Essa maior vigil\u00e2ncia aumenta a nossa aten\u00e7\u00e3o para as dicas emocionais transmitidas por outras pessoas, assim podemos ajustar a nossa estrat\u00e9gia de neurolideran\u00e7a<\/p><\/blockquote>\n<p><strong><em>Radar Cerebral<\/em><\/strong><\/p>\n<p>Esta resposta \u00e9 provocada pela a\u00e7\u00e3o da am\u00edgdala cerebral que gera a rea\u00e7\u00e3o de luta, fuga ou in\u00e9rcia, diante do perigo. E o medo \u00e9 a emo\u00e7\u00e3o que mais estimula a am\u00edgdala. Quando ativada pelo alarme, o circuito da am\u00edgdala ativa pontos-chaves do c\u00e9rebro, orientando os pensamentos, aten\u00e7\u00e3o e percep\u00e7\u00e3o para o que provocou o medo. Automaticamente fica-se mais atenta \u00e0 express\u00e3o facial das pessoas que est\u00e3o ao redor, em busca de sorrisos ou sinais de desaprova\u00e7\u00e3o para que se possa interpretar melhor os sinais de perigo.<\/p>\n<p>Essa maior vigil\u00e2ncia gerada pela am\u00edgdala aumenta a aten\u00e7\u00e3o para as dicas emocionais transmitidas por outras pessoas. Esse foco intensificado invoca em n\u00f3s o sentimento do outro, aumentando o cont\u00e1gio. Dessa forma os momentos de apreens\u00e3o deixam o indiv\u00edduo mais suscet\u00edvel \u00e0s emo\u00e7\u00f5es de outra pessoa.<\/p>\n<blockquote><p>Os momentos de apreens\u00e3o deixam o indiv\u00edduo mais suscet\u00edvel \u00e0s emo\u00e7\u00f5es de outra pessoa, \u00e9 por isso que precisamos desenvolver estrat\u00e9gias de neurolideran\u00e7a<\/p><\/blockquote>\n<p>A am\u00edgdala funciona ainda como um radar do c\u00e9rebro, chamando a aten\u00e7\u00e3o para o que pode ser novo, surpreendente ou importante, e necessita investiga\u00e7\u00e3o. Embora esta import\u00e2ncia da am\u00edgdala n\u00e3o seja novidade para a neuroci\u00eancia, sua fun\u00e7\u00e3o social como parte do sistema cerebral de cont\u00e1gio emocional s\u00f3 foi revelada recentemente.<\/p>\n<p><strong>A Influ\u00eancia do Medo<\/strong><\/p>\n<p>Dean Buonomano, professor de Neurobiologia e Psicologia do Brain Research Institute da Universidade da Calif\u00f3rnia, traz a seguinte quest\u00e3o no livro \u201cO C\u00e9rebro Imperfeito\u201d: por que o medo exerce uma influ\u00eancia t\u00e3o poderosa?<\/p>\n<p>Na Hist\u00f3ria Renascentista, Maquiavel j\u00e1 aconselhava os pr\u00edncipes de que era melhor ser temido do que ser amado, uma vez que o medo fabricado fornecia uma poderosa ferramenta para controlar as grandes massas, garantir a lealdade e justificar guerras.<\/p>\n<blockquote>\n<h4><a href=\"http:\/\/www.ocodigosecretodavenda.com.br\">FA\u00c7A A SUA INSCRI\u00c7\u00c3O NO CURSO O C\u00d3DIGO SECRETO DA VENDA<\/a><\/h4>\n<\/blockquote>\n<p>Para Buonomano, a resposta est\u00e1 na capacidade de o medo se sobrepor \u00e0 raz\u00e3o. Ele explica que boa parte do nosso circuito do medo foi herdado de animais sem muita parte frontal, com pouco c\u00f3rtex pr\u00e9-frontal, respons\u00e1vel pelas fun\u00e7\u00f5es executivas, incluindo tomadas de decis\u00f5es, aten\u00e7\u00e3o, comando de atos e inten\u00e7\u00f5es. Nossas a\u00e7\u00f5es parecem representar um projeto em equipe: envolvendo as \u00e1reas cerebrais mais antigas como a am\u00edgdala e os m\u00f3dulos frontais mais novos. Juntas, essas \u00e1reas podem chegar a algum consenso em rela\u00e7\u00e3o ao compromisso apropriado entre emo\u00e7\u00e3o e raz\u00e3o.<\/p>\n<p>Por\u00e9m, Buonomano observa que esse equil\u00edbrio depende do contexto e, em alguns momentos, pode se inclinar bastante na dire\u00e7\u00e3o das emo\u00e7\u00f5es, visto que j\u00e1 sabemos que o n\u00famero de conex\u00f5es que saem da am\u00edgdala em dire\u00e7\u00e3o \u00e0s \u00e1reas corticais \u00e9 maior do que a quantidade das conex\u00f5es vindas do c\u00f3rtex que chegam at\u00e9 a am\u00edgdala.<\/p>\n<p>N\u00e3o resta a menor d\u00favida de que em muitos casos, ainda em nossos tempos, os medos sejam amplificados e distorcidos a ponto de serem completamente irracionais.<\/p>\n<p>Uma das situa\u00e7\u00f5es mais estressantes que um indiv\u00edduo pode passar \u00e9 ter um l\u00edder abusivo, obcecado por poder. Relacionamentos t\u00f3xicos ou negativos fazem mal, e ao longo do tempo podem funcionar como um lento veneno para o seu organismo. \u00c9 por isso que precisamos levar a s\u00e9rio a necessidade de desenvolver as estrat\u00e9gias mais adequadas de neurolideran\u00e7a.<\/p>\n<p>Assista a entrevista completa de Alessandra Assad sobre LIDERAN\u00c7A T\u00d3XICA na S\u00e9rie Papo de Especialista em nosso canal no YouTube ou em nosso podcast no Spotify.<\/p>\n<p>&nbsp;<\/p>\n<p>VOC\u00ca TAMB\u00c9M PODE GOSTAR DO ARTIGO:<a href=\"https:\/\/radarexecutivo.com.br\/revista\/2021\/12\/21\/decisoes-e-os-padroes-da-mente\/\"> DECIS\u00d5ES E OS PADR\u00d5ES DA MENTE<\/a><\/p>\n<p>&nbsp;<\/p>\n<p><img loading=\"lazy\" decoding=\"async\" class=\" wp-image-1489 alignleft\" src=\"http:\/\/radarexecutivo.com.br\/revista\/wp-content\/uploads\/2021\/12\/ALESSANDRA-ASSAD-300x300.jpg\" alt=\"\" width=\"133\" height=\"133\" srcset=\"https:\/\/radarexecutivo.com.br\/revista\/wp-content\/uploads\/2021\/12\/ALESSANDRA-ASSAD-300x300.jpg 300w, https:\/\/radarexecutivo.com.br\/revista\/wp-content\/uploads\/2021\/12\/ALESSANDRA-ASSAD-150x150.jpg 150w, https:\/\/radarexecutivo.com.br\/revista\/wp-content\/uploads\/2021\/12\/ALESSANDRA-ASSAD-130x130.jpg 130w, https:\/\/radarexecutivo.com.br\/revista\/wp-content\/uploads\/2021\/12\/ALESSANDRA-ASSAD.jpg 400w\" sizes=\"auto, (max-width: 133px) 100vw, 133px\" \/>Autora : Alessandra Assad \u00e9 Master of Science in Business Administration in Neuromarketing na institui\u00e7\u00e3o de ensino Florida Christian University, \u00e9 jornalista especializada em management, com MBA em Dire\u00e7\u00e3o Estrat\u00e9gica e Mestrado em Neurolideran\u00e7a. Professora nos MBAs da Funda\u00e7\u00e3o Get\u00falio Vargas em todo o Brasil e professora no Master of Science in Business Administration in Neuromarketing na Florida Christian University. Palestrante internacional e CEO da ASSIM ASSAD &#8211; Desenvolvimento Humano. Autora dos livros <a href=\"https:\/\/amzn.to\/3ICckkm\"><em>Atreva-se a Mudar!<\/em><\/a>,\u00a0<em><a href=\"https:\/\/amzn.to\/3y9MteY\">Leve o Cora\u00e7\u00e3o para o Trabalh<\/a>o<\/em>\u00a0e\u00a0<em>A Arte da Guerra para Gest\u00e3o de Equipes\u00a0<\/em>e <a href=\"https:\/\/amzn.to\/3dzQTSP\"><em>Lideran\u00e7a T\u00f3xica<\/em><\/a>.<\/p>\n<p><iframe title=\"Spotify Embed: #005 LIDERAN\u00c7A T\u00d3XICA - ENTREVISTA ALESSANDRA ASSAD\" style=\"border-radius: 12px\" width=\"100%\" height=\"152\" frameborder=\"0\" allowfullscreen allow=\"autoplay; clipboard-write; encrypted-media; fullscreen; picture-in-picture\" loading=\"lazy\" src=\"https:\/\/open.spotify.com\/embed\/episode\/0DFmZiGd7pSCSYf1ZkydIa?si=f0cdd02187304027&#038;utm_source=oembed\"><\/iframe><\/p>\n<p><iframe loading=\"lazy\" title=\"LIDERAN\u00c7A T\u00d3XICA\" width=\"1200\" height=\"675\" src=\"https:\/\/www.youtube.com\/embed\/UIpWlu8jah8?feature=oembed\" frameborder=\"0\" allow=\"accelerometer; autoplay; clipboard-write; encrypted-media; gyroscope; picture-in-picture\" allowfullscreen><\/iframe><\/p>\n<p>&nbsp;<\/p>\n<p>&nbsp;<\/p>\n<p>&nbsp;<\/p>\n<p>&nbsp;<\/p>\n<p>&nbsp;<\/p>\n","protected":false},"excerpt":{"rendered":"<p>As emo\u00e7\u00f5es contagiam. Quando uma pessoa despeja sob n\u00f3s seu lixo t\u00f3xico, ativa nossos circuitos que provocam essas mesmas emo\u00e7\u00f5es angustiantes. Adquirimos emo\u00e7\u00f5es negativas da mesma forma que contra\u00edmos uma infec\u00e7\u00e3o viral por rinov\u00edrus, por exemplo, e esse cont\u00e1gio pode provocar o equivalente emocional de um resfriado de verdade. Talvez voc\u00ea j\u00e1 tenha passado por isso. Esse artigo fala exatamente sobre isso, estrat\u00e9gias de neurolideran\u00e7a. Adquirimos emo\u00e7\u00f5es negativas da mesma forma que contra\u00edmos uma infec\u00e7\u00e3o viral. Isso tem a ver com as estrat\u00e9gias de neurolideran\u00e7a que utilizamos. Daniel Goleman explica que existe um subtexto emocional em toda e qualquer intera\u00e7\u00e3o, [&hellip;]<\/p>\n","protected":false},"author":1,"featured_media":2213,"comment_status":"open","ping_status":"open","sticky":false,"template":"","format":"standard","meta":{"om_disable_all_campaigns":false,"footnotes":""},"categories":[785,9],"tags":[84,73,74,68,82],"class_list":["post-1240","post","type-post","status-publish","format-standard","has-post-thumbnail","hentry","category-alessandra-assad","category-lideranca-em-foco","tag-gerenciamento-do-stress","tag-gestao-de-conflitos","tag-gestao-de-equipes","tag-lideranca","tag-relacoes-humanas"],"yoast_head":"<!-- This site is optimized with the Yoast SEO plugin v18.9 - https:\/\/yoast.com\/wordpress\/plugins\/seo\/ -->\n<title>Revista Radar Executivo - Artigo: Estrat\u00e9gias de Neurolideran\u00e7a<\/title>\n<meta name=\"description\" content=\"Lideran\u00e7a, gest\u00e3o, carreira, neg\u00f3cios, marketing, empreendedorismo, pol\u00edtica, economia, inova\u00e7\u00e3o. Voc\u00ea conectado no mundo empresarial.\" \/>\n<meta name=\"robots\" content=\"index, follow, max-snippet:-1, max-image-preview:large, max-video-preview:-1\" \/>\n<link rel=\"canonical\" href=\"https:\/\/radarexecutivo.com.br\/revista\/2021\/12\/09\/estrategias-de-neurolideranca-e-produtividade\/\" \/>\n<meta property=\"og:locale\" content=\"pt_BR\" \/>\n<meta property=\"og:type\" content=\"article\" \/>\n<meta property=\"og:title\" content=\"Revista Radar Executivo - Artigo: Estrat\u00e9gias de Neurolideran\u00e7a\" \/>\n<meta property=\"og:description\" content=\"Lideran\u00e7a, gest\u00e3o, carreira, neg\u00f3cios, marketing, empreendedorismo, pol\u00edtica, economia, inova\u00e7\u00e3o. Voc\u00ea conectado no mundo empresarial.\" \/>\n<meta property=\"og:url\" content=\"https:\/\/radarexecutivo.com.br\/revista\/2021\/12\/09\/estrategias-de-neurolideranca-e-produtividade\/\" \/>\n<meta property=\"og:site_name\" content=\"Revista Radar Executivo\" \/>\n<meta property=\"article:published_time\" content=\"2021-12-09T11:22:10+00:00\" \/>\n<meta property=\"article:modified_time\" content=\"2022-10-26T13:00:17+00:00\" \/>\n<meta property=\"og:image\" content=\"https:\/\/radarexecutivo.com.br\/revista\/wp-content\/uploads\/2021\/12\/ESTRATEGIAS-DE-NEUROLIDERANCA-E-PRODUTIVIDADE-2.jpg\" \/>\n\t<meta property=\"og:image:width\" content=\"1306\" \/>\n\t<meta property=\"og:image:height\" content=\"720\" \/>\n\t<meta property=\"og:image:type\" content=\"image\/jpeg\" \/>\n<meta name=\"twitter:card\" content=\"summary_large_image\" \/>\n<meta name=\"twitter:label1\" content=\"Escrito por\" \/>\n\t<meta name=\"twitter:data1\" content=\"Revista Radar Executivo\" \/>\n\t<meta name=\"twitter:label2\" content=\"Est. tempo de leitura\" \/>\n\t<meta name=\"twitter:data2\" content=\"5 minutos\" \/>\n<script type=\"application\/ld+json\" class=\"yoast-schema-graph\">{\"@context\":\"https:\/\/schema.org\",\"@graph\":[{\"@type\":\"Organization\",\"@id\":\"https:\/\/radarexecutivo.com.br\/revista\/#organization\",\"name\":\"Revista Radar Executivo\",\"url\":\"https:\/\/radarexecutivo.com.br\/revista\/\",\"sameAs\":[],\"logo\":{\"@type\":\"ImageObject\",\"inLanguage\":\"pt-BR\",\"@id\":\"https:\/\/radarexecutivo.com.br\/revista\/#\/schema\/logo\/image\/\",\"url\":\"https:\/\/radarexecutivo.com.br\/revista\/wp-content\/uploads\/2022\/06\/LOGO-REVISTA-PORTUGUES-PRETO-2.png\",\"contentUrl\":\"https:\/\/radarexecutivo.com.br\/revista\/wp-content\/uploads\/2022\/06\/LOGO-REVISTA-PORTUGUES-PRETO-2.png\",\"width\":8084,\"height\":2580,\"caption\":\"Revista Radar Executivo\"},\"image\":{\"@id\":\"https:\/\/radarexecutivo.com.br\/revista\/#\/schema\/logo\/image\/\"}},{\"@type\":\"WebSite\",\"@id\":\"https:\/\/radarexecutivo.com.br\/revista\/#website\",\"url\":\"https:\/\/radarexecutivo.com.br\/revista\/\",\"name\":\"Revista Radar Executivo\",\"description\":\"Voc\u00ea conectado no mundo empresarial\",\"publisher\":{\"@id\":\"https:\/\/radarexecutivo.com.br\/revista\/#organization\"},\"potentialAction\":[{\"@type\":\"SearchAction\",\"target\":{\"@type\":\"EntryPoint\",\"urlTemplate\":\"https:\/\/radarexecutivo.com.br\/revista\/?s={search_term_string}\"},\"query-input\":\"required name=search_term_string\"}],\"inLanguage\":\"pt-BR\"},{\"@type\":\"ImageObject\",\"inLanguage\":\"pt-BR\",\"@id\":\"https:\/\/radarexecutivo.com.br\/revista\/2021\/12\/09\/estrategias-de-neurolideranca-e-produtividade\/#primaryimage\",\"url\":\"https:\/\/radarexecutivo.com.br\/revista\/wp-content\/uploads\/2021\/12\/ESTRATEGIAS-DE-NEUROLIDERANCA-E-PRODUTIVIDADE-2.jpg\",\"contentUrl\":\"https:\/\/radarexecutivo.com.br\/revista\/wp-content\/uploads\/2021\/12\/ESTRATEGIAS-DE-NEUROLIDERANCA-E-PRODUTIVIDADE-2.jpg\",\"width\":1306,\"height\":720},{\"@type\":\"WebPage\",\"@id\":\"https:\/\/radarexecutivo.com.br\/revista\/2021\/12\/09\/estrategias-de-neurolideranca-e-produtividade\/#webpage\",\"url\":\"https:\/\/radarexecutivo.com.br\/revista\/2021\/12\/09\/estrategias-de-neurolideranca-e-produtividade\/\",\"name\":\"Revista Radar Executivo - Artigo: Estrat\u00e9gias de Neurolideran\u00e7a\",\"isPartOf\":{\"@id\":\"https:\/\/radarexecutivo.com.br\/revista\/#website\"},\"primaryImageOfPage\":{\"@id\":\"https:\/\/radarexecutivo.com.br\/revista\/2021\/12\/09\/estrategias-de-neurolideranca-e-produtividade\/#primaryimage\"},\"datePublished\":\"2021-12-09T11:22:10+00:00\",\"dateModified\":\"2022-10-26T13:00:17+00:00\",\"description\":\"Lideran\u00e7a, gest\u00e3o, carreira, neg\u00f3cios, marketing, empreendedorismo, pol\u00edtica, economia, inova\u00e7\u00e3o. Voc\u00ea conectado no mundo empresarial.\",\"breadcrumb\":{\"@id\":\"https:\/\/radarexecutivo.com.br\/revista\/2021\/12\/09\/estrategias-de-neurolideranca-e-produtividade\/#breadcrumb\"},\"inLanguage\":\"pt-BR\",\"potentialAction\":[{\"@type\":\"ReadAction\",\"target\":[\"https:\/\/radarexecutivo.com.br\/revista\/2021\/12\/09\/estrategias-de-neurolideranca-e-produtividade\/\"]}]},{\"@type\":\"BreadcrumbList\",\"@id\":\"https:\/\/radarexecutivo.com.br\/revista\/2021\/12\/09\/estrategias-de-neurolideranca-e-produtividade\/#breadcrumb\",\"itemListElement\":[{\"@type\":\"ListItem\",\"position\":1,\"name\":\"home\",\"item\":\"https:\/\/radarexecutivo.com.br\/revista\/\"},{\"@type\":\"ListItem\",\"position\":2,\"name\":\"gerenciamento do stress\",\"item\":\"https:\/\/radarexecutivo.com.br\/revista\/tag\/gerenciamento-do-stress\/\"},{\"@type\":\"ListItem\",\"position\":3,\"name\":\"ESTRAT\u00c9GIAS DE NEUROLIDERAN\u00c7A\"}]},{\"@type\":\"Article\",\"@id\":\"https:\/\/radarexecutivo.com.br\/revista\/2021\/12\/09\/estrategias-de-neurolideranca-e-produtividade\/#article\",\"isPartOf\":{\"@id\":\"https:\/\/radarexecutivo.com.br\/revista\/2021\/12\/09\/estrategias-de-neurolideranca-e-produtividade\/#webpage\"},\"author\":{\"@id\":\"https:\/\/radarexecutivo.com.br\/revista\/#\/schema\/person\/fa7d561ec3c1e5e8f9aee0a176cd0162\"},\"headline\":\"ESTRAT\u00c9GIAS DE NEUROLIDERAN\u00c7A\",\"datePublished\":\"2021-12-09T11:22:10+00:00\",\"dateModified\":\"2022-10-26T13:00:17+00:00\",\"mainEntityOfPage\":{\"@id\":\"https:\/\/radarexecutivo.com.br\/revista\/2021\/12\/09\/estrategias-de-neurolideranca-e-produtividade\/#webpage\"},\"wordCount\":1030,\"commentCount\":0,\"publisher\":{\"@id\":\"https:\/\/radarexecutivo.com.br\/revista\/#organization\"},\"image\":{\"@id\":\"https:\/\/radarexecutivo.com.br\/revista\/2021\/12\/09\/estrategias-de-neurolideranca-e-produtividade\/#primaryimage\"},\"thumbnailUrl\":\"https:\/\/radarexecutivo.com.br\/revista\/wp-content\/uploads\/2021\/12\/ESTRATEGIAS-DE-NEUROLIDERANCA-E-PRODUTIVIDADE-2.jpg\",\"keywords\":[\"gerenciamento do stress\",\"gest\u00e3o de conflitos\",\"gest\u00e3o de equipes\",\"lideran\u00e7a\",\"rela\u00e7\u00f5es humanas\"],\"articleSection\":[\"ALESSANDRA ASSAD\",\"LIDERAN\u00c7A EM FOCO\"],\"inLanguage\":\"pt-BR\",\"potentialAction\":[{\"@type\":\"CommentAction\",\"name\":\"Comment\",\"target\":[\"https:\/\/radarexecutivo.com.br\/revista\/2021\/12\/09\/estrategias-de-neurolideranca-e-produtividade\/#respond\"]}]},{\"@type\":\"Person\",\"@id\":\"https:\/\/radarexecutivo.com.br\/revista\/#\/schema\/person\/fa7d561ec3c1e5e8f9aee0a176cd0162\",\"name\":\"Revista Radar Executivo\",\"image\":{\"@type\":\"ImageObject\",\"inLanguage\":\"pt-BR\",\"@id\":\"https:\/\/radarexecutivo.com.br\/revista\/#\/schema\/person\/image\/\",\"url\":\"https:\/\/secure.gravatar.com\/avatar\/13c41cad95f86d1121ade5519feb60932dc6dc8287e4743bcec5ce91b8ef2196?s=96&d=mm&r=g\",\"contentUrl\":\"https:\/\/secure.gravatar.com\/avatar\/13c41cad95f86d1121ade5519feb60932dc6dc8287e4743bcec5ce91b8ef2196?s=96&d=mm&r=g\",\"caption\":\"Revista Radar Executivo\"},\"sameAs\":[\"http:\/\/radarexecutivo.com.br\/revista\"],\"url\":\"https:\/\/radarexecutivo.com.br\/revista\/author\/radarexecutivo\/\"}]}<\/script>\n<!-- \/ Yoast SEO plugin. -->","yoast_head_json":{"title":"Revista Radar Executivo - Artigo: Estrat\u00e9gias de Neurolideran\u00e7a","description":"Lideran\u00e7a, gest\u00e3o, carreira, neg\u00f3cios, marketing, empreendedorismo, pol\u00edtica, economia, inova\u00e7\u00e3o. Voc\u00ea conectado no mundo empresarial.","robots":{"index":"index","follow":"follow","max-snippet":"max-snippet:-1","max-image-preview":"max-image-preview:large","max-video-preview":"max-video-preview:-1"},"canonical":"https:\/\/radarexecutivo.com.br\/revista\/2021\/12\/09\/estrategias-de-neurolideranca-e-produtividade\/","og_locale":"pt_BR","og_type":"article","og_title":"Revista Radar Executivo - Artigo: Estrat\u00e9gias de Neurolideran\u00e7a","og_description":"Lideran\u00e7a, gest\u00e3o, carreira, neg\u00f3cios, marketing, empreendedorismo, pol\u00edtica, economia, inova\u00e7\u00e3o. Voc\u00ea conectado no mundo empresarial.","og_url":"https:\/\/radarexecutivo.com.br\/revista\/2021\/12\/09\/estrategias-de-neurolideranca-e-produtividade\/","og_site_name":"Revista Radar Executivo","article_published_time":"2021-12-09T11:22:10+00:00","article_modified_time":"2022-10-26T13:00:17+00:00","og_image":[{"width":1306,"height":720,"url":"https:\/\/radarexecutivo.com.br\/revista\/wp-content\/uploads\/2021\/12\/ESTRATEGIAS-DE-NEUROLIDERANCA-E-PRODUTIVIDADE-2.jpg","type":"image\/jpeg"}],"twitter_card":"summary_large_image","twitter_misc":{"Escrito por":"Revista Radar Executivo","Est. tempo de leitura":"5 minutos"},"schema":{"@context":"https:\/\/schema.org","@graph":[{"@type":"Organization","@id":"https:\/\/radarexecutivo.com.br\/revista\/#organization","name":"Revista Radar Executivo","url":"https:\/\/radarexecutivo.com.br\/revista\/","sameAs":[],"logo":{"@type":"ImageObject","inLanguage":"pt-BR","@id":"https:\/\/radarexecutivo.com.br\/revista\/#\/schema\/logo\/image\/","url":"https:\/\/radarexecutivo.com.br\/revista\/wp-content\/uploads\/2022\/06\/LOGO-REVISTA-PORTUGUES-PRETO-2.png","contentUrl":"https:\/\/radarexecutivo.com.br\/revista\/wp-content\/uploads\/2022\/06\/LOGO-REVISTA-PORTUGUES-PRETO-2.png","width":8084,"height":2580,"caption":"Revista Radar Executivo"},"image":{"@id":"https:\/\/radarexecutivo.com.br\/revista\/#\/schema\/logo\/image\/"}},{"@type":"WebSite","@id":"https:\/\/radarexecutivo.com.br\/revista\/#website","url":"https:\/\/radarexecutivo.com.br\/revista\/","name":"Revista Radar Executivo","description":"Voc\u00ea conectado no mundo empresarial","publisher":{"@id":"https:\/\/radarexecutivo.com.br\/revista\/#organization"},"potentialAction":[{"@type":"SearchAction","target":{"@type":"EntryPoint","urlTemplate":"https:\/\/radarexecutivo.com.br\/revista\/?s={search_term_string}"},"query-input":"required name=search_term_string"}],"inLanguage":"pt-BR"},{"@type":"ImageObject","inLanguage":"pt-BR","@id":"https:\/\/radarexecutivo.com.br\/revista\/2021\/12\/09\/estrategias-de-neurolideranca-e-produtividade\/#primaryimage","url":"https:\/\/radarexecutivo.com.br\/revista\/wp-content\/uploads\/2021\/12\/ESTRATEGIAS-DE-NEUROLIDERANCA-E-PRODUTIVIDADE-2.jpg","contentUrl":"https:\/\/radarexecutivo.com.br\/revista\/wp-content\/uploads\/2021\/12\/ESTRATEGIAS-DE-NEUROLIDERANCA-E-PRODUTIVIDADE-2.jpg","width":1306,"height":720},{"@type":"WebPage","@id":"https:\/\/radarexecutivo.com.br\/revista\/2021\/12\/09\/estrategias-de-neurolideranca-e-produtividade\/#webpage","url":"https:\/\/radarexecutivo.com.br\/revista\/2021\/12\/09\/estrategias-de-neurolideranca-e-produtividade\/","name":"Revista Radar Executivo - Artigo: Estrat\u00e9gias de Neurolideran\u00e7a","isPartOf":{"@id":"https:\/\/radarexecutivo.com.br\/revista\/#website"},"primaryImageOfPage":{"@id":"https:\/\/radarexecutivo.com.br\/revista\/2021\/12\/09\/estrategias-de-neurolideranca-e-produtividade\/#primaryimage"},"datePublished":"2021-12-09T11:22:10+00:00","dateModified":"2022-10-26T13:00:17+00:00","description":"Lideran\u00e7a, gest\u00e3o, carreira, neg\u00f3cios, marketing, empreendedorismo, pol\u00edtica, economia, inova\u00e7\u00e3o. Voc\u00ea conectado no mundo empresarial.","breadcrumb":{"@id":"https:\/\/radarexecutivo.com.br\/revista\/2021\/12\/09\/estrategias-de-neurolideranca-e-produtividade\/#breadcrumb"},"inLanguage":"pt-BR","potentialAction":[{"@type":"ReadAction","target":["https:\/\/radarexecutivo.com.br\/revista\/2021\/12\/09\/estrategias-de-neurolideranca-e-produtividade\/"]}]},{"@type":"BreadcrumbList","@id":"https:\/\/radarexecutivo.com.br\/revista\/2021\/12\/09\/estrategias-de-neurolideranca-e-produtividade\/#breadcrumb","itemListElement":[{"@type":"ListItem","position":1,"name":"home","item":"https:\/\/radarexecutivo.com.br\/revista\/"},{"@type":"ListItem","position":2,"name":"gerenciamento do stress","item":"https:\/\/radarexecutivo.com.br\/revista\/tag\/gerenciamento-do-stress\/"},{"@type":"ListItem","position":3,"name":"ESTRAT\u00c9GIAS DE NEUROLIDERAN\u00c7A"}]},{"@type":"Article","@id":"https:\/\/radarexecutivo.com.br\/revista\/2021\/12\/09\/estrategias-de-neurolideranca-e-produtividade\/#article","isPartOf":{"@id":"https:\/\/radarexecutivo.com.br\/revista\/2021\/12\/09\/estrategias-de-neurolideranca-e-produtividade\/#webpage"},"author":{"@id":"https:\/\/radarexecutivo.com.br\/revista\/#\/schema\/person\/fa7d561ec3c1e5e8f9aee0a176cd0162"},"headline":"ESTRAT\u00c9GIAS DE NEUROLIDERAN\u00c7A","datePublished":"2021-12-09T11:22:10+00:00","dateModified":"2022-10-26T13:00:17+00:00","mainEntityOfPage":{"@id":"https:\/\/radarexecutivo.com.br\/revista\/2021\/12\/09\/estrategias-de-neurolideranca-e-produtividade\/#webpage"},"wordCount":1030,"commentCount":0,"publisher":{"@id":"https:\/\/radarexecutivo.com.br\/revista\/#organization"},"image":{"@id":"https:\/\/radarexecutivo.com.br\/revista\/2021\/12\/09\/estrategias-de-neurolideranca-e-produtividade\/#primaryimage"},"thumbnailUrl":"https:\/\/radarexecutivo.com.br\/revista\/wp-content\/uploads\/2021\/12\/ESTRATEGIAS-DE-NEUROLIDERANCA-E-PRODUTIVIDADE-2.jpg","keywords":["gerenciamento do stress","gest\u00e3o de conflitos","gest\u00e3o de equipes","lideran\u00e7a","rela\u00e7\u00f5es humanas"],"articleSection":["ALESSANDRA ASSAD","LIDERAN\u00c7A EM FOCO"],"inLanguage":"pt-BR","potentialAction":[{"@type":"CommentAction","name":"Comment","target":["https:\/\/radarexecutivo.com.br\/revista\/2021\/12\/09\/estrategias-de-neurolideranca-e-produtividade\/#respond"]}]},{"@type":"Person","@id":"https:\/\/radarexecutivo.com.br\/revista\/#\/schema\/person\/fa7d561ec3c1e5e8f9aee0a176cd0162","name":"Revista Radar Executivo","image":{"@type":"ImageObject","inLanguage":"pt-BR","@id":"https:\/\/radarexecutivo.com.br\/revista\/#\/schema\/person\/image\/","url":"https:\/\/secure.gravatar.com\/avatar\/13c41cad95f86d1121ade5519feb60932dc6dc8287e4743bcec5ce91b8ef2196?s=96&d=mm&r=g","contentUrl":"https:\/\/secure.gravatar.com\/avatar\/13c41cad95f86d1121ade5519feb60932dc6dc8287e4743bcec5ce91b8ef2196?s=96&d=mm&r=g","caption":"Revista Radar Executivo"},"sameAs":["http:\/\/radarexecutivo.com.br\/revista"],"url":"https:\/\/radarexecutivo.com.br\/revista\/author\/radarexecutivo\/"}]}},"_links":{"self":[{"href":"https:\/\/radarexecutivo.com.br\/revista\/wp-json\/wp\/v2\/posts\/1240","targetHints":{"allow":["GET"]}}],"collection":[{"href":"https:\/\/radarexecutivo.com.br\/revista\/wp-json\/wp\/v2\/posts"}],"about":[{"href":"https:\/\/radarexecutivo.com.br\/revista\/wp-json\/wp\/v2\/types\/post"}],"author":[{"embeddable":true,"href":"https:\/\/radarexecutivo.com.br\/revista\/wp-json\/wp\/v2\/users\/1"}],"replies":[{"embeddable":true,"href":"https:\/\/radarexecutivo.com.br\/revista\/wp-json\/wp\/v2\/comments?post=1240"}],"version-history":[{"count":9,"href":"https:\/\/radarexecutivo.com.br\/revista\/wp-json\/wp\/v2\/posts\/1240\/revisions"}],"predecessor-version":[{"id":3144,"href":"https:\/\/radarexecutivo.com.br\/revista\/wp-json\/wp\/v2\/posts\/1240\/revisions\/3144"}],"wp:featuredmedia":[{"embeddable":true,"href":"https:\/\/radarexecutivo.com.br\/revista\/wp-json\/wp\/v2\/media\/2213"}],"wp:attachment":[{"href":"https:\/\/radarexecutivo.com.br\/revista\/wp-json\/wp\/v2\/media?parent=1240"}],"wp:term":[{"taxonomy":"category","embeddable":true,"href":"https:\/\/radarexecutivo.com.br\/revista\/wp-json\/wp\/v2\/categories?post=1240"},{"taxonomy":"post_tag","embeddable":true,"href":"https:\/\/radarexecutivo.com.br\/revista\/wp-json\/wp\/v2\/tags?post=1240"}],"curies":[{"name":"wp","href":"https:\/\/api.w.org\/{rel}","templated":true}]}}