{"id":1244,"date":"2021-12-09T08:50:14","date_gmt":"2021-12-09T11:50:14","guid":{"rendered":"http:\/\/radarexecutivo.com.br\/revista\/?p=1244"},"modified":"2022-10-26T09:59:02","modified_gmt":"2022-10-26T12:59:02","slug":"que-tipo-de-lider-voce-quer-ser-afinal","status":"publish","type":"post","link":"https:\/\/radarexecutivo.com.br\/revista\/2021\/12\/09\/que-tipo-de-lider-voce-quer-ser-afinal\/","title":{"rendered":"QUE TIPO DE L\u00cdDER VOC\u00ca QUER SER"},"content":{"rendered":"<p>Voc\u00ea j\u00e1 parou para pensar que quanto mais qualidade tem a execu\u00e7\u00e3o do seu trabalho, mais invis\u00edvel voc\u00ea fica aos olhos dos seus l\u00edderes? E com os seus liderados, n\u00e3o funciona diferente. O efeito acontece em cadeia. Como assim? Isso deve lhe fazer pensar sobre que tipo de l\u00edder voc\u00ea quer ser.<\/p>\n<p>Parece que ser excelente h\u00e1 muito que se tornou obriga\u00e7\u00e3o, e as pessoas s\u00f3 percebem que ali estamos, quando sa\u00edmos, por algum motivo, da linha da excel\u00eancia.<\/p>\n<blockquote><p>Parece que quanto mais qualidade tem a execu\u00e7\u00e3o do seu trabalho, mais invis\u00edvel voc\u00ea fica aos olhos dos seus l\u00edderes. Isso deve lhe fazer pensar sobre que tipo de l\u00edder voc\u00ea quer ser.<\/p><\/blockquote>\n<p>Quando falamos de excel\u00eancia, existe um paradoxo que poderia ser longamente discutido.\u00a0 Investimos nosso principal or\u00e7amento de treinamento em quem? Nos funcion\u00e1rios meia-boca. Para que eles se tornem um pouco melhores. Mas, e os muito bons? Quando \u00e9 que vamos investir para que eles se tornem excelentes? E n\u00e3o estou falando s\u00f3 de recursos financeiros, estou falando de tempo tamb\u00e9m, viu?<\/p>\n<blockquote>\n<h4><a href=\"http:\/\/www.ocodigosecretodavenda.com.br\">FA\u00c7A A SUA INSCRI\u00c7\u00c3O NO CURSO O C\u00d3DIGO SECRETO DA VENDA <\/a><\/h4>\n<\/blockquote>\n<p>O maior inimigo do excelente \u00e9 e sempre ser\u00e1 o muito bom, e este \u00e9 um dos principais motivos de frustra\u00e7\u00e3o dos nossos melhores talentos. Isso pode ser muito mais t\u00f3xico do que voc\u00ea imagina. Eles v\u00e3o embora porque n\u00e3o os enxergamos. E sabe por que fazemos isso? Porque eles est\u00e3o desempenhando muito bem as suas tarefas. E geralmente reclamam que s\u00f3 existem para voc\u00ea quando acontece algum problema. Seria esta uma verdade?<\/p>\n<blockquote><p>O maior inimigo do excelente \u00e9 e sempre ser\u00e1 o muito bom, e este \u00e9 um dos principais motivos de frustra\u00e7\u00e3o dos nossos melhores talentos<\/p><\/blockquote>\n<p><strong>Uma nova motiva\u00e7\u00e3o<\/strong><\/p>\n<p>\u00c9 o momento de reinventarmos a motiva\u00e7\u00e3o, porque n\u00e3o saber motivar a sua equipe \u00e9 um dos principais causadores de toxinas hoje no ambiente de trabalho. Pessoas desmotivadas deixam de produzir bem, sentem-se desvalorizadas e acabam indo buscar aten\u00e7\u00e3o em outro lugar.<\/p>\n<p>O fato \u00e9 que fazemos gest\u00e3o de expectativas o tempo todo. As emo\u00e7\u00f5es s\u00e3o parte da condi\u00e7\u00e3o humana e inerentes em qualquer meio empresarial. O impacto delas muitas vezes \u00e9 ignorado em fun\u00e7\u00e3o da busca implac\u00e1vel por resultados.<\/p>\n<blockquote><p>O impacto das emo\u00e7\u00f5es \u00e9 ignorado em fun\u00e7\u00e3o da busca implac\u00e1vel por resultados<\/p><\/blockquote>\n<p>Toxinas n\u00e3o surgem necessariamente de coisas m\u00e1s, como ass\u00e9dio moral, verbal, virtual ou sexual, ainda que esses sejam os mais comuns. Superprote\u00e7\u00e3o, f\u00e9rias for\u00e7adas, promessas n\u00e3o cumpridas, excesso de amor, ou todo e qualquer sentimento que, intencionalmente ou n\u00e3o, sufoque, cause qualquer tipo de ang\u00fastia ou dor, podem se transformar em toxinas.<\/p>\n<p>Marcus Buckingham, uma das autoridades mundiais em produtividade, gerenciamento e lideran\u00e7a, afirma que se quisermos que as pessoas cres\u00e7am devemos apostar e investir nos seus pontos fortes. \u00c9 por isso que existem bons l\u00edderes e l\u00edderes medianos no mercado. E qual a liga\u00e7\u00e3o entre funcion\u00e1rios engajados, produtividade, lucro, satisfa\u00e7\u00e3o do cliente e taxa de turno ver? Buckingham d\u00e1 a dica: boas equipes t\u00eam sempre um grande gerente. E a dura\u00e7\u00e3o da perman\u00eancia de um profissional em uma empresa depende muito da qualidade de sua lideran\u00e7a.<\/p>\n<blockquote><p>Voc\u00ea sabe qual a liga\u00e7\u00e3o entre funcion\u00e1rios engajados, produtividade, lucro, satisfa\u00e7\u00e3o do cliente e taxa de turno ver?<\/p><\/blockquote>\n<p>Ele explica que a diferen\u00e7a entre grandes gerentes e outros medianos \u00e9 que os grandes focam nas fortalezas, enquanto os pequenos trabalham nas fraquezas, identificando os pontos fracos dos funcion\u00e1rios e buscando falhas para serem remediadas. Al\u00e9m de acabar com a autoestima individual, este l\u00edder mediano mant\u00e9m o foco justamente no fracasso, o que acontece na maioria das empresas do mundo.<\/p>\n<blockquote>\n<h4><a href=\"http:\/\/www.ocodigosecretodavenda.com.br\">FA\u00c7A A SUA INSCRI\u00c7\u00c3O NO CURSO O C\u00d3DIGO SECRETO DA VENDA<\/a><\/h4>\n<\/blockquote>\n<p>Em sua pesquisa iniciada com uma sondagem de 80 mil gerentes conduzida pela Gallup Organization, seguida de estudos minuciosos com entrevistas junto aos l\u00edderes de maior desempenho do mundo, constatou que apesar de haver tantos estilos de gest\u00e3o quanto o n\u00famero de gerentes, h\u00e1 uma qualidade que diferencia os realmente grandes: descobrir o que \u00e9 peculiar a cada pessoa e tirar proveito disso. Ele compara a um jogo de xadrez, afirmando que um gerente t\u00edpico joga damas, enquanto o grande gerente joga xadrez.<\/p>\n<blockquote><p>A diferen\u00e7a entre grandes gerentes e outros medianos \u00e9 que os grandes focam nas fortalezas, enquanto os pequenos trabalham nas fraquezas<\/p><\/blockquote>\n<p>Que tal? Que tipo de jogo voc\u00ea quer jogar? Que tipo de l\u00edder voc\u00ea quer ser: contagiante ou contagioso? A decis\u00e3o est\u00e1 em suas m\u00e3os!<\/p>\n<p>Assista a entrevista completa de Alessandra Assad sobre LIDERAN\u00c7A T\u00d3XICA na S\u00e9rie Papo de Especialista do Canal Radar Executivo no YouTube ou em nosso Podcast no Spotify.<\/p>\n<p>&nbsp;<\/p>\n<p>VOC\u00ca TAMB\u00c9M PODE GOSTAR DO ARTIGO: <a href=\"https:\/\/radarexecutivo.com.br\/revista\/2021\/12\/18\/neurociencia-e-aprendizagem\/\">NEUROCI\u00caNCIA E APRENDIZAGEM<\/a><\/p>\n<p>&nbsp;<\/p>\n<p><img loading=\"lazy\" decoding=\"async\" class=\" wp-image-1489 alignleft\" src=\"http:\/\/radarexecutivo.com.br\/revista\/wp-content\/uploads\/2021\/12\/ALESSANDRA-ASSAD-300x300.jpg\" alt=\"\" width=\"134\" height=\"134\" srcset=\"https:\/\/radarexecutivo.com.br\/revista\/wp-content\/uploads\/2021\/12\/ALESSANDRA-ASSAD-300x300.jpg 300w, https:\/\/radarexecutivo.com.br\/revista\/wp-content\/uploads\/2021\/12\/ALESSANDRA-ASSAD-150x150.jpg 150w, https:\/\/radarexecutivo.com.br\/revista\/wp-content\/uploads\/2021\/12\/ALESSANDRA-ASSAD-130x130.jpg 130w, https:\/\/radarexecutivo.com.br\/revista\/wp-content\/uploads\/2021\/12\/ALESSANDRA-ASSAD.jpg 400w\" sizes=\"auto, (max-width: 134px) 100vw, 134px\" \/>Autora : Alessandra Assad \u00e9 Master of Science in Business Administration in Neuromarketing na institui\u00e7\u00e3o de ensino Florida Christian University, \u00e9 jornalista especializada em management, com MBA em Dire\u00e7\u00e3o Estrat\u00e9gica e Mestrado em Neurolideran\u00e7a. Professora nos MBAs da Funda\u00e7\u00e3o Get\u00falio Vargas em todo o Brasil e professora no Master of Science in Business Administration in Neuromarketing na Florida Christian University. Palestrante internacional e CEO da ASSIM ASSAD &#8211; Desenvolvimento Humano. Autora dos livros <a href=\"https:\/\/amzn.to\/3ICckkm\"><em>Atreva-se a Mudar!<\/em><\/a>,\u00a0<em><a href=\"https:\/\/amzn.to\/3y9MteY\">Leve o Cora\u00e7\u00e3o para o Trabalh<\/a>o<\/em>\u00a0e\u00a0<em>A Arte da Guerra para Gest\u00e3o de Equipes\u00a0<\/em>e <a href=\"https:\/\/amzn.to\/3dzQTSP\"><em>Lideran\u00e7a T\u00f3xica<\/em><\/a>.<\/p>\n<p>&nbsp;<\/p>\n<p><iframe title=\"Spotify Embed: #005 LIDERAN\u00c7A T\u00d3XICA - ENTREVISTA ALESSANDRA ASSAD\" style=\"border-radius: 12px\" width=\"100%\" height=\"152\" frameborder=\"0\" allowfullscreen allow=\"autoplay; clipboard-write; encrypted-media; fullscreen; picture-in-picture\" loading=\"lazy\" src=\"https:\/\/open.spotify.com\/embed\/episode\/0DFmZiGd7pSCSYf1ZkydIa?si=c4a42efec13a4f02&#038;utm_source=oembed\"><\/iframe><\/p>\n<p><iframe loading=\"lazy\" title=\"LIDERAN\u00c7A T\u00d3XICA\" width=\"1200\" height=\"675\" src=\"https:\/\/www.youtube.com\/embed\/UIpWlu8jah8?feature=oembed\" frameborder=\"0\" allow=\"accelerometer; autoplay; clipboard-write; encrypted-media; gyroscope; picture-in-picture\" allowfullscreen><\/iframe><\/p>\n<p>&nbsp;<\/p>\n<p>&nbsp;<\/p>\n","protected":false},"excerpt":{"rendered":"<p>Voc\u00ea j\u00e1 parou para pensar que quanto mais qualidade tem a execu\u00e7\u00e3o do seu trabalho, mais invis\u00edvel voc\u00ea fica aos olhos dos seus l\u00edderes? E com os seus liderados, n\u00e3o funciona diferente. O efeito acontece em cadeia. Como assim? Isso deve lhe fazer pensar sobre que tipo de l\u00edder voc\u00ea quer ser. Parece que ser excelente h\u00e1 muito que se tornou obriga\u00e7\u00e3o, e as pessoas s\u00f3 percebem que ali estamos, quando sa\u00edmos, por algum motivo, da linha da excel\u00eancia. Parece que quanto mais qualidade tem a execu\u00e7\u00e3o do seu trabalho, mais invis\u00edvel voc\u00ea fica aos olhos dos seus l\u00edderes. Isso [&hellip;]<\/p>\n","protected":false},"author":1,"featured_media":2454,"comment_status":"open","ping_status":"open","sticky":false,"template":"","format":"standard","meta":{"om_disable_all_campaigns":false,"footnotes":""},"categories":[785,9],"tags":[84,73,74,68,82],"class_list":["post-1244","post","type-post","status-publish","format-standard","has-post-thumbnail","hentry","category-alessandra-assad","category-lideranca-em-foco","tag-gerenciamento-do-stress","tag-gestao-de-conflitos","tag-gestao-de-equipes","tag-lideranca","tag-relacoes-humanas"],"yoast_head":"<!-- This site is optimized with the Yoast SEO plugin v18.9 - https:\/\/yoast.com\/wordpress\/plugins\/seo\/ -->\n<title>Revista Radar Executivo - Artigo: Que Tipo de L\u00edder Voc\u00ea Quer Ser.<\/title>\n<meta name=\"description\" content=\"Lideran\u00e7a, gest\u00e3o, carreira, neg\u00f3cios, marketing, empreendedorismo, pol\u00edtica, economia, inova\u00e7\u00e3o. Voc\u00ea conectado no mundo empresarial.\" \/>\n<meta name=\"robots\" content=\"index, follow, max-snippet:-1, max-image-preview:large, max-video-preview:-1\" \/>\n<link rel=\"canonical\" href=\"https:\/\/radarexecutivo.com.br\/revista\/2021\/12\/09\/que-tipo-de-lider-voce-quer-ser-afinal\/\" \/>\n<meta property=\"og:locale\" content=\"pt_BR\" \/>\n<meta property=\"og:type\" content=\"article\" \/>\n<meta property=\"og:title\" content=\"Revista Radar Executivo - Artigo: Que Tipo de L\u00edder Voc\u00ea Quer Ser.\" \/>\n<meta property=\"og:description\" content=\"Lideran\u00e7a, gest\u00e3o, carreira, neg\u00f3cios, marketing, empreendedorismo, pol\u00edtica, economia, inova\u00e7\u00e3o. Voc\u00ea conectado no mundo empresarial.\" \/>\n<meta property=\"og:url\" content=\"https:\/\/radarexecutivo.com.br\/revista\/2021\/12\/09\/que-tipo-de-lider-voce-quer-ser-afinal\/\" \/>\n<meta property=\"og:site_name\" content=\"Revista Radar Executivo\" \/>\n<meta property=\"article:published_time\" content=\"2021-12-09T11:50:14+00:00\" \/>\n<meta property=\"article:modified_time\" content=\"2022-10-26T12:59:02+00:00\" \/>\n<meta property=\"og:image\" content=\"https:\/\/radarexecutivo.com.br\/revista\/wp-content\/uploads\/2021\/12\/que-tipo-de-lider-voce-quer-ser-scaled.jpg\" \/>\n\t<meta property=\"og:image:width\" content=\"2560\" \/>\n\t<meta property=\"og:image:height\" content=\"1440\" \/>\n\t<meta property=\"og:image:type\" content=\"image\/jpeg\" \/>\n<meta name=\"twitter:card\" content=\"summary_large_image\" \/>\n<meta name=\"twitter:label1\" content=\"Escrito por\" \/>\n\t<meta name=\"twitter:data1\" content=\"Revista Radar Executivo\" \/>\n\t<meta name=\"twitter:label2\" content=\"Est. tempo de leitura\" \/>\n\t<meta name=\"twitter:data2\" content=\"5 minutos\" \/>\n<script type=\"application\/ld+json\" class=\"yoast-schema-graph\">{\"@context\":\"https:\/\/schema.org\",\"@graph\":[{\"@type\":\"Organization\",\"@id\":\"https:\/\/radarexecutivo.com.br\/revista\/#organization\",\"name\":\"Revista Radar Executivo\",\"url\":\"https:\/\/radarexecutivo.com.br\/revista\/\",\"sameAs\":[],\"logo\":{\"@type\":\"ImageObject\",\"inLanguage\":\"pt-BR\",\"@id\":\"https:\/\/radarexecutivo.com.br\/revista\/#\/schema\/logo\/image\/\",\"url\":\"https:\/\/radarexecutivo.com.br\/revista\/wp-content\/uploads\/2022\/06\/LOGO-REVISTA-PORTUGUES-PRETO-2.png\",\"contentUrl\":\"https:\/\/radarexecutivo.com.br\/revista\/wp-content\/uploads\/2022\/06\/LOGO-REVISTA-PORTUGUES-PRETO-2.png\",\"width\":8084,\"height\":2580,\"caption\":\"Revista Radar Executivo\"},\"image\":{\"@id\":\"https:\/\/radarexecutivo.com.br\/revista\/#\/schema\/logo\/image\/\"}},{\"@type\":\"WebSite\",\"@id\":\"https:\/\/radarexecutivo.com.br\/revista\/#website\",\"url\":\"https:\/\/radarexecutivo.com.br\/revista\/\",\"name\":\"Revista Radar Executivo\",\"description\":\"Voc\u00ea conectado no mundo empresarial\",\"publisher\":{\"@id\":\"https:\/\/radarexecutivo.com.br\/revista\/#organization\"},\"potentialAction\":[{\"@type\":\"SearchAction\",\"target\":{\"@type\":\"EntryPoint\",\"urlTemplate\":\"https:\/\/radarexecutivo.com.br\/revista\/?s={search_term_string}\"},\"query-input\":\"required name=search_term_string\"}],\"inLanguage\":\"pt-BR\"},{\"@type\":\"ImageObject\",\"inLanguage\":\"pt-BR\",\"@id\":\"https:\/\/radarexecutivo.com.br\/revista\/2021\/12\/09\/que-tipo-de-lider-voce-quer-ser-afinal\/#primaryimage\",\"url\":\"https:\/\/radarexecutivo.com.br\/revista\/wp-content\/uploads\/2021\/12\/que-tipo-de-lider-voce-quer-ser-scaled.jpg\",\"contentUrl\":\"https:\/\/radarexecutivo.com.br\/revista\/wp-content\/uploads\/2021\/12\/que-tipo-de-lider-voce-quer-ser-scaled.jpg\",\"width\":2560,\"height\":1440,\"caption\":\"QUE TIPO DE L\u00cdDER VOC\u00ca QUER SER. WHAT KIND OF LEADER DO YOU WANT TO BE. QUE TIPO DE L\u00cdDER QUIERES SER\"},{\"@type\":\"WebPage\",\"@id\":\"https:\/\/radarexecutivo.com.br\/revista\/2021\/12\/09\/que-tipo-de-lider-voce-quer-ser-afinal\/#webpage\",\"url\":\"https:\/\/radarexecutivo.com.br\/revista\/2021\/12\/09\/que-tipo-de-lider-voce-quer-ser-afinal\/\",\"name\":\"Revista Radar Executivo - Artigo: Que Tipo de L\u00edder Voc\u00ea Quer Ser.\",\"isPartOf\":{\"@id\":\"https:\/\/radarexecutivo.com.br\/revista\/#website\"},\"primaryImageOfPage\":{\"@id\":\"https:\/\/radarexecutivo.com.br\/revista\/2021\/12\/09\/que-tipo-de-lider-voce-quer-ser-afinal\/#primaryimage\"},\"datePublished\":\"2021-12-09T11:50:14+00:00\",\"dateModified\":\"2022-10-26T12:59:02+00:00\",\"description\":\"Lideran\u00e7a, gest\u00e3o, carreira, neg\u00f3cios, marketing, empreendedorismo, pol\u00edtica, economia, inova\u00e7\u00e3o. Voc\u00ea conectado no mundo empresarial.\",\"breadcrumb\":{\"@id\":\"https:\/\/radarexecutivo.com.br\/revista\/2021\/12\/09\/que-tipo-de-lider-voce-quer-ser-afinal\/#breadcrumb\"},\"inLanguage\":\"pt-BR\",\"potentialAction\":[{\"@type\":\"ReadAction\",\"target\":[\"https:\/\/radarexecutivo.com.br\/revista\/2021\/12\/09\/que-tipo-de-lider-voce-quer-ser-afinal\/\"]}]},{\"@type\":\"BreadcrumbList\",\"@id\":\"https:\/\/radarexecutivo.com.br\/revista\/2021\/12\/09\/que-tipo-de-lider-voce-quer-ser-afinal\/#breadcrumb\",\"itemListElement\":[{\"@type\":\"ListItem\",\"position\":1,\"name\":\"home\",\"item\":\"https:\/\/radarexecutivo.com.br\/revista\/\"},{\"@type\":\"ListItem\",\"position\":2,\"name\":\"gerenciamento do stress\",\"item\":\"https:\/\/radarexecutivo.com.br\/revista\/tag\/gerenciamento-do-stress\/\"},{\"@type\":\"ListItem\",\"position\":3,\"name\":\"QUE TIPO DE L\u00cdDER VOC\u00ca QUER SER\"}]},{\"@type\":\"Article\",\"@id\":\"https:\/\/radarexecutivo.com.br\/revista\/2021\/12\/09\/que-tipo-de-lider-voce-quer-ser-afinal\/#article\",\"isPartOf\":{\"@id\":\"https:\/\/radarexecutivo.com.br\/revista\/2021\/12\/09\/que-tipo-de-lider-voce-quer-ser-afinal\/#webpage\"},\"author\":{\"@id\":\"https:\/\/radarexecutivo.com.br\/revista\/#\/schema\/person\/fa7d561ec3c1e5e8f9aee0a176cd0162\"},\"headline\":\"QUE TIPO DE L\u00cdDER VOC\u00ca QUER SER\",\"datePublished\":\"2021-12-09T11:50:14+00:00\",\"dateModified\":\"2022-10-26T12:59:02+00:00\",\"mainEntityOfPage\":{\"@id\":\"https:\/\/radarexecutivo.com.br\/revista\/2021\/12\/09\/que-tipo-de-lider-voce-quer-ser-afinal\/#webpage\"},\"wordCount\":971,\"commentCount\":0,\"publisher\":{\"@id\":\"https:\/\/radarexecutivo.com.br\/revista\/#organization\"},\"image\":{\"@id\":\"https:\/\/radarexecutivo.com.br\/revista\/2021\/12\/09\/que-tipo-de-lider-voce-quer-ser-afinal\/#primaryimage\"},\"thumbnailUrl\":\"https:\/\/radarexecutivo.com.br\/revista\/wp-content\/uploads\/2021\/12\/que-tipo-de-lider-voce-quer-ser-scaled.jpg\",\"keywords\":[\"gerenciamento do stress\",\"gest\u00e3o de conflitos\",\"gest\u00e3o de equipes\",\"lideran\u00e7a\",\"rela\u00e7\u00f5es humanas\"],\"articleSection\":[\"ALESSANDRA ASSAD\",\"LIDERAN\u00c7A EM FOCO\"],\"inLanguage\":\"pt-BR\",\"potentialAction\":[{\"@type\":\"CommentAction\",\"name\":\"Comment\",\"target\":[\"https:\/\/radarexecutivo.com.br\/revista\/2021\/12\/09\/que-tipo-de-lider-voce-quer-ser-afinal\/#respond\"]}]},{\"@type\":\"Person\",\"@id\":\"https:\/\/radarexecutivo.com.br\/revista\/#\/schema\/person\/fa7d561ec3c1e5e8f9aee0a176cd0162\",\"name\":\"Revista Radar Executivo\",\"image\":{\"@type\":\"ImageObject\",\"inLanguage\":\"pt-BR\",\"@id\":\"https:\/\/radarexecutivo.com.br\/revista\/#\/schema\/person\/image\/\",\"url\":\"https:\/\/secure.gravatar.com\/avatar\/13c41cad95f86d1121ade5519feb60932dc6dc8287e4743bcec5ce91b8ef2196?s=96&d=mm&r=g\",\"contentUrl\":\"https:\/\/secure.gravatar.com\/avatar\/13c41cad95f86d1121ade5519feb60932dc6dc8287e4743bcec5ce91b8ef2196?s=96&d=mm&r=g\",\"caption\":\"Revista Radar Executivo\"},\"sameAs\":[\"http:\/\/radarexecutivo.com.br\/revista\"],\"url\":\"https:\/\/radarexecutivo.com.br\/revista\/author\/radarexecutivo\/\"}]}<\/script>\n<!-- \/ Yoast SEO plugin. -->","yoast_head_json":{"title":"Revista Radar Executivo - Artigo: Que Tipo de L\u00edder Voc\u00ea Quer Ser.","description":"Lideran\u00e7a, gest\u00e3o, carreira, neg\u00f3cios, marketing, empreendedorismo, pol\u00edtica, economia, inova\u00e7\u00e3o. Voc\u00ea conectado no mundo empresarial.","robots":{"index":"index","follow":"follow","max-snippet":"max-snippet:-1","max-image-preview":"max-image-preview:large","max-video-preview":"max-video-preview:-1"},"canonical":"https:\/\/radarexecutivo.com.br\/revista\/2021\/12\/09\/que-tipo-de-lider-voce-quer-ser-afinal\/","og_locale":"pt_BR","og_type":"article","og_title":"Revista Radar Executivo - Artigo: Que Tipo de L\u00edder Voc\u00ea Quer Ser.","og_description":"Lideran\u00e7a, gest\u00e3o, carreira, neg\u00f3cios, marketing, empreendedorismo, pol\u00edtica, economia, inova\u00e7\u00e3o. Voc\u00ea conectado no mundo empresarial.","og_url":"https:\/\/radarexecutivo.com.br\/revista\/2021\/12\/09\/que-tipo-de-lider-voce-quer-ser-afinal\/","og_site_name":"Revista Radar Executivo","article_published_time":"2021-12-09T11:50:14+00:00","article_modified_time":"2022-10-26T12:59:02+00:00","og_image":[{"width":2560,"height":1440,"url":"https:\/\/radarexecutivo.com.br\/revista\/wp-content\/uploads\/2021\/12\/que-tipo-de-lider-voce-quer-ser-scaled.jpg","type":"image\/jpeg"}],"twitter_card":"summary_large_image","twitter_misc":{"Escrito por":"Revista Radar Executivo","Est. tempo de leitura":"5 minutos"},"schema":{"@context":"https:\/\/schema.org","@graph":[{"@type":"Organization","@id":"https:\/\/radarexecutivo.com.br\/revista\/#organization","name":"Revista Radar Executivo","url":"https:\/\/radarexecutivo.com.br\/revista\/","sameAs":[],"logo":{"@type":"ImageObject","inLanguage":"pt-BR","@id":"https:\/\/radarexecutivo.com.br\/revista\/#\/schema\/logo\/image\/","url":"https:\/\/radarexecutivo.com.br\/revista\/wp-content\/uploads\/2022\/06\/LOGO-REVISTA-PORTUGUES-PRETO-2.png","contentUrl":"https:\/\/radarexecutivo.com.br\/revista\/wp-content\/uploads\/2022\/06\/LOGO-REVISTA-PORTUGUES-PRETO-2.png","width":8084,"height":2580,"caption":"Revista Radar Executivo"},"image":{"@id":"https:\/\/radarexecutivo.com.br\/revista\/#\/schema\/logo\/image\/"}},{"@type":"WebSite","@id":"https:\/\/radarexecutivo.com.br\/revista\/#website","url":"https:\/\/radarexecutivo.com.br\/revista\/","name":"Revista Radar Executivo","description":"Voc\u00ea conectado no mundo empresarial","publisher":{"@id":"https:\/\/radarexecutivo.com.br\/revista\/#organization"},"potentialAction":[{"@type":"SearchAction","target":{"@type":"EntryPoint","urlTemplate":"https:\/\/radarexecutivo.com.br\/revista\/?s={search_term_string}"},"query-input":"required name=search_term_string"}],"inLanguage":"pt-BR"},{"@type":"ImageObject","inLanguage":"pt-BR","@id":"https:\/\/radarexecutivo.com.br\/revista\/2021\/12\/09\/que-tipo-de-lider-voce-quer-ser-afinal\/#primaryimage","url":"https:\/\/radarexecutivo.com.br\/revista\/wp-content\/uploads\/2021\/12\/que-tipo-de-lider-voce-quer-ser-scaled.jpg","contentUrl":"https:\/\/radarexecutivo.com.br\/revista\/wp-content\/uploads\/2021\/12\/que-tipo-de-lider-voce-quer-ser-scaled.jpg","width":2560,"height":1440,"caption":"QUE TIPO DE L\u00cdDER VOC\u00ca QUER SER. WHAT KIND OF LEADER DO YOU WANT TO BE. QUE TIPO DE L\u00cdDER QUIERES SER"},{"@type":"WebPage","@id":"https:\/\/radarexecutivo.com.br\/revista\/2021\/12\/09\/que-tipo-de-lider-voce-quer-ser-afinal\/#webpage","url":"https:\/\/radarexecutivo.com.br\/revista\/2021\/12\/09\/que-tipo-de-lider-voce-quer-ser-afinal\/","name":"Revista Radar Executivo - Artigo: Que Tipo de L\u00edder Voc\u00ea Quer Ser.","isPartOf":{"@id":"https:\/\/radarexecutivo.com.br\/revista\/#website"},"primaryImageOfPage":{"@id":"https:\/\/radarexecutivo.com.br\/revista\/2021\/12\/09\/que-tipo-de-lider-voce-quer-ser-afinal\/#primaryimage"},"datePublished":"2021-12-09T11:50:14+00:00","dateModified":"2022-10-26T12:59:02+00:00","description":"Lideran\u00e7a, gest\u00e3o, carreira, neg\u00f3cios, marketing, empreendedorismo, pol\u00edtica, economia, inova\u00e7\u00e3o. Voc\u00ea conectado no mundo empresarial.","breadcrumb":{"@id":"https:\/\/radarexecutivo.com.br\/revista\/2021\/12\/09\/que-tipo-de-lider-voce-quer-ser-afinal\/#breadcrumb"},"inLanguage":"pt-BR","potentialAction":[{"@type":"ReadAction","target":["https:\/\/radarexecutivo.com.br\/revista\/2021\/12\/09\/que-tipo-de-lider-voce-quer-ser-afinal\/"]}]},{"@type":"BreadcrumbList","@id":"https:\/\/radarexecutivo.com.br\/revista\/2021\/12\/09\/que-tipo-de-lider-voce-quer-ser-afinal\/#breadcrumb","itemListElement":[{"@type":"ListItem","position":1,"name":"home","item":"https:\/\/radarexecutivo.com.br\/revista\/"},{"@type":"ListItem","position":2,"name":"gerenciamento do stress","item":"https:\/\/radarexecutivo.com.br\/revista\/tag\/gerenciamento-do-stress\/"},{"@type":"ListItem","position":3,"name":"QUE TIPO DE L\u00cdDER VOC\u00ca QUER SER"}]},{"@type":"Article","@id":"https:\/\/radarexecutivo.com.br\/revista\/2021\/12\/09\/que-tipo-de-lider-voce-quer-ser-afinal\/#article","isPartOf":{"@id":"https:\/\/radarexecutivo.com.br\/revista\/2021\/12\/09\/que-tipo-de-lider-voce-quer-ser-afinal\/#webpage"},"author":{"@id":"https:\/\/radarexecutivo.com.br\/revista\/#\/schema\/person\/fa7d561ec3c1e5e8f9aee0a176cd0162"},"headline":"QUE TIPO DE L\u00cdDER VOC\u00ca QUER SER","datePublished":"2021-12-09T11:50:14+00:00","dateModified":"2022-10-26T12:59:02+00:00","mainEntityOfPage":{"@id":"https:\/\/radarexecutivo.com.br\/revista\/2021\/12\/09\/que-tipo-de-lider-voce-quer-ser-afinal\/#webpage"},"wordCount":971,"commentCount":0,"publisher":{"@id":"https:\/\/radarexecutivo.com.br\/revista\/#organization"},"image":{"@id":"https:\/\/radarexecutivo.com.br\/revista\/2021\/12\/09\/que-tipo-de-lider-voce-quer-ser-afinal\/#primaryimage"},"thumbnailUrl":"https:\/\/radarexecutivo.com.br\/revista\/wp-content\/uploads\/2021\/12\/que-tipo-de-lider-voce-quer-ser-scaled.jpg","keywords":["gerenciamento do stress","gest\u00e3o de conflitos","gest\u00e3o de equipes","lideran\u00e7a","rela\u00e7\u00f5es humanas"],"articleSection":["ALESSANDRA ASSAD","LIDERAN\u00c7A EM FOCO"],"inLanguage":"pt-BR","potentialAction":[{"@type":"CommentAction","name":"Comment","target":["https:\/\/radarexecutivo.com.br\/revista\/2021\/12\/09\/que-tipo-de-lider-voce-quer-ser-afinal\/#respond"]}]},{"@type":"Person","@id":"https:\/\/radarexecutivo.com.br\/revista\/#\/schema\/person\/fa7d561ec3c1e5e8f9aee0a176cd0162","name":"Revista Radar Executivo","image":{"@type":"ImageObject","inLanguage":"pt-BR","@id":"https:\/\/radarexecutivo.com.br\/revista\/#\/schema\/person\/image\/","url":"https:\/\/secure.gravatar.com\/avatar\/13c41cad95f86d1121ade5519feb60932dc6dc8287e4743bcec5ce91b8ef2196?s=96&d=mm&r=g","contentUrl":"https:\/\/secure.gravatar.com\/avatar\/13c41cad95f86d1121ade5519feb60932dc6dc8287e4743bcec5ce91b8ef2196?s=96&d=mm&r=g","caption":"Revista Radar Executivo"},"sameAs":["http:\/\/radarexecutivo.com.br\/revista"],"url":"https:\/\/radarexecutivo.com.br\/revista\/author\/radarexecutivo\/"}]}},"_links":{"self":[{"href":"https:\/\/radarexecutivo.com.br\/revista\/wp-json\/wp\/v2\/posts\/1244","targetHints":{"allow":["GET"]}}],"collection":[{"href":"https:\/\/radarexecutivo.com.br\/revista\/wp-json\/wp\/v2\/posts"}],"about":[{"href":"https:\/\/radarexecutivo.com.br\/revista\/wp-json\/wp\/v2\/types\/post"}],"author":[{"embeddable":true,"href":"https:\/\/radarexecutivo.com.br\/revista\/wp-json\/wp\/v2\/users\/1"}],"replies":[{"embeddable":true,"href":"https:\/\/radarexecutivo.com.br\/revista\/wp-json\/wp\/v2\/comments?post=1244"}],"version-history":[{"count":11,"href":"https:\/\/radarexecutivo.com.br\/revista\/wp-json\/wp\/v2\/posts\/1244\/revisions"}],"predecessor-version":[{"id":3139,"href":"https:\/\/radarexecutivo.com.br\/revista\/wp-json\/wp\/v2\/posts\/1244\/revisions\/3139"}],"wp:featuredmedia":[{"embeddable":true,"href":"https:\/\/radarexecutivo.com.br\/revista\/wp-json\/wp\/v2\/media\/2454"}],"wp:attachment":[{"href":"https:\/\/radarexecutivo.com.br\/revista\/wp-json\/wp\/v2\/media?parent=1244"}],"wp:term":[{"taxonomy":"category","embeddable":true,"href":"https:\/\/radarexecutivo.com.br\/revista\/wp-json\/wp\/v2\/categories?post=1244"},{"taxonomy":"post_tag","embeddable":true,"href":"https:\/\/radarexecutivo.com.br\/revista\/wp-json\/wp\/v2\/tags?post=1244"}],"curies":[{"name":"wp","href":"https:\/\/api.w.org\/{rel}","templated":true}]}}