{"id":1412,"date":"2021-12-15T09:44:38","date_gmt":"2021-12-15T12:44:38","guid":{"rendered":"http:\/\/radarexecutivo.com.br\/revista\/?p=1412"},"modified":"2021-12-15T09:44:38","modified_gmt":"2021-12-15T12:44:38","slug":"graca-para-nos-regenerar","status":"publish","type":"post","link":"https:\/\/radarexecutivo.com.br\/revista\/2021\/12\/15\/graca-para-nos-regenerar\/","title":{"rendered":"GRA\u00c7A PARA NOS REGENERAR"},"content":{"rendered":"<p>A palavra regenerar significa conceder uma vida nova, significa restaura\u00e7\u00e3o no sentido de organizar novamente, significa reconstituir no sentido de restituir as nossas for\u00e7as, de refazer. \u00c9 assim que Deus age atrav\u00e9s da sua imensa gra\u00e7a, Ele nos restaura, Ele nos concede uma nova vida, Ele reorganiza os nossos valores, Ele reconstitui o nosso esp\u00edrito, Ele refaz o nosso caminho. Ningu\u00e9m al\u00e9m de Deus tem este poder, quando Deus entra em nossa vida, nada fica no lugar, nada de sujo permanece em nossa alma, somos lavados, somos regenerados pelo poder do Esp\u00edrito Santo de Deus que agora habita em n\u00f3s.<\/p>\n<p>Somos regenerados n\u00e3o pelas nossas for\u00e7as, n\u00e3o pela nossa obedi\u00eancia, n\u00e3o pelos nossos m\u00e9ritos, n\u00e3o pelas nossas obras, somos regenerados porque Deus, em sua infinita miseric\u00f3rdia estendeu sua m\u00e3o sobre para cada um de n\u00f3s. A m\u00e3o poderosa do Senhor nos alcan\u00e7a onde quer n\u00f3s estejamos, n\u00e3o importa o tamanho do seu pecado, o amor de Deus \u00e9 maior do que todos os nossos pecados juntos.<\/p>\n<blockquote><p>Quando Deus entra em nossa vida, nada fica no lugar, nada de sujo permanece em nossa alma<\/p><\/blockquote>\n<p>Quando a gra\u00e7a e o amor de Deus nos alcan\u00e7am nada fica no mesmo lugar, nossa vida muda, nossos valores mudam, nossa vis\u00e3o muda, nossa percep\u00e7\u00e3o do pecado muda, n\u00e3o somos mais aquilo que \u00e9ramos antes. O velho ser humano que habitava em cada um de n\u00f3s morreu, e no lugar dele nasceu um servo, um escravo do amor de Deus. N\u00e3o estamos mais presos a tenta\u00e7\u00e3o dos olhos, n\u00e3o estamos mais presos a tenta\u00e7\u00e3o da carne, agora quem comanda a nossa vida \u00e9 Jesus.<\/p>\n<p>Quando a gra\u00e7a nos alcan\u00e7a e somos regenerados, morremos para o mundo e damos lugar a uma nova vida, a vida do Esp\u00edrito Santo de Deus vivendo em n\u00f3s. S\u00f3 quem viveu preso ao cativeiro do \u00e1lcool, s\u00f3 quem viveu preso ao cativeiro das drogas, s\u00f3 quem viveu preso ao cativeiro do adult\u00e9rio sabe o que \u00e9 ser libertado. S\u00f3 quem confessa os seus pecados e se arrepende, valoriza a obra redentora de Cristo em sua vida.<\/p>\n<blockquote><p>Quando a gra\u00e7a nos alcan\u00e7a e somos regenerados, morremos para o mundo e damos lugar a uma nova vida<\/p><\/blockquote>\n<p>N\u00e3o existe nada em n\u00f3s para que tenhamos orgulho, somos puro pecado, somos fracos e n\u00e3o podemos vencer sozinhos as tenta\u00e7\u00f5es deste mundo. Sozinhos n\u00e3o temos for\u00e7as, sozinhos somos apenas p\u00f3, sozinhos somos derrotados pelo inimigo facilmente. A Luta da Salva\u00e7\u00e3o j\u00e1 est\u00e1 ganha, e quem conquistou a vit\u00f3ria para voc\u00ea foi Jesus na Cruz do Calv\u00e1rio, ent\u00e3o n\u00e3o tente vencer Satan\u00e1s sozinho, ou voc\u00ea ser\u00e1 derrotado.<\/p>\n<p>N\u00e3o confie na sua pr\u00f3pria capacidade de resistir, n\u00e3o confie em suas pr\u00f3prias for\u00e7as, n\u00e3o confie em seu pr\u00f3prio car\u00e1ter, n\u00e3o confie em suas pr\u00f3prias palavras, n\u00e3o confie em suas pr\u00f3prias escolhas e decis\u00f5es. Confie apenas em Deus, escute a sua voz e aja conforme a sua orienta\u00e7\u00e3o e todas as coisas ir\u00e3o cooperar para a sua vit\u00f3ria e para sua salva\u00e7\u00e3o. Permita que Deus assuma o controle da sua vida e mude tudo que precisa ser mudado, n\u00e3o resista a obra do Esp\u00edrito Santo, entregue-se sem medo, confie no Pai, tenha f\u00e9 em sua Palavra e Ele vai lhe dar uma vida nova, um cora\u00e7\u00e3o novo, uma mente renovada, e trar\u00e1 paz, para onde antes s\u00f3 havia d\u00favidas, medos, ang\u00fastia, engano e dor.<\/p>\n<blockquote><p>N\u00e3o existe nada em n\u00f3s para que tenhamos orgulho, somos puro pecado, somos fracos e n\u00e3o podemos vencer sozinhos as tenta\u00e7\u00f5es deste mundo<\/p><\/blockquote>\n<p>Santifique o seu corpo, purifique a sua mente, abra o seu cora\u00e7\u00e3o para que o amor e a gra\u00e7a de Deus possam fazer morada em sua vida. N\u00e3o tente resistir, pois Deus vai lhe alcan\u00e7ar de qualquer jeito, seja pelo amor ou pela dor. N\u00e3o perca mais tempo com coisas sem valor, para de tentar juntar tesouros na terra, comece a juntar tesouros no c\u00e9u. Sua vida \u00e9 muito curta para ser vivida toda em pecado, ainda h\u00e1 tempo de mudar, ainda h\u00e1 tempo de fazer uma Nova Escolha, ainda a h\u00e1 tempo para nascer de novo e ser regenerado, n\u00e3o perca mais uma chance.<\/p>\n<blockquote><p>Santifique o seu corpo, purifique a sua mente, abra o seu cora\u00e7\u00e3o para que o amor e a gra\u00e7a de Deus possam fazer morada em sua vida<\/p><\/blockquote>\n<p>Fa\u00e7a a sua escolha hoje, deixe para tr\u00e1s tudo que lhe aprisiona e lhe adoece. Deixe que o Esp\u00edrito Santo de Deus tome conta de todo o seu ser, entregue o seu corpo, o seu cora\u00e7\u00e3o e a sua mente como oferta no Altar do Senhor e Ele lhe dar\u00e1 a vida eterna e mudar\u00e1 os teus caminhos. Seja como barro nas m\u00e3os poderosas de Deus e deixe que Ele molde e transforme a sua vida. Que Deus fa\u00e7a de voc\u00ea um vaso novo, cheio do Esp\u00edrito Santo e da sua un\u00e7\u00e3o.<\/p>\n<p>&nbsp;<\/p>\n<p><iframe loading=\"lazy\" title=\"GRA\u00c7A PARA NOS REGENERAR\" width=\"1200\" height=\"675\" src=\"https:\/\/www.youtube.com\/embed\/swGdwD45I_4?feature=oembed\" frameborder=\"0\" allow=\"accelerometer; autoplay; clipboard-write; encrypted-media; gyroscope; picture-in-picture\" allowfullscreen><\/iframe><\/p>\n<p>&nbsp;<\/p>\n","protected":false},"excerpt":{"rendered":"<p>A palavra regenerar significa conceder uma vida nova, significa restaura\u00e7\u00e3o no sentido de organizar novamente, significa reconstituir no sentido de restituir as nossas for\u00e7as, de refazer. \u00c9 assim que Deus age atrav\u00e9s da sua imensa gra\u00e7a, Ele nos restaura, Ele nos concede uma nova vida, Ele reorganiza os nossos valores, Ele reconstitui o nosso esp\u00edrito, Ele refaz o nosso caminho. Ningu\u00e9m al\u00e9m de Deus tem este poder, quando Deus entra em nossa vida, nada fica no lugar, nada de sujo permanece em nossa alma, somos lavados, somos regenerados pelo poder do Esp\u00edrito Santo de Deus que agora habita em n\u00f3s. [&hellip;]<\/p>\n","protected":false},"author":1,"featured_media":1413,"comment_status":"open","ping_status":"open","sticky":false,"template":"","format":"standard","meta":{"om_disable_all_campaigns":false,"footnotes":""},"categories":[1],"tags":[71,85,87,86],"class_list":["post-1412","post","type-post","status-publish","format-standard","has-post-thumbnail","hentry","category-sem-categoria","tag-carreira","tag-crescimento-espiritual","tag-espiritualidade","tag-lideranca-crista"],"yoast_head":"<!-- This site is optimized with the Yoast SEO plugin v18.9 - https:\/\/yoast.com\/wordpress\/plugins\/seo\/ -->\n<title>P\u00e1gina Inicial<\/title>\n<meta name=\"description\" content=\"Lideran\u00e7a, gest\u00e3o, carreira, neg\u00f3cios, marketing, empreendedorismo, pol\u00edtica, economia, inova\u00e7\u00e3o. Voc\u00ea conectado no mundo empresarial.\" \/>\n<meta name=\"robots\" content=\"index, follow, max-snippet:-1, max-image-preview:large, max-video-preview:-1\" \/>\n<link rel=\"canonical\" href=\"https:\/\/radarexecutivo.com.br\/revista\/2021\/12\/15\/graca-para-nos-regenerar\/\" \/>\n<meta property=\"og:locale\" content=\"pt_BR\" \/>\n<meta property=\"og:type\" content=\"article\" \/>\n<meta property=\"og:title\" content=\"P\u00e1gina Inicial\" \/>\n<meta property=\"og:description\" content=\"Lideran\u00e7a, gest\u00e3o, carreira, neg\u00f3cios, marketing, empreendedorismo, pol\u00edtica, economia, inova\u00e7\u00e3o. Voc\u00ea conectado no mundo empresarial.\" \/>\n<meta property=\"og:url\" content=\"https:\/\/radarexecutivo.com.br\/revista\/2021\/12\/15\/graca-para-nos-regenerar\/\" \/>\n<meta property=\"og:site_name\" content=\"Revista Radar Executivo\" \/>\n<meta property=\"article:published_time\" content=\"2021-12-15T12:44:38+00:00\" \/>\n<meta property=\"og:image\" content=\"https:\/\/radarexecutivo.com.br\/revista\/wp-content\/uploads\/2021\/12\/GRACA-PARA-NOS-REGENERAR-scaled.jpg\" \/>\n\t<meta property=\"og:image:width\" content=\"2560\" \/>\n\t<meta property=\"og:image:height\" content=\"1440\" \/>\n\t<meta property=\"og:image:type\" content=\"image\/jpeg\" \/>\n<meta name=\"twitter:card\" content=\"summary_large_image\" \/>\n<meta name=\"twitter:label1\" content=\"Escrito por\" \/>\n\t<meta name=\"twitter:data1\" content=\"Revista Radar Executivo\" \/>\n\t<meta name=\"twitter:label2\" content=\"Est. tempo de leitura\" \/>\n\t<meta name=\"twitter:data2\" content=\"4 minutos\" \/>\n<script type=\"application\/ld+json\" class=\"yoast-schema-graph\">{\"@context\":\"https:\/\/schema.org\",\"@graph\":[{\"@type\":\"Organization\",\"@id\":\"https:\/\/radarexecutivo.com.br\/revista\/#organization\",\"name\":\"Revista Radar Executivo\",\"url\":\"https:\/\/radarexecutivo.com.br\/revista\/\",\"sameAs\":[],\"logo\":{\"@type\":\"ImageObject\",\"inLanguage\":\"pt-BR\",\"@id\":\"https:\/\/radarexecutivo.com.br\/revista\/#\/schema\/logo\/image\/\",\"url\":\"https:\/\/radarexecutivo.com.br\/revista\/wp-content\/uploads\/2022\/06\/LOGO-REVISTA-PORTUGUES-PRETO-2.png\",\"contentUrl\":\"https:\/\/radarexecutivo.com.br\/revista\/wp-content\/uploads\/2022\/06\/LOGO-REVISTA-PORTUGUES-PRETO-2.png\",\"width\":8084,\"height\":2580,\"caption\":\"Revista Radar Executivo\"},\"image\":{\"@id\":\"https:\/\/radarexecutivo.com.br\/revista\/#\/schema\/logo\/image\/\"}},{\"@type\":\"WebSite\",\"@id\":\"https:\/\/radarexecutivo.com.br\/revista\/#website\",\"url\":\"https:\/\/radarexecutivo.com.br\/revista\/\",\"name\":\"Revista Radar Executivo\",\"description\":\"Voc\u00ea conectado no mundo empresarial\",\"publisher\":{\"@id\":\"https:\/\/radarexecutivo.com.br\/revista\/#organization\"},\"potentialAction\":[{\"@type\":\"SearchAction\",\"target\":{\"@type\":\"EntryPoint\",\"urlTemplate\":\"https:\/\/radarexecutivo.com.br\/revista\/?s={search_term_string}\"},\"query-input\":\"required name=search_term_string\"}],\"inLanguage\":\"pt-BR\"},{\"@type\":\"ImageObject\",\"inLanguage\":\"pt-BR\",\"@id\":\"https:\/\/radarexecutivo.com.br\/revista\/2021\/12\/15\/graca-para-nos-regenerar\/#primaryimage\",\"url\":\"https:\/\/radarexecutivo.com.br\/revista\/wp-content\/uploads\/2021\/12\/GRACA-PARA-NOS-REGENERAR-scaled.jpg\",\"contentUrl\":\"https:\/\/radarexecutivo.com.br\/revista\/wp-content\/uploads\/2021\/12\/GRACA-PARA-NOS-REGENERAR-scaled.jpg\",\"width\":2560,\"height\":1440},{\"@type\":\"WebPage\",\"@id\":\"https:\/\/radarexecutivo.com.br\/revista\/2021\/12\/15\/graca-para-nos-regenerar\/#webpage\",\"url\":\"https:\/\/radarexecutivo.com.br\/revista\/2021\/12\/15\/graca-para-nos-regenerar\/\",\"name\":\"P\u00e1gina Inicial\",\"isPartOf\":{\"@id\":\"https:\/\/radarexecutivo.com.br\/revista\/#website\"},\"primaryImageOfPage\":{\"@id\":\"https:\/\/radarexecutivo.com.br\/revista\/2021\/12\/15\/graca-para-nos-regenerar\/#primaryimage\"},\"datePublished\":\"2021-12-15T12:44:38+00:00\",\"dateModified\":\"2021-12-15T12:44:38+00:00\",\"description\":\"Lideran\u00e7a, gest\u00e3o, carreira, neg\u00f3cios, marketing, empreendedorismo, pol\u00edtica, economia, inova\u00e7\u00e3o. Voc\u00ea conectado no mundo empresarial.\",\"breadcrumb\":{\"@id\":\"https:\/\/radarexecutivo.com.br\/revista\/2021\/12\/15\/graca-para-nos-regenerar\/#breadcrumb\"},\"inLanguage\":\"pt-BR\",\"potentialAction\":[{\"@type\":\"ReadAction\",\"target\":[\"https:\/\/radarexecutivo.com.br\/revista\/2021\/12\/15\/graca-para-nos-regenerar\/\"]}]},{\"@type\":\"BreadcrumbList\",\"@id\":\"https:\/\/radarexecutivo.com.br\/revista\/2021\/12\/15\/graca-para-nos-regenerar\/#breadcrumb\",\"itemListElement\":[{\"@type\":\"ListItem\",\"position\":1,\"name\":\"home\",\"item\":\"https:\/\/radarexecutivo.com.br\/revista\/\"},{\"@type\":\"ListItem\",\"position\":2,\"name\":\"carreira\",\"item\":\"https:\/\/radarexecutivo.com.br\/revista\/tag\/carreira\/\"},{\"@type\":\"ListItem\",\"position\":3,\"name\":\"GRA\u00c7A PARA NOS REGENERAR\"}]},{\"@type\":\"Article\",\"@id\":\"https:\/\/radarexecutivo.com.br\/revista\/2021\/12\/15\/graca-para-nos-regenerar\/#article\",\"isPartOf\":{\"@id\":\"https:\/\/radarexecutivo.com.br\/revista\/2021\/12\/15\/graca-para-nos-regenerar\/#webpage\"},\"author\":{\"@id\":\"https:\/\/radarexecutivo.com.br\/revista\/#\/schema\/person\/fa7d561ec3c1e5e8f9aee0a176cd0162\"},\"headline\":\"GRA\u00c7A PARA NOS REGENERAR\",\"datePublished\":\"2021-12-15T12:44:38+00:00\",\"dateModified\":\"2021-12-15T12:44:38+00:00\",\"mainEntityOfPage\":{\"@id\":\"https:\/\/radarexecutivo.com.br\/revista\/2021\/12\/15\/graca-para-nos-regenerar\/#webpage\"},\"wordCount\":904,\"commentCount\":0,\"publisher\":{\"@id\":\"https:\/\/radarexecutivo.com.br\/revista\/#organization\"},\"image\":{\"@id\":\"https:\/\/radarexecutivo.com.br\/revista\/2021\/12\/15\/graca-para-nos-regenerar\/#primaryimage\"},\"thumbnailUrl\":\"https:\/\/radarexecutivo.com.br\/revista\/wp-content\/uploads\/2021\/12\/GRACA-PARA-NOS-REGENERAR-scaled.jpg\",\"keywords\":[\"carreira\",\"crescimento profissional\",\"espiritualidade\",\"lideran\u00e7a crist\u00e3\"],\"inLanguage\":\"pt-BR\",\"potentialAction\":[{\"@type\":\"CommentAction\",\"name\":\"Comment\",\"target\":[\"https:\/\/radarexecutivo.com.br\/revista\/2021\/12\/15\/graca-para-nos-regenerar\/#respond\"]}]},{\"@type\":\"Person\",\"@id\":\"https:\/\/radarexecutivo.com.br\/revista\/#\/schema\/person\/fa7d561ec3c1e5e8f9aee0a176cd0162\",\"name\":\"Revista Radar Executivo\",\"image\":{\"@type\":\"ImageObject\",\"inLanguage\":\"pt-BR\",\"@id\":\"https:\/\/radarexecutivo.com.br\/revista\/#\/schema\/person\/image\/\",\"url\":\"https:\/\/secure.gravatar.com\/avatar\/13c41cad95f86d1121ade5519feb60932dc6dc8287e4743bcec5ce91b8ef2196?s=96&d=mm&r=g\",\"contentUrl\":\"https:\/\/secure.gravatar.com\/avatar\/13c41cad95f86d1121ade5519feb60932dc6dc8287e4743bcec5ce91b8ef2196?s=96&d=mm&r=g\",\"caption\":\"Revista Radar Executivo\"},\"sameAs\":[\"http:\/\/radarexecutivo.com.br\/revista\"],\"url\":\"https:\/\/radarexecutivo.com.br\/revista\/author\/radarexecutivo\/\"}]}<\/script>\n<!-- \/ Yoast SEO plugin. -->","yoast_head_json":{"title":"P\u00e1gina Inicial","description":"Lideran\u00e7a, gest\u00e3o, carreira, neg\u00f3cios, marketing, empreendedorismo, pol\u00edtica, economia, inova\u00e7\u00e3o. Voc\u00ea conectado no mundo empresarial.","robots":{"index":"index","follow":"follow","max-snippet":"max-snippet:-1","max-image-preview":"max-image-preview:large","max-video-preview":"max-video-preview:-1"},"canonical":"https:\/\/radarexecutivo.com.br\/revista\/2021\/12\/15\/graca-para-nos-regenerar\/","og_locale":"pt_BR","og_type":"article","og_title":"P\u00e1gina Inicial","og_description":"Lideran\u00e7a, gest\u00e3o, carreira, neg\u00f3cios, marketing, empreendedorismo, pol\u00edtica, economia, inova\u00e7\u00e3o. Voc\u00ea conectado no mundo empresarial.","og_url":"https:\/\/radarexecutivo.com.br\/revista\/2021\/12\/15\/graca-para-nos-regenerar\/","og_site_name":"Revista Radar Executivo","article_published_time":"2021-12-15T12:44:38+00:00","og_image":[{"width":2560,"height":1440,"url":"https:\/\/radarexecutivo.com.br\/revista\/wp-content\/uploads\/2021\/12\/GRACA-PARA-NOS-REGENERAR-scaled.jpg","type":"image\/jpeg"}],"twitter_card":"summary_large_image","twitter_misc":{"Escrito por":"Revista Radar Executivo","Est. tempo de leitura":"4 minutos"},"schema":{"@context":"https:\/\/schema.org","@graph":[{"@type":"Organization","@id":"https:\/\/radarexecutivo.com.br\/revista\/#organization","name":"Revista Radar Executivo","url":"https:\/\/radarexecutivo.com.br\/revista\/","sameAs":[],"logo":{"@type":"ImageObject","inLanguage":"pt-BR","@id":"https:\/\/radarexecutivo.com.br\/revista\/#\/schema\/logo\/image\/","url":"https:\/\/radarexecutivo.com.br\/revista\/wp-content\/uploads\/2022\/06\/LOGO-REVISTA-PORTUGUES-PRETO-2.png","contentUrl":"https:\/\/radarexecutivo.com.br\/revista\/wp-content\/uploads\/2022\/06\/LOGO-REVISTA-PORTUGUES-PRETO-2.png","width":8084,"height":2580,"caption":"Revista Radar Executivo"},"image":{"@id":"https:\/\/radarexecutivo.com.br\/revista\/#\/schema\/logo\/image\/"}},{"@type":"WebSite","@id":"https:\/\/radarexecutivo.com.br\/revista\/#website","url":"https:\/\/radarexecutivo.com.br\/revista\/","name":"Revista Radar Executivo","description":"Voc\u00ea conectado no mundo empresarial","publisher":{"@id":"https:\/\/radarexecutivo.com.br\/revista\/#organization"},"potentialAction":[{"@type":"SearchAction","target":{"@type":"EntryPoint","urlTemplate":"https:\/\/radarexecutivo.com.br\/revista\/?s={search_term_string}"},"query-input":"required name=search_term_string"}],"inLanguage":"pt-BR"},{"@type":"ImageObject","inLanguage":"pt-BR","@id":"https:\/\/radarexecutivo.com.br\/revista\/2021\/12\/15\/graca-para-nos-regenerar\/#primaryimage","url":"https:\/\/radarexecutivo.com.br\/revista\/wp-content\/uploads\/2021\/12\/GRACA-PARA-NOS-REGENERAR-scaled.jpg","contentUrl":"https:\/\/radarexecutivo.com.br\/revista\/wp-content\/uploads\/2021\/12\/GRACA-PARA-NOS-REGENERAR-scaled.jpg","width":2560,"height":1440},{"@type":"WebPage","@id":"https:\/\/radarexecutivo.com.br\/revista\/2021\/12\/15\/graca-para-nos-regenerar\/#webpage","url":"https:\/\/radarexecutivo.com.br\/revista\/2021\/12\/15\/graca-para-nos-regenerar\/","name":"P\u00e1gina Inicial","isPartOf":{"@id":"https:\/\/radarexecutivo.com.br\/revista\/#website"},"primaryImageOfPage":{"@id":"https:\/\/radarexecutivo.com.br\/revista\/2021\/12\/15\/graca-para-nos-regenerar\/#primaryimage"},"datePublished":"2021-12-15T12:44:38+00:00","dateModified":"2021-12-15T12:44:38+00:00","description":"Lideran\u00e7a, gest\u00e3o, carreira, neg\u00f3cios, marketing, empreendedorismo, pol\u00edtica, economia, inova\u00e7\u00e3o. Voc\u00ea conectado no mundo empresarial.","breadcrumb":{"@id":"https:\/\/radarexecutivo.com.br\/revista\/2021\/12\/15\/graca-para-nos-regenerar\/#breadcrumb"},"inLanguage":"pt-BR","potentialAction":[{"@type":"ReadAction","target":["https:\/\/radarexecutivo.com.br\/revista\/2021\/12\/15\/graca-para-nos-regenerar\/"]}]},{"@type":"BreadcrumbList","@id":"https:\/\/radarexecutivo.com.br\/revista\/2021\/12\/15\/graca-para-nos-regenerar\/#breadcrumb","itemListElement":[{"@type":"ListItem","position":1,"name":"home","item":"https:\/\/radarexecutivo.com.br\/revista\/"},{"@type":"ListItem","position":2,"name":"carreira","item":"https:\/\/radarexecutivo.com.br\/revista\/tag\/carreira\/"},{"@type":"ListItem","position":3,"name":"GRA\u00c7A PARA NOS REGENERAR"}]},{"@type":"Article","@id":"https:\/\/radarexecutivo.com.br\/revista\/2021\/12\/15\/graca-para-nos-regenerar\/#article","isPartOf":{"@id":"https:\/\/radarexecutivo.com.br\/revista\/2021\/12\/15\/graca-para-nos-regenerar\/#webpage"},"author":{"@id":"https:\/\/radarexecutivo.com.br\/revista\/#\/schema\/person\/fa7d561ec3c1e5e8f9aee0a176cd0162"},"headline":"GRA\u00c7A PARA NOS REGENERAR","datePublished":"2021-12-15T12:44:38+00:00","dateModified":"2021-12-15T12:44:38+00:00","mainEntityOfPage":{"@id":"https:\/\/radarexecutivo.com.br\/revista\/2021\/12\/15\/graca-para-nos-regenerar\/#webpage"},"wordCount":904,"commentCount":0,"publisher":{"@id":"https:\/\/radarexecutivo.com.br\/revista\/#organization"},"image":{"@id":"https:\/\/radarexecutivo.com.br\/revista\/2021\/12\/15\/graca-para-nos-regenerar\/#primaryimage"},"thumbnailUrl":"https:\/\/radarexecutivo.com.br\/revista\/wp-content\/uploads\/2021\/12\/GRACA-PARA-NOS-REGENERAR-scaled.jpg","keywords":["carreira","crescimento profissional","espiritualidade","lideran\u00e7a crist\u00e3"],"inLanguage":"pt-BR","potentialAction":[{"@type":"CommentAction","name":"Comment","target":["https:\/\/radarexecutivo.com.br\/revista\/2021\/12\/15\/graca-para-nos-regenerar\/#respond"]}]},{"@type":"Person","@id":"https:\/\/radarexecutivo.com.br\/revista\/#\/schema\/person\/fa7d561ec3c1e5e8f9aee0a176cd0162","name":"Revista Radar Executivo","image":{"@type":"ImageObject","inLanguage":"pt-BR","@id":"https:\/\/radarexecutivo.com.br\/revista\/#\/schema\/person\/image\/","url":"https:\/\/secure.gravatar.com\/avatar\/13c41cad95f86d1121ade5519feb60932dc6dc8287e4743bcec5ce91b8ef2196?s=96&d=mm&r=g","contentUrl":"https:\/\/secure.gravatar.com\/avatar\/13c41cad95f86d1121ade5519feb60932dc6dc8287e4743bcec5ce91b8ef2196?s=96&d=mm&r=g","caption":"Revista Radar Executivo"},"sameAs":["http:\/\/radarexecutivo.com.br\/revista"],"url":"https:\/\/radarexecutivo.com.br\/revista\/author\/radarexecutivo\/"}]}},"_links":{"self":[{"href":"https:\/\/radarexecutivo.com.br\/revista\/wp-json\/wp\/v2\/posts\/1412","targetHints":{"allow":["GET"]}}],"collection":[{"href":"https:\/\/radarexecutivo.com.br\/revista\/wp-json\/wp\/v2\/posts"}],"about":[{"href":"https:\/\/radarexecutivo.com.br\/revista\/wp-json\/wp\/v2\/types\/post"}],"author":[{"embeddable":true,"href":"https:\/\/radarexecutivo.com.br\/revista\/wp-json\/wp\/v2\/users\/1"}],"replies":[{"embeddable":true,"href":"https:\/\/radarexecutivo.com.br\/revista\/wp-json\/wp\/v2\/comments?post=1412"}],"version-history":[{"count":1,"href":"https:\/\/radarexecutivo.com.br\/revista\/wp-json\/wp\/v2\/posts\/1412\/revisions"}],"predecessor-version":[{"id":1414,"href":"https:\/\/radarexecutivo.com.br\/revista\/wp-json\/wp\/v2\/posts\/1412\/revisions\/1414"}],"wp:featuredmedia":[{"embeddable":true,"href":"https:\/\/radarexecutivo.com.br\/revista\/wp-json\/wp\/v2\/media\/1413"}],"wp:attachment":[{"href":"https:\/\/radarexecutivo.com.br\/revista\/wp-json\/wp\/v2\/media?parent=1412"}],"wp:term":[{"taxonomy":"category","embeddable":true,"href":"https:\/\/radarexecutivo.com.br\/revista\/wp-json\/wp\/v2\/categories?post=1412"},{"taxonomy":"post_tag","embeddable":true,"href":"https:\/\/radarexecutivo.com.br\/revista\/wp-json\/wp\/v2\/tags?post=1412"}],"curies":[{"name":"wp","href":"https:\/\/api.w.org\/{rel}","templated":true}]}}