{"id":175,"date":"2021-10-14T11:06:30","date_gmt":"2021-10-14T14:06:30","guid":{"rendered":"http:\/\/radarexecutivo.com.br\/revista\/?p=175"},"modified":"2022-06-21T15:48:46","modified_gmt":"2022-06-21T18:48:46","slug":"vinicolas-do-sertao","status":"publish","type":"post","link":"https:\/\/radarexecutivo.com.br\/revista\/2021\/10\/14\/vinicolas-do-sertao\/","title":{"rendered":"AS VIN\u00cdCOLAS DO SERT\u00c3O"},"content":{"rendered":"<p><strong><em>Contrariando todas as expectativas, empres\u00e1rios do setor comemoram mais de duas d\u00e9cadas de sucesso no Vale do S\u00e3o Francisco com as vin\u00edcolas do sert\u00e3o.<\/em><\/strong><\/p>\n<p><strong><em>Vinhos produzidos na regi\u00e3o ganharam fama internacional e o reconhecimento dos principais especialistas ao redor do mundo colocando as vin\u00edcolas do sert\u00e3o no mapa dos melhores vinhos do mundo.<\/em><\/strong><\/p>\n<p>Seca, fome e mis\u00e9ria. Estas s\u00e3o as refer\u00eancias gravadas no imagin\u00e1rio popular quando falamos do sert\u00e3o nordestino. S\u00f3 que muita gente n\u00e3o sabe, que nesse mesmo cen\u00e1rio, h\u00e1 quase 30 anos, um pequeno grupo de vision\u00e1rios teve a ousadia de enxergar a regi\u00e3o como uma terra de oportunidades. Estes empres\u00e1rios desbravadores enxergaram a louca possibilidade de produzir vinhos finos de alta qualidade \u00e0s margens do Rio S\u00e3o Francisco.<\/p>\n<blockquote>\n<h4><a href=\"http:\/\/www.ocodigosecretodavenda.com.br\">FA\u00c7A A SUA INSCRI\u00c7\u00c3O NO CURSO O C\u00d3DIGO SECRETO DA VENDA<\/a><\/h4>\n<\/blockquote>\n<p>O tamanho das barreiras para esse empreendimento fez da ideia algo estranho, inusitado e nunca antes imaginado, combina\u00e7\u00e3o de atributos perfeita para os inovadores, para os vision\u00e1rios que ganham a vida quebrando regras e superando desafios. A vis\u00e3o destes empres\u00e1rios foi de tamanha ousadia que poucas pessoas levaram a s\u00e9rio o projeto naquela \u00e9poca. Hoje, ap\u00f3s quase trinta anos de pesquisa, investimento e ousadia os vinhos do Vale do S\u00e3o Francisco ganharam fama e est\u00e3o sendo descobertos, ano ap\u00f3s ano, pelos consumidores mais exigentes do mundo.<\/p>\n<p>Estes empreendedores ainda continuam \u00e0s margens do Velho Chico, s\u00f3 que agora s\u00e3o vistos como vision\u00e1rios e n\u00e3o como malucos inconsequentes com ideias delirantes, hoje eles s\u00e3o assediados por vin\u00edcolas europeias e americanas que querem entender como se faz para ter de duas a tr\u00eas safras de uvas por ano de uma do\u00e7ura e delicadeza dignas dos melhores vinhedos do Velho Mundo.<\/p>\n<blockquote><p>Estes empres\u00e1rios desbravadores das vin\u00edcolas do sert\u00e3o, enxergaram a louca possibilidade de produzir vinhos finos de alta qualidade \u00e0s margens do Rio S\u00e3o Francisco<\/p><\/blockquote>\n<p>Esta fa\u00e7anha n\u00e3o veio de gra\u00e7a, foram necess\u00e1rios anos de trabalho duro, confian\u00e7a para seguir em frente quando as coisas davam errado e resili\u00eancia para romper as barreiras culturais \u00a0e o preconceito que julgava imposs\u00edvel produzir vinhos de qualidade no semi\u00e1rido nordestino, a supera\u00e7\u00e3o de todos esses obst\u00e1culos veio atrav\u00e9s do amor e da paix\u00e3o pela arte de produzir vinhos que deixa emocionado o cora\u00e7\u00e3o de quem l\u00ea e de quem conta essa hist\u00f3ria de sucesso.<\/p>\n<blockquote>\n<h4><a href=\"http:\/\/www.ocodigosecretodavenda.com.br\">FA\u00c7A A SUA INSCRI\u00c7\u00c3O NO CURSO O C\u00d3DIGO SECRETO DA VENDA<\/a><\/h4>\n<\/blockquote>\n<p>O sert\u00e3o do sol ardente e da caatinga, agora produz riqueza, emprego e crescimento econ\u00f4mico na forma de vinhos da mais alta qualidade, apreciados por especialistas do Brasil e do mundo. Riqueza que gera renda, que venceu a seca, a fome e a mis\u00e9ria transformando o cen\u00e1rio econ\u00f4mico local, o ambiente \u00e1rido e a vida das pessoas que vivem naquela regi\u00e3o. Riqueza que mant\u00e9m as pessoas no campo, reduzindo a migra\u00e7\u00e3o para os grandes centros urbanos, trazendo progresso, qualidade de vida e educa\u00e7\u00e3o para que tem suas ra\u00edzes no sert\u00e3o.<\/p>\n<p>Enquanto que em regi\u00f5es tradicionais de cultivo de uva como o Rio Grande do Sul temos apenas uma safra por ano, no Vale do S\u00e3o Francisco, gra\u00e7as ao clima quente e seco com muitas horas de sol por dia, \u00e9 poss\u00edvel colher uva praticamente o ano todo. Os vinhos do sert\u00e3o foram destaque no prestigiado jornal americano New York Times e receberam elogios calorosos de uma das cr\u00edticas de vinho mais respeitadas do mundo, Jancis Robinson &#8211; <a href=\"https:\/\/www.jancisrobinson.com\/\">https:\/\/www.jancisrobinson.com\/<\/a> &#8211; colunista do Financial Times, uma das criticas de vinhos mais influentes da atualidade e uma das poucas \u00a0mulher a receber o t\u00edtulo Master of Wine.<\/p>\n<blockquote><p>O sert\u00e3o do sol ardente e da caatinga, agora produz riqueza, emprego e crescimento econ\u00f4mico na forma de vinhos da mais alta qualidade. Esse \u00e9 o milagre produzido pelas vin\u00edcolas do sert\u00e3o<\/p><\/blockquote>\n<p>Este reconhecimento \u00e9 fruto da persist\u00eancia, da vis\u00e3o dos empres\u00e1rios do vinho e da uni\u00e3o entre a iniciativa privada e os governos locais. Marcas como Terranova, Botticelli e Rio Sol conseguiram romper as barreiras culturais do consumidor brasileiro, que muitas vezes prefere marcas chilenas e argentinas. O Rio Sol, por exemplo, foi eleito o melhor vinho brasileiro em 2004 no II Concurso Internacional de Vinhos, realizado em Bento Gon\u00e7alves. Foi tamb\u00e9m, o primeiro vinho brasileiro a receber 83 pontos no ranking da conceituada revista Wine Spectator. O mesmo r\u00f3tulo foi eleito o melhor vinho em 2006 pela Revista Gula e fez parte da Carta de Vinhos servidos ao Papa Bento XVI durante a sua visita ao Brasil.<\/p>\n<blockquote>\n<h4><a href=\"http:\/\/www.ocodigosecretodavenda.com.br\">FA\u00c7A A SUA INSCRI\u00c7\u00c3O NO CURSO O C\u00d3DIGO SECRETO DA VENDA<\/a><\/h4>\n<\/blockquote>\n<p>A pr\u00f3xima etapa a ser vencida na saga dos empres\u00e1rios do vinho do Vale do S\u00e3o Francisco \u00e9 obter a concess\u00e3o de Indica\u00e7\u00e3o Geogr\u00e1fica. Trata-se do primeiro passo para se chegar ao n\u00edvel mais seleto de classifica\u00e7\u00e3o DOC \u2013 Denomina\u00e7\u00e3o de Origem Controlada \u2013 que indica a origem e o controle de produ\u00e7\u00e3o do vinho em determinado territ\u00f3rio geogr\u00e1fico. Conseguir esta distin\u00e7\u00e3o ser\u00e1 o reconhecimento m\u00e1ximo dos vinhos do sert\u00e3o.<\/p>\n<p>N\u00e3o tenho d\u00favida, que estes empres\u00e1rios vision\u00e1rios do Vale do S\u00e3o Francisco, que domaram a seca, venceram o preconceito e trouxeram de volta a esperan\u00e7a para um povo que j\u00e1 n\u00e3o tinha em que acreditar v\u00e3o vencer mais esse desafio. Desejamos a todos esses homens e mulheres que acreditaram nos vinhos do sert\u00e3o, ainda mais sucesso, persist\u00eancia e f\u00e9, componentes fundamentais da alma nordestina.<\/p>\n<p>&nbsp;<\/p>\n<p>Voc\u00ea tamb\u00e9m pode gostar do artigo: <a href=\"https:\/\/radarexecutivo.com.br\/revista\/2022\/01\/04\/a-china-no-cenario-mundial\/\">A CHINA NO CEN\u00c1RIO MUNDIAL<\/a><\/p>\n<p>&nbsp;<\/p>\n<p><img loading=\"lazy\" decoding=\"async\" class=\" wp-image-1451 alignleft\" src=\"http:\/\/radarexecutivo.com.br\/revista\/wp-content\/uploads\/2021\/09\/IMAGEM-2-300x300.jpg\" alt=\"\" width=\"133\" height=\"133\" srcset=\"https:\/\/radarexecutivo.com.br\/revista\/wp-content\/uploads\/2021\/09\/IMAGEM-2-300x300.jpg 300w, https:\/\/radarexecutivo.com.br\/revista\/wp-content\/uploads\/2021\/09\/IMAGEM-2-150x150.jpg 150w, https:\/\/radarexecutivo.com.br\/revista\/wp-content\/uploads\/2021\/09\/IMAGEM-2-130x130.jpg 130w, https:\/\/radarexecutivo.com.br\/revista\/wp-content\/uploads\/2021\/09\/IMAGEM-2.jpg 400w\" sizes=\"auto, (max-width: 133px) 100vw, 133px\" \/>Head of Content &#8211; Prof. Jorge Menezes \u00e9 palestrante, jornalista, escritor, colunista nas \u00e1reas de empreendedorismo e neg\u00f3cios. Apresentador do Canal Radar Executivo no YouTube e do Podcast Radar Executivo no Spotify. \u00c9 autor de v\u00e1rios best-sellers: <a href=\"https:\/\/amzn.to\/31AtOgI\">Aprenda a Negociar com os Tubar\u00f5es\u00ae (2013)<\/a>, <a href=\"https:\/\/amzn.to\/3GuogTz\">Transformando Networking em Neg\u00f3cios\u00ae (2015)<\/a> e <a href=\"https:\/\/amzn.to\/31Rfro0\">O C\u00f3digo Secreto da Venda\u00ae (2020<\/a>) todos publicados pela Editora Alta Books &#8211; Contato: (81) 9 9119-5002 Whatsapp<\/p>\n<p style=\"text-align: left;\">\n","protected":false},"excerpt":{"rendered":"<p>Contrariando todas as expectativas, empres\u00e1rios do setor comemoram mais de duas d\u00e9cadas de sucesso no Vale do S\u00e3o Francisco com as vin\u00edcolas do sert\u00e3o. Vinhos produzidos na regi\u00e3o ganharam fama internacional e o reconhecimento dos principais especialistas ao redor do mundo colocando as vin\u00edcolas do sert\u00e3o no mapa dos melhores vinhos do mundo. Seca, fome e mis\u00e9ria. Estas s\u00e3o as refer\u00eancias gravadas no imagin\u00e1rio popular quando falamos do sert\u00e3o nordestino. S\u00f3 que muita gente n\u00e3o sabe, que nesse mesmo cen\u00e1rio, h\u00e1 quase 30 anos, um pequeno grupo de vision\u00e1rios teve a ousadia de enxergar a regi\u00e3o como uma terra de [&hellip;]<\/p>\n","protected":false},"author":1,"featured_media":177,"comment_status":"open","ping_status":"open","sticky":false,"template":"","format":"standard","meta":{"om_disable_all_campaigns":false,"footnotes":""},"categories":[12],"tags":[76,5,64,77,93],"class_list":["post-175","post","type-post","status-publish","format-standard","has-post-thumbnail","hentry","category-negocios-em-foco","tag-economia","tag-empreendedorismo","tag-estrategia","tag-negocios","tag-tendencias"],"yoast_head":"<!-- This site is optimized with the Yoast SEO plugin v18.9 - https:\/\/yoast.com\/wordpress\/plugins\/seo\/ -->\n<title>Revista Radar Executivo - Artigo: As Vin\u00edcolas do Sert\u00e3o<\/title>\n<meta name=\"description\" content=\"Lideran\u00e7a, gest\u00e3o, carreira, neg\u00f3cios, marketing, empreendedorismo, pol\u00edtica, economia e inova\u00e7\u00e3o. Voc\u00ea conectado no mundo empresarial.\" \/>\n<meta name=\"robots\" content=\"index, follow, max-snippet:-1, max-image-preview:large, max-video-preview:-1\" \/>\n<link rel=\"canonical\" href=\"https:\/\/radarexecutivo.com.br\/revista\/2021\/10\/14\/vinicolas-do-sertao\/\" \/>\n<meta property=\"og:locale\" content=\"pt_BR\" \/>\n<meta property=\"og:type\" content=\"article\" \/>\n<meta property=\"og:title\" content=\"Revista Radar Executivo - Artigo: As Vin\u00edcolas do Sert\u00e3o\" \/>\n<meta property=\"og:description\" content=\"Lideran\u00e7a, gest\u00e3o, carreira, neg\u00f3cios, marketing, empreendedorismo, pol\u00edtica, economia e inova\u00e7\u00e3o. Voc\u00ea conectado no mundo empresarial.\" \/>\n<meta property=\"og:url\" content=\"https:\/\/radarexecutivo.com.br\/revista\/2021\/10\/14\/vinicolas-do-sertao\/\" \/>\n<meta property=\"og:site_name\" content=\"Revista Radar Executivo\" \/>\n<meta property=\"article:published_time\" content=\"2021-10-14T14:06:30+00:00\" \/>\n<meta property=\"article:modified_time\" content=\"2022-06-21T18:48:46+00:00\" \/>\n<meta property=\"og:image\" content=\"https:\/\/radarexecutivo.com.br\/revista\/wp-content\/uploads\/2021\/10\/VINHOS-DO-SERTAO.jpg\" \/>\n\t<meta property=\"og:image:width\" content=\"2000\" \/>\n\t<meta property=\"og:image:height\" content=\"1333\" \/>\n\t<meta property=\"og:image:type\" content=\"image\/jpeg\" \/>\n<meta name=\"twitter:card\" content=\"summary_large_image\" \/>\n<meta name=\"twitter:label1\" content=\"Escrito por\" \/>\n\t<meta name=\"twitter:data1\" content=\"Revista Radar Executivo\" \/>\n\t<meta name=\"twitter:label2\" content=\"Est. tempo de leitura\" \/>\n\t<meta name=\"twitter:data2\" content=\"6 minutos\" \/>\n<script type=\"application\/ld+json\" class=\"yoast-schema-graph\">{\"@context\":\"https:\/\/schema.org\",\"@graph\":[{\"@type\":\"Organization\",\"@id\":\"https:\/\/radarexecutivo.com.br\/revista\/#organization\",\"name\":\"Revista Radar Executivo\",\"url\":\"https:\/\/radarexecutivo.com.br\/revista\/\",\"sameAs\":[],\"logo\":{\"@type\":\"ImageObject\",\"inLanguage\":\"pt-BR\",\"@id\":\"https:\/\/radarexecutivo.com.br\/revista\/#\/schema\/logo\/image\/\",\"url\":\"https:\/\/radarexecutivo.com.br\/revista\/wp-content\/uploads\/2022\/06\/LOGO-REVISTA-PORTUGUES-PRETO-2.png\",\"contentUrl\":\"https:\/\/radarexecutivo.com.br\/revista\/wp-content\/uploads\/2022\/06\/LOGO-REVISTA-PORTUGUES-PRETO-2.png\",\"width\":8084,\"height\":2580,\"caption\":\"Revista Radar Executivo\"},\"image\":{\"@id\":\"https:\/\/radarexecutivo.com.br\/revista\/#\/schema\/logo\/image\/\"}},{\"@type\":\"WebSite\",\"@id\":\"https:\/\/radarexecutivo.com.br\/revista\/#website\",\"url\":\"https:\/\/radarexecutivo.com.br\/revista\/\",\"name\":\"Revista Radar Executivo\",\"description\":\"Voc\u00ea conectado no mundo empresarial\",\"publisher\":{\"@id\":\"https:\/\/radarexecutivo.com.br\/revista\/#organization\"},\"potentialAction\":[{\"@type\":\"SearchAction\",\"target\":{\"@type\":\"EntryPoint\",\"urlTemplate\":\"https:\/\/radarexecutivo.com.br\/revista\/?s={search_term_string}\"},\"query-input\":\"required name=search_term_string\"}],\"inLanguage\":\"pt-BR\"},{\"@type\":\"ImageObject\",\"inLanguage\":\"pt-BR\",\"@id\":\"https:\/\/radarexecutivo.com.br\/revista\/2021\/10\/14\/vinicolas-do-sertao\/#primaryimage\",\"url\":\"https:\/\/radarexecutivo.com.br\/revista\/wp-content\/uploads\/2021\/10\/VINHOS-DO-SERTAO.jpg\",\"contentUrl\":\"https:\/\/radarexecutivo.com.br\/revista\/wp-content\/uploads\/2021\/10\/VINHOS-DO-SERTAO.jpg\",\"width\":2000,\"height\":1333,\"caption\":\"AS VIN\u00cdCOLAS DO SERT\u00c3O. THE WINERYARDS OF THE SERT\u00c3O. LAS VI\u00d1EDOS DEL SERT\u00c3O\"},{\"@type\":\"WebPage\",\"@id\":\"https:\/\/radarexecutivo.com.br\/revista\/2021\/10\/14\/vinicolas-do-sertao\/#webpage\",\"url\":\"https:\/\/radarexecutivo.com.br\/revista\/2021\/10\/14\/vinicolas-do-sertao\/\",\"name\":\"Revista Radar Executivo - Artigo: As Vin\u00edcolas do Sert\u00e3o\",\"isPartOf\":{\"@id\":\"https:\/\/radarexecutivo.com.br\/revista\/#website\"},\"primaryImageOfPage\":{\"@id\":\"https:\/\/radarexecutivo.com.br\/revista\/2021\/10\/14\/vinicolas-do-sertao\/#primaryimage\"},\"datePublished\":\"2021-10-14T14:06:30+00:00\",\"dateModified\":\"2022-06-21T18:48:46+00:00\",\"description\":\"Lideran\u00e7a, gest\u00e3o, carreira, neg\u00f3cios, marketing, empreendedorismo, pol\u00edtica, economia e inova\u00e7\u00e3o. Voc\u00ea conectado no mundo empresarial.\",\"breadcrumb\":{\"@id\":\"https:\/\/radarexecutivo.com.br\/revista\/2021\/10\/14\/vinicolas-do-sertao\/#breadcrumb\"},\"inLanguage\":\"pt-BR\",\"potentialAction\":[{\"@type\":\"ReadAction\",\"target\":[\"https:\/\/radarexecutivo.com.br\/revista\/2021\/10\/14\/vinicolas-do-sertao\/\"]}]},{\"@type\":\"BreadcrumbList\",\"@id\":\"https:\/\/radarexecutivo.com.br\/revista\/2021\/10\/14\/vinicolas-do-sertao\/#breadcrumb\",\"itemListElement\":[{\"@type\":\"ListItem\",\"position\":1,\"name\":\"home\",\"item\":\"https:\/\/radarexecutivo.com.br\/revista\/\"},{\"@type\":\"ListItem\",\"position\":2,\"name\":\"economia\",\"item\":\"https:\/\/radarexecutivo.com.br\/revista\/tag\/economia\/\"},{\"@type\":\"ListItem\",\"position\":3,\"name\":\"AS VIN\u00cdCOLAS DO SERT\u00c3O\"}]},{\"@type\":\"Article\",\"@id\":\"https:\/\/radarexecutivo.com.br\/revista\/2021\/10\/14\/vinicolas-do-sertao\/#article\",\"isPartOf\":{\"@id\":\"https:\/\/radarexecutivo.com.br\/revista\/2021\/10\/14\/vinicolas-do-sertao\/#webpage\"},\"author\":{\"@id\":\"https:\/\/radarexecutivo.com.br\/revista\/#\/schema\/person\/fa7d561ec3c1e5e8f9aee0a176cd0162\"},\"headline\":\"AS VIN\u00cdCOLAS DO SERT\u00c3O\",\"datePublished\":\"2021-10-14T14:06:30+00:00\",\"dateModified\":\"2022-06-21T18:48:46+00:00\",\"mainEntityOfPage\":{\"@id\":\"https:\/\/radarexecutivo.com.br\/revista\/2021\/10\/14\/vinicolas-do-sertao\/#webpage\"},\"wordCount\":1075,\"commentCount\":0,\"publisher\":{\"@id\":\"https:\/\/radarexecutivo.com.br\/revista\/#organization\"},\"image\":{\"@id\":\"https:\/\/radarexecutivo.com.br\/revista\/2021\/10\/14\/vinicolas-do-sertao\/#primaryimage\"},\"thumbnailUrl\":\"https:\/\/radarexecutivo.com.br\/revista\/wp-content\/uploads\/2021\/10\/VINHOS-DO-SERTAO.jpg\",\"keywords\":[\"economia\",\"empreendedorismo\",\"estrat\u00e9gia\",\"neg\u00f3cios\",\"tend\u00eancias\"],\"articleSection\":[\"NEG\u00d3CIOS EM FOCO\"],\"inLanguage\":\"pt-BR\",\"potentialAction\":[{\"@type\":\"CommentAction\",\"name\":\"Comment\",\"target\":[\"https:\/\/radarexecutivo.com.br\/revista\/2021\/10\/14\/vinicolas-do-sertao\/#respond\"]}]},{\"@type\":\"Person\",\"@id\":\"https:\/\/radarexecutivo.com.br\/revista\/#\/schema\/person\/fa7d561ec3c1e5e8f9aee0a176cd0162\",\"name\":\"Revista Radar Executivo\",\"image\":{\"@type\":\"ImageObject\",\"inLanguage\":\"pt-BR\",\"@id\":\"https:\/\/radarexecutivo.com.br\/revista\/#\/schema\/person\/image\/\",\"url\":\"https:\/\/secure.gravatar.com\/avatar\/13c41cad95f86d1121ade5519feb60932dc6dc8287e4743bcec5ce91b8ef2196?s=96&d=mm&r=g\",\"contentUrl\":\"https:\/\/secure.gravatar.com\/avatar\/13c41cad95f86d1121ade5519feb60932dc6dc8287e4743bcec5ce91b8ef2196?s=96&d=mm&r=g\",\"caption\":\"Revista Radar Executivo\"},\"sameAs\":[\"http:\/\/radarexecutivo.com.br\/revista\"],\"url\":\"https:\/\/radarexecutivo.com.br\/revista\/author\/radarexecutivo\/\"}]}<\/script>\n<!-- \/ Yoast SEO plugin. -->","yoast_head_json":{"title":"Revista Radar Executivo - Artigo: As Vin\u00edcolas do Sert\u00e3o","description":"Lideran\u00e7a, gest\u00e3o, carreira, neg\u00f3cios, marketing, empreendedorismo, pol\u00edtica, economia e inova\u00e7\u00e3o. Voc\u00ea conectado no mundo empresarial.","robots":{"index":"index","follow":"follow","max-snippet":"max-snippet:-1","max-image-preview":"max-image-preview:large","max-video-preview":"max-video-preview:-1"},"canonical":"https:\/\/radarexecutivo.com.br\/revista\/2021\/10\/14\/vinicolas-do-sertao\/","og_locale":"pt_BR","og_type":"article","og_title":"Revista Radar Executivo - Artigo: As Vin\u00edcolas do Sert\u00e3o","og_description":"Lideran\u00e7a, gest\u00e3o, carreira, neg\u00f3cios, marketing, empreendedorismo, pol\u00edtica, economia e inova\u00e7\u00e3o. Voc\u00ea conectado no mundo empresarial.","og_url":"https:\/\/radarexecutivo.com.br\/revista\/2021\/10\/14\/vinicolas-do-sertao\/","og_site_name":"Revista Radar Executivo","article_published_time":"2021-10-14T14:06:30+00:00","article_modified_time":"2022-06-21T18:48:46+00:00","og_image":[{"width":2000,"height":1333,"url":"https:\/\/radarexecutivo.com.br\/revista\/wp-content\/uploads\/2021\/10\/VINHOS-DO-SERTAO.jpg","type":"image\/jpeg"}],"twitter_card":"summary_large_image","twitter_misc":{"Escrito por":"Revista Radar Executivo","Est. tempo de leitura":"6 minutos"},"schema":{"@context":"https:\/\/schema.org","@graph":[{"@type":"Organization","@id":"https:\/\/radarexecutivo.com.br\/revista\/#organization","name":"Revista Radar Executivo","url":"https:\/\/radarexecutivo.com.br\/revista\/","sameAs":[],"logo":{"@type":"ImageObject","inLanguage":"pt-BR","@id":"https:\/\/radarexecutivo.com.br\/revista\/#\/schema\/logo\/image\/","url":"https:\/\/radarexecutivo.com.br\/revista\/wp-content\/uploads\/2022\/06\/LOGO-REVISTA-PORTUGUES-PRETO-2.png","contentUrl":"https:\/\/radarexecutivo.com.br\/revista\/wp-content\/uploads\/2022\/06\/LOGO-REVISTA-PORTUGUES-PRETO-2.png","width":8084,"height":2580,"caption":"Revista Radar Executivo"},"image":{"@id":"https:\/\/radarexecutivo.com.br\/revista\/#\/schema\/logo\/image\/"}},{"@type":"WebSite","@id":"https:\/\/radarexecutivo.com.br\/revista\/#website","url":"https:\/\/radarexecutivo.com.br\/revista\/","name":"Revista Radar Executivo","description":"Voc\u00ea conectado no mundo empresarial","publisher":{"@id":"https:\/\/radarexecutivo.com.br\/revista\/#organization"},"potentialAction":[{"@type":"SearchAction","target":{"@type":"EntryPoint","urlTemplate":"https:\/\/radarexecutivo.com.br\/revista\/?s={search_term_string}"},"query-input":"required name=search_term_string"}],"inLanguage":"pt-BR"},{"@type":"ImageObject","inLanguage":"pt-BR","@id":"https:\/\/radarexecutivo.com.br\/revista\/2021\/10\/14\/vinicolas-do-sertao\/#primaryimage","url":"https:\/\/radarexecutivo.com.br\/revista\/wp-content\/uploads\/2021\/10\/VINHOS-DO-SERTAO.jpg","contentUrl":"https:\/\/radarexecutivo.com.br\/revista\/wp-content\/uploads\/2021\/10\/VINHOS-DO-SERTAO.jpg","width":2000,"height":1333,"caption":"AS VIN\u00cdCOLAS DO SERT\u00c3O. THE WINERYARDS OF THE SERT\u00c3O. LAS VI\u00d1EDOS DEL SERT\u00c3O"},{"@type":"WebPage","@id":"https:\/\/radarexecutivo.com.br\/revista\/2021\/10\/14\/vinicolas-do-sertao\/#webpage","url":"https:\/\/radarexecutivo.com.br\/revista\/2021\/10\/14\/vinicolas-do-sertao\/","name":"Revista Radar Executivo - Artigo: As Vin\u00edcolas do Sert\u00e3o","isPartOf":{"@id":"https:\/\/radarexecutivo.com.br\/revista\/#website"},"primaryImageOfPage":{"@id":"https:\/\/radarexecutivo.com.br\/revista\/2021\/10\/14\/vinicolas-do-sertao\/#primaryimage"},"datePublished":"2021-10-14T14:06:30+00:00","dateModified":"2022-06-21T18:48:46+00:00","description":"Lideran\u00e7a, gest\u00e3o, carreira, neg\u00f3cios, marketing, empreendedorismo, pol\u00edtica, economia e inova\u00e7\u00e3o. Voc\u00ea conectado no mundo empresarial.","breadcrumb":{"@id":"https:\/\/radarexecutivo.com.br\/revista\/2021\/10\/14\/vinicolas-do-sertao\/#breadcrumb"},"inLanguage":"pt-BR","potentialAction":[{"@type":"ReadAction","target":["https:\/\/radarexecutivo.com.br\/revista\/2021\/10\/14\/vinicolas-do-sertao\/"]}]},{"@type":"BreadcrumbList","@id":"https:\/\/radarexecutivo.com.br\/revista\/2021\/10\/14\/vinicolas-do-sertao\/#breadcrumb","itemListElement":[{"@type":"ListItem","position":1,"name":"home","item":"https:\/\/radarexecutivo.com.br\/revista\/"},{"@type":"ListItem","position":2,"name":"economia","item":"https:\/\/radarexecutivo.com.br\/revista\/tag\/economia\/"},{"@type":"ListItem","position":3,"name":"AS VIN\u00cdCOLAS DO SERT\u00c3O"}]},{"@type":"Article","@id":"https:\/\/radarexecutivo.com.br\/revista\/2021\/10\/14\/vinicolas-do-sertao\/#article","isPartOf":{"@id":"https:\/\/radarexecutivo.com.br\/revista\/2021\/10\/14\/vinicolas-do-sertao\/#webpage"},"author":{"@id":"https:\/\/radarexecutivo.com.br\/revista\/#\/schema\/person\/fa7d561ec3c1e5e8f9aee0a176cd0162"},"headline":"AS VIN\u00cdCOLAS DO SERT\u00c3O","datePublished":"2021-10-14T14:06:30+00:00","dateModified":"2022-06-21T18:48:46+00:00","mainEntityOfPage":{"@id":"https:\/\/radarexecutivo.com.br\/revista\/2021\/10\/14\/vinicolas-do-sertao\/#webpage"},"wordCount":1075,"commentCount":0,"publisher":{"@id":"https:\/\/radarexecutivo.com.br\/revista\/#organization"},"image":{"@id":"https:\/\/radarexecutivo.com.br\/revista\/2021\/10\/14\/vinicolas-do-sertao\/#primaryimage"},"thumbnailUrl":"https:\/\/radarexecutivo.com.br\/revista\/wp-content\/uploads\/2021\/10\/VINHOS-DO-SERTAO.jpg","keywords":["economia","empreendedorismo","estrat\u00e9gia","neg\u00f3cios","tend\u00eancias"],"articleSection":["NEG\u00d3CIOS EM FOCO"],"inLanguage":"pt-BR","potentialAction":[{"@type":"CommentAction","name":"Comment","target":["https:\/\/radarexecutivo.com.br\/revista\/2021\/10\/14\/vinicolas-do-sertao\/#respond"]}]},{"@type":"Person","@id":"https:\/\/radarexecutivo.com.br\/revista\/#\/schema\/person\/fa7d561ec3c1e5e8f9aee0a176cd0162","name":"Revista Radar Executivo","image":{"@type":"ImageObject","inLanguage":"pt-BR","@id":"https:\/\/radarexecutivo.com.br\/revista\/#\/schema\/person\/image\/","url":"https:\/\/secure.gravatar.com\/avatar\/13c41cad95f86d1121ade5519feb60932dc6dc8287e4743bcec5ce91b8ef2196?s=96&d=mm&r=g","contentUrl":"https:\/\/secure.gravatar.com\/avatar\/13c41cad95f86d1121ade5519feb60932dc6dc8287e4743bcec5ce91b8ef2196?s=96&d=mm&r=g","caption":"Revista Radar Executivo"},"sameAs":["http:\/\/radarexecutivo.com.br\/revista"],"url":"https:\/\/radarexecutivo.com.br\/revista\/author\/radarexecutivo\/"}]}},"_links":{"self":[{"href":"https:\/\/radarexecutivo.com.br\/revista\/wp-json\/wp\/v2\/posts\/175","targetHints":{"allow":["GET"]}}],"collection":[{"href":"https:\/\/radarexecutivo.com.br\/revista\/wp-json\/wp\/v2\/posts"}],"about":[{"href":"https:\/\/radarexecutivo.com.br\/revista\/wp-json\/wp\/v2\/types\/post"}],"author":[{"embeddable":true,"href":"https:\/\/radarexecutivo.com.br\/revista\/wp-json\/wp\/v2\/users\/1"}],"replies":[{"embeddable":true,"href":"https:\/\/radarexecutivo.com.br\/revista\/wp-json\/wp\/v2\/comments?post=175"}],"version-history":[{"count":14,"href":"https:\/\/radarexecutivo.com.br\/revista\/wp-json\/wp\/v2\/posts\/175\/revisions"}],"predecessor-version":[{"id":2891,"href":"https:\/\/radarexecutivo.com.br\/revista\/wp-json\/wp\/v2\/posts\/175\/revisions\/2891"}],"wp:featuredmedia":[{"embeddable":true,"href":"https:\/\/radarexecutivo.com.br\/revista\/wp-json\/wp\/v2\/media\/177"}],"wp:attachment":[{"href":"https:\/\/radarexecutivo.com.br\/revista\/wp-json\/wp\/v2\/media?parent=175"}],"wp:term":[{"taxonomy":"category","embeddable":true,"href":"https:\/\/radarexecutivo.com.br\/revista\/wp-json\/wp\/v2\/categories?post=175"},{"taxonomy":"post_tag","embeddable":true,"href":"https:\/\/radarexecutivo.com.br\/revista\/wp-json\/wp\/v2\/tags?post=175"}],"curies":[{"name":"wp","href":"https:\/\/api.w.org\/{rel}","templated":true}]}}