{"id":2278,"date":"2022-01-12T12:14:31","date_gmt":"2022-01-12T15:14:31","guid":{"rendered":"http:\/\/radarexecutivo.com.br\/revista\/?p=2278"},"modified":"2022-07-05T15:34:14","modified_gmt":"2022-07-05T18:34:14","slug":"a-prioridade-e-se-manter-no-poder","status":"publish","type":"post","link":"https:\/\/radarexecutivo.com.br\/revista\/2022\/01\/12\/a-prioridade-e-se-manter-no-poder\/","title":{"rendered":"A PRIORIDADE \u00c9 SE MANTER NO PODER"},"content":{"rendered":"<p>N\u00e3o se iluda, os pol\u00edticos t\u00eam um \u00fanico objetivo na vida, se manter no poder. Quem bebe da fonte do poder, se vicia. Quem experimenta a sensa\u00e7\u00e3o de poder muda, tem o seu car\u00e1ter alterado. O poder vicia, o dinheiro f\u00e1cil vicia, e com isso, as pessoas perdem a no\u00e7\u00e3o daquilo que \u00e9 realmente importante para o pa\u00eds e para as pessoas simples que vivem nas ruas, que passam fome, que moram em meio ao esgoto aberto, que sofrem em \u00f4nibus lotados todos os dias para poder sobreviver.<\/p>\n<p>Os pol\u00edticos n\u00e3o est\u00e3o no governo para melhorar a vida de ningu\u00e9m, eles est\u00e3o ali para defender os seus pr\u00f3prios interesses pessoais e os interesses dos seus partidos. Quem sofre com esse\u00a0<strong><em>egocentrismo pol\u00edtico<\/em><\/strong>\u00a0s\u00e3o os cidad\u00e3os, que precisam trabalhar cada vez mais para pagar com seus impostos as regalias da classe pol\u00edtica que n\u00e3o paga gasolina, n\u00e3o paga energia el\u00e9trica, que n\u00e3o enfrenta filas no metr\u00f4, que vai para hospitais de alto padr\u00e3o quando sente qualquer mal-estar.<\/p>\n<blockquote><p>N\u00e3o se iluda, os pol\u00edticos t\u00eam um \u00fanico objetivo na vida, se manter no poder. Quem bebe da fonte do poder, se vicia<\/p><\/blockquote>\n<p>No Brasil os pol\u00edticos n\u00e3o servem aos interesses do povo, \u00e9 o povo que serve aos interesses dos pol\u00edticos, em especial em ano de elei\u00e7\u00e3o, quando todos eles aparecem nas comunidades para dar a impress\u00e3o de que est\u00e3o defendendo os interesses dos mais sacrificados da popula\u00e7\u00e3o. Pol\u00edtico s\u00f3 visita favela para fazer campanha, pol\u00edtico s\u00f3 tira foto com pobre para colocar na sua propaganda pol\u00edtica. Os pol\u00edticos est\u00e3o se lixando para os mais pobres, o que eles gostam mesmo \u00e9 de estar no poder.<\/p>\n<p>No Brasil n\u00f3s n\u00e3o temos Pol\u00edticas de Estado, aqui, o que temos \u00e9 Pol\u00edtica de Governo, que s\u00e3o duas coisas completamente diferentes. Pol\u00edticas de Estado s\u00e3o tra\u00e7adas pensando no longo prazo, Pol\u00edticas de Estado tem a ver com as decis\u00f5es estrat\u00e9gias para o crescimento da na\u00e7\u00e3o, isso envolve educa\u00e7\u00e3o, pesquisa, inova\u00e7\u00e3o, tecnologia, meio ambiente, erradica\u00e7\u00e3o da pobreza e distribui\u00e7\u00e3o de renda. As Pol\u00edticas de Estado existem independente de quem est\u00e1 no governo, essas pol\u00edticas est\u00e3o acima dos projetos de poder pessoais e partid\u00e1rios.<\/p>\n<blockquote><p>Os pol\u00edticos n\u00e3o est\u00e3o no governo para melhorar a vida de ningu\u00e9m, eles est\u00e3o ali para defender os seus pr\u00f3prios interesses pessoais e os interesses dos seus partidos<\/p><\/blockquote>\n<p>Pol\u00edtica de Governo \u00e9 sazonal, inst\u00e1vel, mut\u00e1vel, errante, depende da cabe\u00e7a de cada grupo pol\u00edtico que est\u00e1 no governo. Pol\u00edticas de Governo n\u00e3o fazem um pa\u00eds crescer, n\u00e3o fazem um pa\u00eds sair do atraso econ\u00f4mico e social. Pol\u00edticas de Governo servem apenas as ideologias, tanto de direita como de esquerda, pol\u00edticas assim, existem para perpetuar os pol\u00edticos e os partidos que eles representam no poder. Um dos problemas do Brasil \u00e9 que aqui, n\u00f3s s\u00f3 temos Pol\u00edticas de Governo, n\u00f3s n\u00e3o temos Pol\u00edticas de Estado.<\/p>\n<p>A cada quatro anos tudo muda, os rumos da economia mudam, as prioridades mudam, as diretrizes da educa\u00e7\u00e3o mudam, as leis de incentivo a inova\u00e7\u00e3o, pesquisa e tecnologia mudam, as vis\u00f5es sobre meio ambiente e sustentabilidade mudam. Os pol\u00edticos sabem disso, eles n\u00e3o s\u00e3o burros nem idiotas, muito pelo contr\u00e1rio, isso acontece de forma muito bem pensada. Os pol\u00edticos governam para si mesmos e para os seus partidos, portanto, as suas Pol\u00edticas de Governo refletem os seus verdadeiros interesses, que \u00e9 se manter no poder e conquistar cada vez mais espa\u00e7o pol\u00edtico para os seus partidos.<\/p>\n<blockquote><p>No Brasil os pol\u00edticos n\u00e3o servem aos interesses do povo, \u00e9 o povo que serve aos interesses dos pol\u00edticos, em especial em ano de elei\u00e7\u00e3o<\/p><\/blockquote>\n<p>A m\u00e1quina do Estado no Brasil serve a classe pol\u00edtica, o dinheiro p\u00fablico \u00e9 usado para financiar os interesses dos partidos e os seus projetos de poder. Isso \u00e9 uma subvers\u00e3o da ordem natural e jur\u00eddica das coisas, o dinheiro p\u00fablico pertence ao cidad\u00e3o, e, portanto, deveria servir aos interesses das pessoas, e n\u00e3o aos interesses daqueles que est\u00e3o no poder. Mudar essa realidade \u00e9 um dos maiores desafios do nosso pa\u00eds.<\/p>\n<p>Um primeiro passo, seria eliminar a n\u00edvel municipal, estadual e federal todos os gastos absurdos que o Estado tem para manter a classe pol\u00edtica, por exemplo: cortar a compra de carros oficiais, pol\u00edtico tem que ir trabalhar no seu pr\u00f3prio carro, ou de \u00f4nibus e metro como todo mundo faz. Acabar com essa hist\u00f3ria de aux\u00edlio moradia, aux\u00edlio palet\u00f3, verba para isso, verba para aquilo, aux\u00edlio para isso, aux\u00edlio para aquilo. Quem precisa de aux\u00edlio \u00e9 o povo brasileiro, e n\u00e3o a classe pol\u00edtica.<\/p>\n<blockquote><p>A m\u00e1quina do Estado no Brasil serve a classe pol\u00edtica, o dinheiro p\u00fablico \u00e9 usado para financiar os interesses dos partidos e os seus projetos de poder<\/p><\/blockquote>\n<p>Os pol\u00edticos est\u00e3o ricos e o povo pobre, enquanto eles andam de jatinho pago com dinheiro p\u00fablico, as pessoas comuns enfrentam a fila nos pontos de \u00f4nibus, enquanto a classe m\u00e9dia sofre para pagar os aumentos de gasolina os pol\u00edticos n\u00e3o pagam gasolina porque andam de carro oficial com gasolina paga com o meu e com o seu imposto. Enquanto o brasileiro sofre para pagar aluguel, os pol\u00edticos moram em mans\u00f5es pagas com dinheiro de corrup\u00e7\u00e3o. As Pol\u00edticas de Governo no Brasil servem a esses interesses, e n\u00e3o ao cidad\u00e3o.<\/p>\n<p>Isso n\u00e3o \u00e9 problema de um governo espec\u00edfico, isso n\u00e3o \u00e9 culpa de um presidente espec\u00edfico, a culpa disso \u00e9 nossa que fechamos os olhos, que toleramos, que achamos normal e que votamos todos os anos para perpetuar esse ciclo de mordomias, no Brasil n\u00f3s temos duas classes de pessoas: os pol\u00edticos que usufruem dos favores do Estado e os cidad\u00e3os que financiam essa farra com o dinheiro arrecadado com seus impostos.<\/p>\n<blockquote><p>No Brasil n\u00f3s temos duas classes de pessoas: os pol\u00edticos que usufruem dos favores do Estado e os cidad\u00e3os que financiam essa farra com o dinheiro arrecadado com seus impostos<\/p><\/blockquote>\n<p>Pol\u00edtico tem que servir os interesses do pa\u00eds, tem que servir aos interesses da popula\u00e7\u00e3o, sem regalias, sem mega sal\u00e1rios, sem carro oficial, sem casa paga pelo Estado, sem se aproveitar do dinheiro p\u00fablico como acontece em pa\u00edses como a Dinamarca, a Holanda, a Alemanha e muitos outros onde o Estado trabalha para as pessoas e n\u00e3o para servir os interesses de oligarquias pol\u00edticas e interesses partid\u00e1rios. Ainda d\u00e1 tempo de mudar, ainda d\u00e1 tempo de transformar as Pol\u00edticas de Governo, que servem apenas aos interesses dos partidos pol\u00edticos, em Pol\u00edticas de Estado, que existem, para servir ao cidad\u00e3o.<\/p>\n<p>&nbsp;<\/p>\n<p><img loading=\"lazy\" decoding=\"async\" class=\" wp-image-1451 alignleft\" src=\"http:\/\/radarexecutivo.com.br\/revista\/wp-content\/uploads\/2021\/09\/IMAGEM-2-300x300.jpg\" alt=\"\" width=\"134\" height=\"134\" srcset=\"https:\/\/radarexecutivo.com.br\/revista\/wp-content\/uploads\/2021\/09\/IMAGEM-2-300x300.jpg 300w, https:\/\/radarexecutivo.com.br\/revista\/wp-content\/uploads\/2021\/09\/IMAGEM-2-150x150.jpg 150w, https:\/\/radarexecutivo.com.br\/revista\/wp-content\/uploads\/2021\/09\/IMAGEM-2-130x130.jpg 130w, https:\/\/radarexecutivo.com.br\/revista\/wp-content\/uploads\/2021\/09\/IMAGEM-2.jpg 400w\" sizes=\"auto, (max-width: 134px) 100vw, 134px\" \/>Autor: Prof. Jorge Menezes \u00e9 palestrante, jornalista, escritor, colunista nas \u00e1reas de empreendedorismo e neg\u00f3cios. Apresentador do Canal Radar Executivo no YouTube e do Podcast Radar Executivo no Spotify. \u00c9 autor de v\u00e1rios best-sellers:\u00a0<a href=\"https:\/\/amzn.to\/31AtOgI\">Aprenda a Negociar com os Tubar\u00f5es\u00ae (2013)<\/a>,\u00a0<a href=\"https:\/\/amzn.to\/3GuogTz\">Transformando Networking em Neg\u00f3cios\u00ae (2015)<\/a>\u00a0e\u00a0<a href=\"https:\/\/amzn.to\/31Rfro0\">O C\u00f3digo Secreto da Venda\u00ae (2020<\/a>) todos publicados pela Editora Alta Books &#8211; Contato: (81) 9 9119-5002 Whatsapp<\/p>\n<p>Visite o hot site do curso O C\u00f3digo Secreto da Venda no Hotmart :\u00a0<a href=\"http:\/\/www.ocodigosecretodavenda.com.br\">http:\/\/www.ocodigosecretodavenda.com.br<\/a><\/p>\n","protected":false},"excerpt":{"rendered":"<p>N\u00e3o se iluda, os pol\u00edticos t\u00eam um \u00fanico objetivo na vida, se manter no poder. Quem bebe da fonte do poder, se vicia. Quem experimenta a sensa\u00e7\u00e3o de poder muda, tem o seu car\u00e1ter alterado. O poder vicia, o dinheiro f\u00e1cil vicia, e com isso, as pessoas perdem a no\u00e7\u00e3o daquilo que \u00e9 realmente importante para o pa\u00eds e para as pessoas simples que vivem nas ruas, que passam fome, que moram em meio ao esgoto aberto, que sofrem em \u00f4nibus lotados todos os dias para poder sobreviver. Os pol\u00edticos n\u00e3o est\u00e3o no governo para melhorar a vida de ningu\u00e9m, [&hellip;]<\/p>\n","protected":false},"author":1,"featured_media":2279,"comment_status":"open","ping_status":"open","sticky":false,"template":"","format":"standard","meta":{"om_disable_all_campaigns":false,"footnotes":""},"categories":[11],"tags":[96,76,77,78,75],"class_list":["post-2278","post","type-post","status-publish","format-standard","has-post-thumbnail","hentry","category-politica-em-foco","tag-brasil","tag-economia","tag-negocios","tag-poder","tag-politica"],"yoast_head":"<!-- This site is optimized with the Yoast SEO plugin v18.9 - https:\/\/yoast.com\/wordpress\/plugins\/seo\/ -->\n<title>P\u00e1gina Inicial<\/title>\n<meta name=\"description\" content=\"Lideran\u00e7a, gest\u00e3o, carreira, neg\u00f3cios, marketing, empreendedorismo, pol\u00edtica, economia, inova\u00e7\u00e3o. Voc\u00ea conectado no mundo empresarial.\" \/>\n<meta name=\"robots\" content=\"index, follow, max-snippet:-1, max-image-preview:large, max-video-preview:-1\" \/>\n<link rel=\"canonical\" href=\"https:\/\/radarexecutivo.com.br\/revista\/2022\/01\/12\/a-prioridade-e-se-manter-no-poder\/\" \/>\n<meta property=\"og:locale\" content=\"pt_BR\" \/>\n<meta property=\"og:type\" content=\"article\" \/>\n<meta property=\"og:title\" content=\"P\u00e1gina Inicial\" \/>\n<meta property=\"og:description\" content=\"Lideran\u00e7a, gest\u00e3o, carreira, neg\u00f3cios, marketing, empreendedorismo, pol\u00edtica, economia, inova\u00e7\u00e3o. Voc\u00ea conectado no mundo empresarial.\" \/>\n<meta property=\"og:url\" content=\"https:\/\/radarexecutivo.com.br\/revista\/2022\/01\/12\/a-prioridade-e-se-manter-no-poder\/\" \/>\n<meta property=\"og:site_name\" content=\"Revista Radar Executivo\" \/>\n<meta property=\"article:published_time\" content=\"2022-01-12T15:14:31+00:00\" \/>\n<meta property=\"article:modified_time\" content=\"2022-07-05T18:34:14+00:00\" \/>\n<meta property=\"og:image\" content=\"https:\/\/radarexecutivo.com.br\/revista\/wp-content\/uploads\/2022\/01\/A-PRIORIDADE-E-SE-MANTER-NO-PODER.jpg\" \/>\n\t<meta property=\"og:image:width\" content=\"1280\" \/>\n\t<meta property=\"og:image:height\" content=\"720\" \/>\n\t<meta property=\"og:image:type\" content=\"image\/jpeg\" \/>\n<meta name=\"twitter:card\" content=\"summary_large_image\" \/>\n<meta name=\"twitter:label1\" content=\"Escrito por\" \/>\n\t<meta name=\"twitter:data1\" content=\"Revista Radar Executivo\" \/>\n\t<meta name=\"twitter:label2\" content=\"Est. tempo de leitura\" \/>\n\t<meta name=\"twitter:data2\" content=\"6 minutos\" \/>\n<script type=\"application\/ld+json\" class=\"yoast-schema-graph\">{\"@context\":\"https:\/\/schema.org\",\"@graph\":[{\"@type\":\"Organization\",\"@id\":\"https:\/\/radarexecutivo.com.br\/revista\/#organization\",\"name\":\"Revista Radar Executivo\",\"url\":\"https:\/\/radarexecutivo.com.br\/revista\/\",\"sameAs\":[],\"logo\":{\"@type\":\"ImageObject\",\"inLanguage\":\"pt-BR\",\"@id\":\"https:\/\/radarexecutivo.com.br\/revista\/#\/schema\/logo\/image\/\",\"url\":\"https:\/\/radarexecutivo.com.br\/revista\/wp-content\/uploads\/2022\/06\/LOGO-REVISTA-PORTUGUES-PRETO-2.png\",\"contentUrl\":\"https:\/\/radarexecutivo.com.br\/revista\/wp-content\/uploads\/2022\/06\/LOGO-REVISTA-PORTUGUES-PRETO-2.png\",\"width\":8084,\"height\":2580,\"caption\":\"Revista Radar Executivo\"},\"image\":{\"@id\":\"https:\/\/radarexecutivo.com.br\/revista\/#\/schema\/logo\/image\/\"}},{\"@type\":\"WebSite\",\"@id\":\"https:\/\/radarexecutivo.com.br\/revista\/#website\",\"url\":\"https:\/\/radarexecutivo.com.br\/revista\/\",\"name\":\"Revista Radar Executivo\",\"description\":\"Voc\u00ea conectado no mundo empresarial\",\"publisher\":{\"@id\":\"https:\/\/radarexecutivo.com.br\/revista\/#organization\"},\"potentialAction\":[{\"@type\":\"SearchAction\",\"target\":{\"@type\":\"EntryPoint\",\"urlTemplate\":\"https:\/\/radarexecutivo.com.br\/revista\/?s={search_term_string}\"},\"query-input\":\"required name=search_term_string\"}],\"inLanguage\":\"pt-BR\"},{\"@type\":\"ImageObject\",\"inLanguage\":\"pt-BR\",\"@id\":\"https:\/\/radarexecutivo.com.br\/revista\/2022\/01\/12\/a-prioridade-e-se-manter-no-poder\/#primaryimage\",\"url\":\"https:\/\/radarexecutivo.com.br\/revista\/wp-content\/uploads\/2022\/01\/A-PRIORIDADE-E-SE-MANTER-NO-PODER.jpg\",\"contentUrl\":\"https:\/\/radarexecutivo.com.br\/revista\/wp-content\/uploads\/2022\/01\/A-PRIORIDADE-E-SE-MANTER-NO-PODER.jpg\",\"width\":1280,\"height\":720},{\"@type\":\"WebPage\",\"@id\":\"https:\/\/radarexecutivo.com.br\/revista\/2022\/01\/12\/a-prioridade-e-se-manter-no-poder\/#webpage\",\"url\":\"https:\/\/radarexecutivo.com.br\/revista\/2022\/01\/12\/a-prioridade-e-se-manter-no-poder\/\",\"name\":\"P\u00e1gina Inicial\",\"isPartOf\":{\"@id\":\"https:\/\/radarexecutivo.com.br\/revista\/#website\"},\"primaryImageOfPage\":{\"@id\":\"https:\/\/radarexecutivo.com.br\/revista\/2022\/01\/12\/a-prioridade-e-se-manter-no-poder\/#primaryimage\"},\"datePublished\":\"2022-01-12T15:14:31+00:00\",\"dateModified\":\"2022-07-05T18:34:14+00:00\",\"description\":\"Lideran\u00e7a, gest\u00e3o, carreira, neg\u00f3cios, marketing, empreendedorismo, pol\u00edtica, economia, inova\u00e7\u00e3o. Voc\u00ea conectado no mundo empresarial.\",\"breadcrumb\":{\"@id\":\"https:\/\/radarexecutivo.com.br\/revista\/2022\/01\/12\/a-prioridade-e-se-manter-no-poder\/#breadcrumb\"},\"inLanguage\":\"pt-BR\",\"potentialAction\":[{\"@type\":\"ReadAction\",\"target\":[\"https:\/\/radarexecutivo.com.br\/revista\/2022\/01\/12\/a-prioridade-e-se-manter-no-poder\/\"]}]},{\"@type\":\"BreadcrumbList\",\"@id\":\"https:\/\/radarexecutivo.com.br\/revista\/2022\/01\/12\/a-prioridade-e-se-manter-no-poder\/#breadcrumb\",\"itemListElement\":[{\"@type\":\"ListItem\",\"position\":1,\"name\":\"home\",\"item\":\"https:\/\/radarexecutivo.com.br\/revista\/\"},{\"@type\":\"ListItem\",\"position\":2,\"name\":\"brasil\",\"item\":\"https:\/\/radarexecutivo.com.br\/revista\/tag\/brasil\/\"},{\"@type\":\"ListItem\",\"position\":3,\"name\":\"A PRIORIDADE \u00c9 SE MANTER NO PODER\"}]},{\"@type\":\"Article\",\"@id\":\"https:\/\/radarexecutivo.com.br\/revista\/2022\/01\/12\/a-prioridade-e-se-manter-no-poder\/#article\",\"isPartOf\":{\"@id\":\"https:\/\/radarexecutivo.com.br\/revista\/2022\/01\/12\/a-prioridade-e-se-manter-no-poder\/#webpage\"},\"author\":{\"@id\":\"https:\/\/radarexecutivo.com.br\/revista\/#\/schema\/person\/fa7d561ec3c1e5e8f9aee0a176cd0162\"},\"headline\":\"A PRIORIDADE \u00c9 SE MANTER NO PODER\",\"datePublished\":\"2022-01-12T15:14:31+00:00\",\"dateModified\":\"2022-07-05T18:34:14+00:00\",\"mainEntityOfPage\":{\"@id\":\"https:\/\/radarexecutivo.com.br\/revista\/2022\/01\/12\/a-prioridade-e-se-manter-no-poder\/#webpage\"},\"wordCount\":1295,\"commentCount\":0,\"publisher\":{\"@id\":\"https:\/\/radarexecutivo.com.br\/revista\/#organization\"},\"image\":{\"@id\":\"https:\/\/radarexecutivo.com.br\/revista\/2022\/01\/12\/a-prioridade-e-se-manter-no-poder\/#primaryimage\"},\"thumbnailUrl\":\"https:\/\/radarexecutivo.com.br\/revista\/wp-content\/uploads\/2022\/01\/A-PRIORIDADE-E-SE-MANTER-NO-PODER.jpg\",\"keywords\":[\"brasil\",\"economia\",\"neg\u00f3cios\",\"poder\",\"politica\"],\"articleSection\":[\"POL\u00cdTICA EM FOCO\"],\"inLanguage\":\"pt-BR\",\"potentialAction\":[{\"@type\":\"CommentAction\",\"name\":\"Comment\",\"target\":[\"https:\/\/radarexecutivo.com.br\/revista\/2022\/01\/12\/a-prioridade-e-se-manter-no-poder\/#respond\"]}]},{\"@type\":\"Person\",\"@id\":\"https:\/\/radarexecutivo.com.br\/revista\/#\/schema\/person\/fa7d561ec3c1e5e8f9aee0a176cd0162\",\"name\":\"Revista Radar Executivo\",\"image\":{\"@type\":\"ImageObject\",\"inLanguage\":\"pt-BR\",\"@id\":\"https:\/\/radarexecutivo.com.br\/revista\/#\/schema\/person\/image\/\",\"url\":\"https:\/\/secure.gravatar.com\/avatar\/13c41cad95f86d1121ade5519feb60932dc6dc8287e4743bcec5ce91b8ef2196?s=96&d=mm&r=g\",\"contentUrl\":\"https:\/\/secure.gravatar.com\/avatar\/13c41cad95f86d1121ade5519feb60932dc6dc8287e4743bcec5ce91b8ef2196?s=96&d=mm&r=g\",\"caption\":\"Revista Radar Executivo\"},\"sameAs\":[\"http:\/\/radarexecutivo.com.br\/revista\"],\"url\":\"https:\/\/radarexecutivo.com.br\/revista\/author\/radarexecutivo\/\"}]}<\/script>\n<!-- \/ Yoast SEO plugin. -->","yoast_head_json":{"title":"P\u00e1gina Inicial","description":"Lideran\u00e7a, gest\u00e3o, carreira, neg\u00f3cios, marketing, empreendedorismo, pol\u00edtica, economia, inova\u00e7\u00e3o. Voc\u00ea conectado no mundo empresarial.","robots":{"index":"index","follow":"follow","max-snippet":"max-snippet:-1","max-image-preview":"max-image-preview:large","max-video-preview":"max-video-preview:-1"},"canonical":"https:\/\/radarexecutivo.com.br\/revista\/2022\/01\/12\/a-prioridade-e-se-manter-no-poder\/","og_locale":"pt_BR","og_type":"article","og_title":"P\u00e1gina Inicial","og_description":"Lideran\u00e7a, gest\u00e3o, carreira, neg\u00f3cios, marketing, empreendedorismo, pol\u00edtica, economia, inova\u00e7\u00e3o. Voc\u00ea conectado no mundo empresarial.","og_url":"https:\/\/radarexecutivo.com.br\/revista\/2022\/01\/12\/a-prioridade-e-se-manter-no-poder\/","og_site_name":"Revista Radar Executivo","article_published_time":"2022-01-12T15:14:31+00:00","article_modified_time":"2022-07-05T18:34:14+00:00","og_image":[{"width":1280,"height":720,"url":"https:\/\/radarexecutivo.com.br\/revista\/wp-content\/uploads\/2022\/01\/A-PRIORIDADE-E-SE-MANTER-NO-PODER.jpg","type":"image\/jpeg"}],"twitter_card":"summary_large_image","twitter_misc":{"Escrito por":"Revista Radar Executivo","Est. tempo de leitura":"6 minutos"},"schema":{"@context":"https:\/\/schema.org","@graph":[{"@type":"Organization","@id":"https:\/\/radarexecutivo.com.br\/revista\/#organization","name":"Revista Radar Executivo","url":"https:\/\/radarexecutivo.com.br\/revista\/","sameAs":[],"logo":{"@type":"ImageObject","inLanguage":"pt-BR","@id":"https:\/\/radarexecutivo.com.br\/revista\/#\/schema\/logo\/image\/","url":"https:\/\/radarexecutivo.com.br\/revista\/wp-content\/uploads\/2022\/06\/LOGO-REVISTA-PORTUGUES-PRETO-2.png","contentUrl":"https:\/\/radarexecutivo.com.br\/revista\/wp-content\/uploads\/2022\/06\/LOGO-REVISTA-PORTUGUES-PRETO-2.png","width":8084,"height":2580,"caption":"Revista Radar Executivo"},"image":{"@id":"https:\/\/radarexecutivo.com.br\/revista\/#\/schema\/logo\/image\/"}},{"@type":"WebSite","@id":"https:\/\/radarexecutivo.com.br\/revista\/#website","url":"https:\/\/radarexecutivo.com.br\/revista\/","name":"Revista Radar Executivo","description":"Voc\u00ea conectado no mundo empresarial","publisher":{"@id":"https:\/\/radarexecutivo.com.br\/revista\/#organization"},"potentialAction":[{"@type":"SearchAction","target":{"@type":"EntryPoint","urlTemplate":"https:\/\/radarexecutivo.com.br\/revista\/?s={search_term_string}"},"query-input":"required name=search_term_string"}],"inLanguage":"pt-BR"},{"@type":"ImageObject","inLanguage":"pt-BR","@id":"https:\/\/radarexecutivo.com.br\/revista\/2022\/01\/12\/a-prioridade-e-se-manter-no-poder\/#primaryimage","url":"https:\/\/radarexecutivo.com.br\/revista\/wp-content\/uploads\/2022\/01\/A-PRIORIDADE-E-SE-MANTER-NO-PODER.jpg","contentUrl":"https:\/\/radarexecutivo.com.br\/revista\/wp-content\/uploads\/2022\/01\/A-PRIORIDADE-E-SE-MANTER-NO-PODER.jpg","width":1280,"height":720},{"@type":"WebPage","@id":"https:\/\/radarexecutivo.com.br\/revista\/2022\/01\/12\/a-prioridade-e-se-manter-no-poder\/#webpage","url":"https:\/\/radarexecutivo.com.br\/revista\/2022\/01\/12\/a-prioridade-e-se-manter-no-poder\/","name":"P\u00e1gina Inicial","isPartOf":{"@id":"https:\/\/radarexecutivo.com.br\/revista\/#website"},"primaryImageOfPage":{"@id":"https:\/\/radarexecutivo.com.br\/revista\/2022\/01\/12\/a-prioridade-e-se-manter-no-poder\/#primaryimage"},"datePublished":"2022-01-12T15:14:31+00:00","dateModified":"2022-07-05T18:34:14+00:00","description":"Lideran\u00e7a, gest\u00e3o, carreira, neg\u00f3cios, marketing, empreendedorismo, pol\u00edtica, economia, inova\u00e7\u00e3o. Voc\u00ea conectado no mundo empresarial.","breadcrumb":{"@id":"https:\/\/radarexecutivo.com.br\/revista\/2022\/01\/12\/a-prioridade-e-se-manter-no-poder\/#breadcrumb"},"inLanguage":"pt-BR","potentialAction":[{"@type":"ReadAction","target":["https:\/\/radarexecutivo.com.br\/revista\/2022\/01\/12\/a-prioridade-e-se-manter-no-poder\/"]}]},{"@type":"BreadcrumbList","@id":"https:\/\/radarexecutivo.com.br\/revista\/2022\/01\/12\/a-prioridade-e-se-manter-no-poder\/#breadcrumb","itemListElement":[{"@type":"ListItem","position":1,"name":"home","item":"https:\/\/radarexecutivo.com.br\/revista\/"},{"@type":"ListItem","position":2,"name":"brasil","item":"https:\/\/radarexecutivo.com.br\/revista\/tag\/brasil\/"},{"@type":"ListItem","position":3,"name":"A PRIORIDADE \u00c9 SE MANTER NO PODER"}]},{"@type":"Article","@id":"https:\/\/radarexecutivo.com.br\/revista\/2022\/01\/12\/a-prioridade-e-se-manter-no-poder\/#article","isPartOf":{"@id":"https:\/\/radarexecutivo.com.br\/revista\/2022\/01\/12\/a-prioridade-e-se-manter-no-poder\/#webpage"},"author":{"@id":"https:\/\/radarexecutivo.com.br\/revista\/#\/schema\/person\/fa7d561ec3c1e5e8f9aee0a176cd0162"},"headline":"A PRIORIDADE \u00c9 SE MANTER NO PODER","datePublished":"2022-01-12T15:14:31+00:00","dateModified":"2022-07-05T18:34:14+00:00","mainEntityOfPage":{"@id":"https:\/\/radarexecutivo.com.br\/revista\/2022\/01\/12\/a-prioridade-e-se-manter-no-poder\/#webpage"},"wordCount":1295,"commentCount":0,"publisher":{"@id":"https:\/\/radarexecutivo.com.br\/revista\/#organization"},"image":{"@id":"https:\/\/radarexecutivo.com.br\/revista\/2022\/01\/12\/a-prioridade-e-se-manter-no-poder\/#primaryimage"},"thumbnailUrl":"https:\/\/radarexecutivo.com.br\/revista\/wp-content\/uploads\/2022\/01\/A-PRIORIDADE-E-SE-MANTER-NO-PODER.jpg","keywords":["brasil","economia","neg\u00f3cios","poder","politica"],"articleSection":["POL\u00cdTICA EM FOCO"],"inLanguage":"pt-BR","potentialAction":[{"@type":"CommentAction","name":"Comment","target":["https:\/\/radarexecutivo.com.br\/revista\/2022\/01\/12\/a-prioridade-e-se-manter-no-poder\/#respond"]}]},{"@type":"Person","@id":"https:\/\/radarexecutivo.com.br\/revista\/#\/schema\/person\/fa7d561ec3c1e5e8f9aee0a176cd0162","name":"Revista Radar Executivo","image":{"@type":"ImageObject","inLanguage":"pt-BR","@id":"https:\/\/radarexecutivo.com.br\/revista\/#\/schema\/person\/image\/","url":"https:\/\/secure.gravatar.com\/avatar\/13c41cad95f86d1121ade5519feb60932dc6dc8287e4743bcec5ce91b8ef2196?s=96&d=mm&r=g","contentUrl":"https:\/\/secure.gravatar.com\/avatar\/13c41cad95f86d1121ade5519feb60932dc6dc8287e4743bcec5ce91b8ef2196?s=96&d=mm&r=g","caption":"Revista Radar Executivo"},"sameAs":["http:\/\/radarexecutivo.com.br\/revista"],"url":"https:\/\/radarexecutivo.com.br\/revista\/author\/radarexecutivo\/"}]}},"_links":{"self":[{"href":"https:\/\/radarexecutivo.com.br\/revista\/wp-json\/wp\/v2\/posts\/2278","targetHints":{"allow":["GET"]}}],"collection":[{"href":"https:\/\/radarexecutivo.com.br\/revista\/wp-json\/wp\/v2\/posts"}],"about":[{"href":"https:\/\/radarexecutivo.com.br\/revista\/wp-json\/wp\/v2\/types\/post"}],"author":[{"embeddable":true,"href":"https:\/\/radarexecutivo.com.br\/revista\/wp-json\/wp\/v2\/users\/1"}],"replies":[{"embeddable":true,"href":"https:\/\/radarexecutivo.com.br\/revista\/wp-json\/wp\/v2\/comments?post=2278"}],"version-history":[{"count":5,"href":"https:\/\/radarexecutivo.com.br\/revista\/wp-json\/wp\/v2\/posts\/2278\/revisions"}],"predecessor-version":[{"id":2465,"href":"https:\/\/radarexecutivo.com.br\/revista\/wp-json\/wp\/v2\/posts\/2278\/revisions\/2465"}],"wp:featuredmedia":[{"embeddable":true,"href":"https:\/\/radarexecutivo.com.br\/revista\/wp-json\/wp\/v2\/media\/2279"}],"wp:attachment":[{"href":"https:\/\/radarexecutivo.com.br\/revista\/wp-json\/wp\/v2\/media?parent=2278"}],"wp:term":[{"taxonomy":"category","embeddable":true,"href":"https:\/\/radarexecutivo.com.br\/revista\/wp-json\/wp\/v2\/categories?post=2278"},{"taxonomy":"post_tag","embeddable":true,"href":"https:\/\/radarexecutivo.com.br\/revista\/wp-json\/wp\/v2\/tags?post=2278"}],"curies":[{"name":"wp","href":"https:\/\/api.w.org\/{rel}","templated":true}]}}