{"id":2348,"date":"2022-02-01T11:26:00","date_gmt":"2022-02-01T14:26:00","guid":{"rendered":"https:\/\/radarexecutivo.com.br\/revista\/?p=2348"},"modified":"2022-07-05T15:19:43","modified_gmt":"2022-07-05T18:19:43","slug":"a-geracao-hundred","status":"publish","type":"post","link":"https:\/\/radarexecutivo.com.br\/revista\/2022\/02\/01\/a-geracao-hundred\/","title":{"rendered":"A GERA\u00c7\u00c3O HUNDRED"},"content":{"rendered":"<p><strong><em>A gera\u00e7\u00e3o que vai viver mais de 100 anos j\u00e1 nasceu. Essa \u00e9 a Gera\u00e7\u00e3o Hundred<\/em><\/strong><\/p>\n<p><strong><em>Em 2100, o mundo ter\u00e1 21 milh\u00f5es de pessoas com 100 anos ou mais e o Brasil aumentar\u00e1 sua popula\u00e7\u00e3o de centen\u00e1rios em 110 vezes<\/em><\/strong><\/p>\n<p><strong><em>\u00a0<\/em><\/strong>A cada ano que passa, os avan\u00e7os da medicina e as novas tecnologias nos levam a romper uma barreira biol\u00f3gica impens\u00e1vel at\u00e9 poucos anos atr\u00e1s, viver com sa\u00fade e em plena atividade ap\u00f3s os 100 anos de idade. Vencer essa marca era extremamente raro a 50 anos atr\u00e1s, onde uma pessoa que vivia muito, mau passava dos 60 anos de idade. Essa realidade mudou, a gera\u00e7\u00e3o que vai romper essa barreira j\u00e1 nasceu e est\u00e1 entre n\u00f3s, hoje, com os avan\u00e7os da ci\u00eancia j\u00e1 \u00e9 poss\u00edvel chegar aos 100 anos em atividade e com qualidade de vida, essa \u00e9 a Gera\u00e7\u00e3o Hundred.<\/p>\n<p>Viver mais e em plena forma f\u00edsica e mental \u00e9 um desejo da maioria das pessoas, todos n\u00f3s queremos continuar ativos e produtivos pelo m\u00e1ximo de tempo poss\u00edvel para poder realizar nossos sonhos, investir em nossos projetos e conquistar novos objetivos. Esta longevidade t\u00e3o desejada est\u00e1 cada vez mais pr\u00f3xima de n\u00f3s, a realidade \u00e9 essa, a cada nova gera\u00e7\u00e3o, os avan\u00e7os da ci\u00eancia e a tecnologia est\u00e3o ampliando o nosso tempo de vida e eliminando os fatores f\u00edsicos e mentais que reduziam ou limitavam a nossa produtividade.<\/p>\n<blockquote><p>A cada ano que passa, os avan\u00e7os da medicina e as novas tecnologias nos levam a romper uma barreira biol\u00f3gica impens\u00e1vel at\u00e9 poucos anos atr\u00e1s<\/p><\/blockquote>\n<p>No come\u00e7o do s\u00e9culo 19, algu\u00e9m que passasse dos 35 anos j\u00e1 podia ser considerado um sortudo. Em apenas 150 anos, a expectativa de vida no mundo quase dobrou, marcando 62 anos em 1950. De l\u00e1 para c\u00e1, o n\u00famero cresce aceleradamente. Agora, um novo conjunto de descobertas e t\u00e9cnicas que come\u00e7am a despontar em empresas, startups e universidades, como rem\u00e9dios que tratam apenas as c\u00e9lulas doentes, edi\u00e7\u00e3o gen\u00e9tica, rob\u00f3tica e intelig\u00eancia artificial \u2014 nos levar\u00e1 a um cap\u00edtulo in\u00e9dito na hist\u00f3ria: at\u00e9 o final deste s\u00e9culo, segundo dados da ONU divulgados recentemente, o mundo ter\u00e1 mais de 21 milh\u00f5es de pessoas com 100 anos ou mais, e o Brasil ampliar\u00e1 sua popula\u00e7\u00e3o de centen\u00e1rios em mais de 110 vezes, para mais de 1,5 milh\u00e3o.<\/p>\n<p>A quest\u00e3o ser\u00e1, portanto, sobre como envelhecer com a melhor qualidade de vida poss\u00edvel. At\u00e9 2100, a popula\u00e7\u00e3o mundial com 65 anos ou mais dever\u00e1 corresponder a 22,3% do total. Atualmente, a terceira idade representa 8,5% dos 8 bilh\u00f5es de habitantes do planeta. Isso acarretar\u00e1 mudan\u00e7as profundas na sociedade e na forma como planejamos e gerenciamos a nossa carreira e os nossos projetos. Hoje em dia, quem tem 50 anos, est\u00e1 na metade da vida, ou seja, ainda tem muito tempo pela frente para realizar novas conquistas e experimentar novos caminhos.<\/p>\n<blockquote><p>A ci\u00eancia e a tecnologia est\u00e3o ampliando o nosso tempo de vida e eliminando os fatores f\u00edsicos e mentais que reduziam ou limitavam a nossa produtividade.<\/p><\/blockquote>\n<p>Essa nova realidade trazida pela possibilidade de viver mais tempo e em plena atividade, vai exigir de cada um de n\u00f3s uma nova postura, uma nova maneira de pensar sobre o planejamento da nossa carreira. Recome\u00e7ar em uma nova profiss\u00e3o ser\u00e1 cada dia mais comum, estudar deve ser tornar um h\u00e1bito cont\u00ednuo para que possamos continuar avan\u00e7ando durante toda a nossa vida. As viradas de carreira ser\u00e3o a regra e n\u00e3o a exce\u00e7\u00e3o, pessoas que sempre desejaram mudar de profiss\u00e3o ter\u00e3o energia e tempo suficiente para gerenciar com sabedoria essa mudan\u00e7a.<\/p>\n<p>As pessoas com mais de 50 anos, realizadas profissionalmente e com uma situa\u00e7\u00e3o financeira est\u00e1vel, ter\u00e3o a chance de se dedicar aquilo que lhes d\u00e1 prazer, veremos muitas pessoas deixando suas profiss\u00f5es de origem para se dedicar a gastronomia, a arte, a fotografia, a marcenaria e a um retorno ao campo, indo morar em lugares antes impens\u00e1veis por serem considerados muito isolados, mas que agora, com as conex\u00f5es em rede e com o trabalho remoto voltaram a ser op\u00e7\u00f5es vi\u00e1veis para quem quer abandonar de vez a agita\u00e7\u00e3o e barulho das grandes cidades.<\/p>\n<blockquote><p>Essa nova realidade de viver mais tempo e em plena atividade, vai exigir de\u00a0 n\u00f3s uma nova maneira de pensar e uma nova forma de planejar a nossa carreira<\/p><\/blockquote>\n<p>Morar no campo ou na praia e fazer disso um bom neg\u00f3cio, ser\u00e1 tamb\u00e9m um caminho que muitos v\u00e3o escolher. Aquela casa na serra ou na praia que voc\u00ea ia uma vez a cada dois meses vai se tornar a sua moradia permanente e \u00e9 l\u00e1 onde voc\u00ea vai desenvolver seu novo neg\u00f3cio e sua nova fonte de renda, com a conex\u00e3o campo-cidade proporcionada pela tecnologia tudo isso ficou mais f\u00e1cil. A longevidade aliada a busca por mais qualidade de vida e realiza\u00e7\u00e3o pessoal dessa Gera\u00e7\u00e3o Hundred vai desencadear uma migra\u00e7\u00e3o reversa da cidade para o campo.<\/p>\n<p>Ser\u00e1 cada vez mais comum ver m\u00e9dicos virando produtores rurais, advogados virando Chefs de Cuisine, gente de TI virando produtor musical e por a\u00ed vai. As viradas na carreira ser\u00e3o cada vez mais bem aceitas, mais bem planejadas e mais bem pensadas. A Gera\u00e7\u00e3o Hundred quer trabalhar para viver, ela n\u00e3o quer mais viver para trabalhar como fez at\u00e9 agora. Isso nos for\u00e7a a repensar a maneira como estamos gerenciando a nossa carreira, isso nos fazer repensar os nossos objetivos, isso nos faz rever as nossas prioridades.<\/p>\n<blockquote><p>A Gera\u00e7\u00e3o Hundred quer trabalhar para viver, ela n\u00e3o quer mais viver para trabalhar como fez at\u00e9 agora<\/p><\/blockquote>\n<p>Pense que voc\u00ea tem agora mais 50 anos pela frente, use esse tempo extra com sabedoria, reveja as suas escolhas. Tenha coragem para mudar de vida, mudar de profiss\u00e3o, mudar seu ramo de neg\u00f3cio para poder desfrutar desse tempo com intelig\u00eancia. A vida hoje come\u00e7a aos cinquenta, voc\u00ea tem todo um horizonte pela frente a ser descoberto e desvendado, voc\u00ea tem um futuro novo, onde voc\u00ea pode fazer o que ainda n\u00e3o fez, onde voc\u00ea pode se dedicar com paix\u00e3o aquilo que ama fazer. Cinquenta anos \u00e9 apenas o come\u00e7o, o come\u00e7o de uma nova carreira, o come\u00e7o de um novo neg\u00f3cio, o come\u00e7o de uma nova vida.<\/p>\n<p>Prepare-se para viver mais de 100 anos, prepare-se para ser produtivo por muito mais tempo, o conceito de velho mudou, velho n\u00e3o \u00e9 quem tem muita idade, velho \u00e9 aquele que desistiu de mudar e renunciou aos seus sonhos para viver uma vida de stress, press\u00e3o, cansa\u00e7o mental e fatal de tempo para fazer aquilo que lhe d\u00e1 prazer. A Gera\u00e7\u00e3o Hundred est\u00e1 a\u00ed, viver mais de 100 anos n\u00e3o \u00e9 mais um sonho, \u00e9 uma realidade, o que importa agora, \u00e9 o que voc\u00ea vai fazer com todo esse tempo que foi colocado em suas m\u00e3os.<\/p>\n<blockquote><p>O conceito de velho mudou, velho n\u00e3o \u00e9 quem tem muita idade, velho \u00e9 aquele que desistiu de mudar e renunciou aos seus sonhos<\/p><\/blockquote>\n<p>&nbsp;<\/p>\n<p>Voc\u00ea tamb\u00e9m pode gostar do artigo: <a href=\"https:\/\/radarexecutivo.com.br\/revista\/2021\/10\/07\/a-economia-da-terceira-idade\/\">A ECONOMIA DA TERCEIRA IDADE<\/a><\/p>\n<p>&nbsp;<\/p>\n<p><img loading=\"lazy\" decoding=\"async\" class=\" wp-image-1451 alignleft\" src=\"https:\/\/radarexecutivo.com.br\/revista\/wp-content\/uploads\/2021\/09\/IMAGEM-2-300x300.jpg\" alt=\"\" width=\"133\" height=\"133\" srcset=\"https:\/\/radarexecutivo.com.br\/revista\/wp-content\/uploads\/2021\/09\/IMAGEM-2-300x300.jpg 300w, https:\/\/radarexecutivo.com.br\/revista\/wp-content\/uploads\/2021\/09\/IMAGEM-2-150x150.jpg 150w, https:\/\/radarexecutivo.com.br\/revista\/wp-content\/uploads\/2021\/09\/IMAGEM-2-130x130.jpg 130w, https:\/\/radarexecutivo.com.br\/revista\/wp-content\/uploads\/2021\/09\/IMAGEM-2.jpg 400w\" sizes=\"auto, (max-width: 133px) 100vw, 133px\" \/>Autor: Prof. Jorge Menezes \u00e9 palestrante, jornalista, escritor, colunista nas \u00e1reas de empreendedorismo e neg\u00f3cios. Apresentador do Canal Radar Executivo no YouTube e do Podcast Radar Executivo no Spotify. \u00c9 autor de v\u00e1rios best-sellers:\u00a0<a href=\"https:\/\/amzn.to\/31AtOgI\">Aprenda a Negociar com os Tubar\u00f5es\u00ae (2013)<\/a>,\u00a0<a href=\"https:\/\/amzn.to\/3GuogTz\">Transformando Networking em Neg\u00f3cios\u00ae (2015)<\/a>\u00a0e\u00a0<a href=\"https:\/\/amzn.to\/31Rfro0\">O C\u00f3digo Secreto da Venda\u00ae (2020<\/a>) todos publicados pela Editora Alta Books &#8211; Contato: (81) 9 9119-5002 Whatsapp<\/p>\n<p>Visite o hot site do curso O C\u00f3digo Secreto da Venda no Hotmart :\u00a0<a href=\"http:\/\/www.ocodigosecretodavenda.com.br\">http:\/\/www.ocodigosecretodavenda.com.br<\/a><\/p>\n<p>&nbsp;<\/p>\n","protected":false},"excerpt":{"rendered":"<p>A gera\u00e7\u00e3o que vai viver mais de 100 anos j\u00e1 nasceu. Essa \u00e9 a Gera\u00e7\u00e3o Hundred Em 2100, o mundo ter\u00e1 21 milh\u00f5es de pessoas com 100 anos ou mais e o Brasil aumentar\u00e1 sua popula\u00e7\u00e3o de centen\u00e1rios em 110 vezes \u00a0A cada ano que passa, os avan\u00e7os da medicina e as novas tecnologias nos levam a romper uma barreira biol\u00f3gica impens\u00e1vel at\u00e9 poucos anos atr\u00e1s, viver com sa\u00fade e em plena atividade ap\u00f3s os 100 anos de idade. Vencer essa marca era extremamente raro a 50 anos atr\u00e1s, onde uma pessoa que vivia muito, mau passava dos 60 anos [&hellip;]<\/p>\n","protected":false},"author":1,"featured_media":2349,"comment_status":"open","ping_status":"open","sticky":false,"template":"","format":"standard","meta":{"om_disable_all_campaigns":false,"footnotes":""},"categories":[13],"tags":[71,85,100,64,77],"class_list":["post-2348","post","type-post","status-publish","format-standard","has-post-thumbnail","hentry","category-carreira-em-foco","tag-carreira","tag-crescimento-espiritual","tag-desenvolvimento-pessoal","tag-estrategia","tag-negocios"],"yoast_head":"<!-- This site is optimized with the Yoast SEO plugin v18.9 - https:\/\/yoast.com\/wordpress\/plugins\/seo\/ -->\n<title>Revista Radar Executivo - Artigo: A Gera\u00e7\u00e3o Hundred<\/title>\n<meta name=\"description\" content=\"Lideran\u00e7a, gest\u00e3o, carreira, neg\u00f3cios, marketing, empreendedorismo, pol\u00edtica, economia, inova\u00e7\u00e3o. Voc\u00ea conectado no mundo empresarial.\" \/>\n<meta name=\"robots\" content=\"index, follow, max-snippet:-1, max-image-preview:large, max-video-preview:-1\" \/>\n<link rel=\"canonical\" href=\"https:\/\/radarexecutivo.com.br\/revista\/2022\/02\/01\/a-geracao-hundred\/\" \/>\n<meta property=\"og:locale\" content=\"pt_BR\" \/>\n<meta property=\"og:type\" content=\"article\" \/>\n<meta property=\"og:title\" content=\"Revista Radar Executivo - Artigo: A Gera\u00e7\u00e3o Hundred\" \/>\n<meta property=\"og:description\" content=\"Lideran\u00e7a, gest\u00e3o, carreira, neg\u00f3cios, marketing, empreendedorismo, pol\u00edtica, economia, inova\u00e7\u00e3o. Voc\u00ea conectado no mundo empresarial.\" \/>\n<meta property=\"og:url\" content=\"https:\/\/radarexecutivo.com.br\/revista\/2022\/02\/01\/a-geracao-hundred\/\" \/>\n<meta property=\"og:site_name\" content=\"Revista Radar Executivo\" \/>\n<meta property=\"article:published_time\" content=\"2022-02-01T14:26:00+00:00\" \/>\n<meta property=\"article:modified_time\" content=\"2022-07-05T18:19:43+00:00\" \/>\n<meta property=\"og:image\" content=\"https:\/\/radarexecutivo.com.br\/revista\/wp-content\/uploads\/2022\/02\/LONGEVIDADE-02.jpg\" \/>\n\t<meta property=\"og:image:width\" content=\"1280\" \/>\n\t<meta property=\"og:image:height\" content=\"720\" \/>\n\t<meta property=\"og:image:type\" content=\"image\/jpeg\" \/>\n<meta name=\"twitter:card\" content=\"summary_large_image\" \/>\n<meta name=\"twitter:label1\" content=\"Escrito por\" \/>\n\t<meta name=\"twitter:data1\" content=\"Revista Radar Executivo\" \/>\n\t<meta name=\"twitter:label2\" content=\"Est. tempo de leitura\" \/>\n\t<meta name=\"twitter:data2\" content=\"7 minutos\" \/>\n<script type=\"application\/ld+json\" class=\"yoast-schema-graph\">{\"@context\":\"https:\/\/schema.org\",\"@graph\":[{\"@type\":\"Organization\",\"@id\":\"https:\/\/radarexecutivo.com.br\/revista\/#organization\",\"name\":\"Revista Radar Executivo\",\"url\":\"https:\/\/radarexecutivo.com.br\/revista\/\",\"sameAs\":[],\"logo\":{\"@type\":\"ImageObject\",\"inLanguage\":\"pt-BR\",\"@id\":\"https:\/\/radarexecutivo.com.br\/revista\/#\/schema\/logo\/image\/\",\"url\":\"https:\/\/radarexecutivo.com.br\/revista\/wp-content\/uploads\/2022\/06\/LOGO-REVISTA-PORTUGUES-PRETO-2.png\",\"contentUrl\":\"https:\/\/radarexecutivo.com.br\/revista\/wp-content\/uploads\/2022\/06\/LOGO-REVISTA-PORTUGUES-PRETO-2.png\",\"width\":8084,\"height\":2580,\"caption\":\"Revista Radar Executivo\"},\"image\":{\"@id\":\"https:\/\/radarexecutivo.com.br\/revista\/#\/schema\/logo\/image\/\"}},{\"@type\":\"WebSite\",\"@id\":\"https:\/\/radarexecutivo.com.br\/revista\/#website\",\"url\":\"https:\/\/radarexecutivo.com.br\/revista\/\",\"name\":\"Revista Radar Executivo\",\"description\":\"Voc\u00ea conectado no mundo empresarial\",\"publisher\":{\"@id\":\"https:\/\/radarexecutivo.com.br\/revista\/#organization\"},\"potentialAction\":[{\"@type\":\"SearchAction\",\"target\":{\"@type\":\"EntryPoint\",\"urlTemplate\":\"https:\/\/radarexecutivo.com.br\/revista\/?s={search_term_string}\"},\"query-input\":\"required name=search_term_string\"}],\"inLanguage\":\"pt-BR\"},{\"@type\":\"ImageObject\",\"inLanguage\":\"pt-BR\",\"@id\":\"https:\/\/radarexecutivo.com.br\/revista\/2022\/02\/01\/a-geracao-hundred\/#primaryimage\",\"url\":\"https:\/\/radarexecutivo.com.br\/revista\/wp-content\/uploads\/2022\/02\/LONGEVIDADE-02.jpg\",\"contentUrl\":\"https:\/\/radarexecutivo.com.br\/revista\/wp-content\/uploads\/2022\/02\/LONGEVIDADE-02.jpg\",\"width\":1280,\"height\":720,\"caption\":\"A GERA\u00c7\u00c3O HUNDRED. LA GENERACI\u00d3N HUNDRED. THE HUNDRED GENERATION\"},{\"@type\":\"WebPage\",\"@id\":\"https:\/\/radarexecutivo.com.br\/revista\/2022\/02\/01\/a-geracao-hundred\/#webpage\",\"url\":\"https:\/\/radarexecutivo.com.br\/revista\/2022\/02\/01\/a-geracao-hundred\/\",\"name\":\"Revista Radar Executivo - Artigo: A Gera\u00e7\u00e3o Hundred\",\"isPartOf\":{\"@id\":\"https:\/\/radarexecutivo.com.br\/revista\/#website\"},\"primaryImageOfPage\":{\"@id\":\"https:\/\/radarexecutivo.com.br\/revista\/2022\/02\/01\/a-geracao-hundred\/#primaryimage\"},\"datePublished\":\"2022-02-01T14:26:00+00:00\",\"dateModified\":\"2022-07-05T18:19:43+00:00\",\"description\":\"Lideran\u00e7a, gest\u00e3o, carreira, neg\u00f3cios, marketing, empreendedorismo, pol\u00edtica, economia, inova\u00e7\u00e3o. Voc\u00ea conectado no mundo empresarial.\",\"breadcrumb\":{\"@id\":\"https:\/\/radarexecutivo.com.br\/revista\/2022\/02\/01\/a-geracao-hundred\/#breadcrumb\"},\"inLanguage\":\"pt-BR\",\"potentialAction\":[{\"@type\":\"ReadAction\",\"target\":[\"https:\/\/radarexecutivo.com.br\/revista\/2022\/02\/01\/a-geracao-hundred\/\"]}]},{\"@type\":\"BreadcrumbList\",\"@id\":\"https:\/\/radarexecutivo.com.br\/revista\/2022\/02\/01\/a-geracao-hundred\/#breadcrumb\",\"itemListElement\":[{\"@type\":\"ListItem\",\"position\":1,\"name\":\"home\",\"item\":\"https:\/\/radarexecutivo.com.br\/revista\/\"},{\"@type\":\"ListItem\",\"position\":2,\"name\":\"carreira\",\"item\":\"https:\/\/radarexecutivo.com.br\/revista\/tag\/carreira\/\"},{\"@type\":\"ListItem\",\"position\":3,\"name\":\"A GERA\u00c7\u00c3O HUNDRED\"}]},{\"@type\":\"Article\",\"@id\":\"https:\/\/radarexecutivo.com.br\/revista\/2022\/02\/01\/a-geracao-hundred\/#article\",\"isPartOf\":{\"@id\":\"https:\/\/radarexecutivo.com.br\/revista\/2022\/02\/01\/a-geracao-hundred\/#webpage\"},\"author\":{\"@id\":\"https:\/\/radarexecutivo.com.br\/revista\/#\/schema\/person\/fa7d561ec3c1e5e8f9aee0a176cd0162\"},\"headline\":\"A GERA\u00c7\u00c3O HUNDRED\",\"datePublished\":\"2022-02-01T14:26:00+00:00\",\"dateModified\":\"2022-07-05T18:19:43+00:00\",\"mainEntityOfPage\":{\"@id\":\"https:\/\/radarexecutivo.com.br\/revista\/2022\/02\/01\/a-geracao-hundred\/#webpage\"},\"wordCount\":1318,\"commentCount\":0,\"publisher\":{\"@id\":\"https:\/\/radarexecutivo.com.br\/revista\/#organization\"},\"image\":{\"@id\":\"https:\/\/radarexecutivo.com.br\/revista\/2022\/02\/01\/a-geracao-hundred\/#primaryimage\"},\"thumbnailUrl\":\"https:\/\/radarexecutivo.com.br\/revista\/wp-content\/uploads\/2022\/02\/LONGEVIDADE-02.jpg\",\"keywords\":[\"carreira\",\"crescimento profissional\",\"desenvolvimento pessoal\",\"estrat\u00e9gia\",\"neg\u00f3cios\"],\"articleSection\":[\"CARREIRA EM FOCO\"],\"inLanguage\":\"pt-BR\",\"potentialAction\":[{\"@type\":\"CommentAction\",\"name\":\"Comment\",\"target\":[\"https:\/\/radarexecutivo.com.br\/revista\/2022\/02\/01\/a-geracao-hundred\/#respond\"]}]},{\"@type\":\"Person\",\"@id\":\"https:\/\/radarexecutivo.com.br\/revista\/#\/schema\/person\/fa7d561ec3c1e5e8f9aee0a176cd0162\",\"name\":\"Revista Radar Executivo\",\"image\":{\"@type\":\"ImageObject\",\"inLanguage\":\"pt-BR\",\"@id\":\"https:\/\/radarexecutivo.com.br\/revista\/#\/schema\/person\/image\/\",\"url\":\"https:\/\/secure.gravatar.com\/avatar\/13c41cad95f86d1121ade5519feb60932dc6dc8287e4743bcec5ce91b8ef2196?s=96&d=mm&r=g\",\"contentUrl\":\"https:\/\/secure.gravatar.com\/avatar\/13c41cad95f86d1121ade5519feb60932dc6dc8287e4743bcec5ce91b8ef2196?s=96&d=mm&r=g\",\"caption\":\"Revista Radar Executivo\"},\"sameAs\":[\"http:\/\/radarexecutivo.com.br\/revista\"],\"url\":\"https:\/\/radarexecutivo.com.br\/revista\/author\/radarexecutivo\/\"}]}<\/script>\n<!-- \/ Yoast SEO plugin. -->","yoast_head_json":{"title":"Revista Radar Executivo - Artigo: A Gera\u00e7\u00e3o Hundred","description":"Lideran\u00e7a, gest\u00e3o, carreira, neg\u00f3cios, marketing, empreendedorismo, pol\u00edtica, economia, inova\u00e7\u00e3o. Voc\u00ea conectado no mundo empresarial.","robots":{"index":"index","follow":"follow","max-snippet":"max-snippet:-1","max-image-preview":"max-image-preview:large","max-video-preview":"max-video-preview:-1"},"canonical":"https:\/\/radarexecutivo.com.br\/revista\/2022\/02\/01\/a-geracao-hundred\/","og_locale":"pt_BR","og_type":"article","og_title":"Revista Radar Executivo - Artigo: A Gera\u00e7\u00e3o Hundred","og_description":"Lideran\u00e7a, gest\u00e3o, carreira, neg\u00f3cios, marketing, empreendedorismo, pol\u00edtica, economia, inova\u00e7\u00e3o. Voc\u00ea conectado no mundo empresarial.","og_url":"https:\/\/radarexecutivo.com.br\/revista\/2022\/02\/01\/a-geracao-hundred\/","og_site_name":"Revista Radar Executivo","article_published_time":"2022-02-01T14:26:00+00:00","article_modified_time":"2022-07-05T18:19:43+00:00","og_image":[{"width":1280,"height":720,"url":"https:\/\/radarexecutivo.com.br\/revista\/wp-content\/uploads\/2022\/02\/LONGEVIDADE-02.jpg","type":"image\/jpeg"}],"twitter_card":"summary_large_image","twitter_misc":{"Escrito por":"Revista Radar Executivo","Est. tempo de leitura":"7 minutos"},"schema":{"@context":"https:\/\/schema.org","@graph":[{"@type":"Organization","@id":"https:\/\/radarexecutivo.com.br\/revista\/#organization","name":"Revista Radar Executivo","url":"https:\/\/radarexecutivo.com.br\/revista\/","sameAs":[],"logo":{"@type":"ImageObject","inLanguage":"pt-BR","@id":"https:\/\/radarexecutivo.com.br\/revista\/#\/schema\/logo\/image\/","url":"https:\/\/radarexecutivo.com.br\/revista\/wp-content\/uploads\/2022\/06\/LOGO-REVISTA-PORTUGUES-PRETO-2.png","contentUrl":"https:\/\/radarexecutivo.com.br\/revista\/wp-content\/uploads\/2022\/06\/LOGO-REVISTA-PORTUGUES-PRETO-2.png","width":8084,"height":2580,"caption":"Revista Radar Executivo"},"image":{"@id":"https:\/\/radarexecutivo.com.br\/revista\/#\/schema\/logo\/image\/"}},{"@type":"WebSite","@id":"https:\/\/radarexecutivo.com.br\/revista\/#website","url":"https:\/\/radarexecutivo.com.br\/revista\/","name":"Revista Radar Executivo","description":"Voc\u00ea conectado no mundo empresarial","publisher":{"@id":"https:\/\/radarexecutivo.com.br\/revista\/#organization"},"potentialAction":[{"@type":"SearchAction","target":{"@type":"EntryPoint","urlTemplate":"https:\/\/radarexecutivo.com.br\/revista\/?s={search_term_string}"},"query-input":"required name=search_term_string"}],"inLanguage":"pt-BR"},{"@type":"ImageObject","inLanguage":"pt-BR","@id":"https:\/\/radarexecutivo.com.br\/revista\/2022\/02\/01\/a-geracao-hundred\/#primaryimage","url":"https:\/\/radarexecutivo.com.br\/revista\/wp-content\/uploads\/2022\/02\/LONGEVIDADE-02.jpg","contentUrl":"https:\/\/radarexecutivo.com.br\/revista\/wp-content\/uploads\/2022\/02\/LONGEVIDADE-02.jpg","width":1280,"height":720,"caption":"A GERA\u00c7\u00c3O HUNDRED. LA GENERACI\u00d3N HUNDRED. THE HUNDRED GENERATION"},{"@type":"WebPage","@id":"https:\/\/radarexecutivo.com.br\/revista\/2022\/02\/01\/a-geracao-hundred\/#webpage","url":"https:\/\/radarexecutivo.com.br\/revista\/2022\/02\/01\/a-geracao-hundred\/","name":"Revista Radar Executivo - Artigo: A Gera\u00e7\u00e3o Hundred","isPartOf":{"@id":"https:\/\/radarexecutivo.com.br\/revista\/#website"},"primaryImageOfPage":{"@id":"https:\/\/radarexecutivo.com.br\/revista\/2022\/02\/01\/a-geracao-hundred\/#primaryimage"},"datePublished":"2022-02-01T14:26:00+00:00","dateModified":"2022-07-05T18:19:43+00:00","description":"Lideran\u00e7a, gest\u00e3o, carreira, neg\u00f3cios, marketing, empreendedorismo, pol\u00edtica, economia, inova\u00e7\u00e3o. Voc\u00ea conectado no mundo empresarial.","breadcrumb":{"@id":"https:\/\/radarexecutivo.com.br\/revista\/2022\/02\/01\/a-geracao-hundred\/#breadcrumb"},"inLanguage":"pt-BR","potentialAction":[{"@type":"ReadAction","target":["https:\/\/radarexecutivo.com.br\/revista\/2022\/02\/01\/a-geracao-hundred\/"]}]},{"@type":"BreadcrumbList","@id":"https:\/\/radarexecutivo.com.br\/revista\/2022\/02\/01\/a-geracao-hundred\/#breadcrumb","itemListElement":[{"@type":"ListItem","position":1,"name":"home","item":"https:\/\/radarexecutivo.com.br\/revista\/"},{"@type":"ListItem","position":2,"name":"carreira","item":"https:\/\/radarexecutivo.com.br\/revista\/tag\/carreira\/"},{"@type":"ListItem","position":3,"name":"A GERA\u00c7\u00c3O HUNDRED"}]},{"@type":"Article","@id":"https:\/\/radarexecutivo.com.br\/revista\/2022\/02\/01\/a-geracao-hundred\/#article","isPartOf":{"@id":"https:\/\/radarexecutivo.com.br\/revista\/2022\/02\/01\/a-geracao-hundred\/#webpage"},"author":{"@id":"https:\/\/radarexecutivo.com.br\/revista\/#\/schema\/person\/fa7d561ec3c1e5e8f9aee0a176cd0162"},"headline":"A GERA\u00c7\u00c3O HUNDRED","datePublished":"2022-02-01T14:26:00+00:00","dateModified":"2022-07-05T18:19:43+00:00","mainEntityOfPage":{"@id":"https:\/\/radarexecutivo.com.br\/revista\/2022\/02\/01\/a-geracao-hundred\/#webpage"},"wordCount":1318,"commentCount":0,"publisher":{"@id":"https:\/\/radarexecutivo.com.br\/revista\/#organization"},"image":{"@id":"https:\/\/radarexecutivo.com.br\/revista\/2022\/02\/01\/a-geracao-hundred\/#primaryimage"},"thumbnailUrl":"https:\/\/radarexecutivo.com.br\/revista\/wp-content\/uploads\/2022\/02\/LONGEVIDADE-02.jpg","keywords":["carreira","crescimento profissional","desenvolvimento pessoal","estrat\u00e9gia","neg\u00f3cios"],"articleSection":["CARREIRA EM FOCO"],"inLanguage":"pt-BR","potentialAction":[{"@type":"CommentAction","name":"Comment","target":["https:\/\/radarexecutivo.com.br\/revista\/2022\/02\/01\/a-geracao-hundred\/#respond"]}]},{"@type":"Person","@id":"https:\/\/radarexecutivo.com.br\/revista\/#\/schema\/person\/fa7d561ec3c1e5e8f9aee0a176cd0162","name":"Revista Radar Executivo","image":{"@type":"ImageObject","inLanguage":"pt-BR","@id":"https:\/\/radarexecutivo.com.br\/revista\/#\/schema\/person\/image\/","url":"https:\/\/secure.gravatar.com\/avatar\/13c41cad95f86d1121ade5519feb60932dc6dc8287e4743bcec5ce91b8ef2196?s=96&d=mm&r=g","contentUrl":"https:\/\/secure.gravatar.com\/avatar\/13c41cad95f86d1121ade5519feb60932dc6dc8287e4743bcec5ce91b8ef2196?s=96&d=mm&r=g","caption":"Revista Radar Executivo"},"sameAs":["http:\/\/radarexecutivo.com.br\/revista"],"url":"https:\/\/radarexecutivo.com.br\/revista\/author\/radarexecutivo\/"}]}},"_links":{"self":[{"href":"https:\/\/radarexecutivo.com.br\/revista\/wp-json\/wp\/v2\/posts\/2348","targetHints":{"allow":["GET"]}}],"collection":[{"href":"https:\/\/radarexecutivo.com.br\/revista\/wp-json\/wp\/v2\/posts"}],"about":[{"href":"https:\/\/radarexecutivo.com.br\/revista\/wp-json\/wp\/v2\/types\/post"}],"author":[{"embeddable":true,"href":"https:\/\/radarexecutivo.com.br\/revista\/wp-json\/wp\/v2\/users\/1"}],"replies":[{"embeddable":true,"href":"https:\/\/radarexecutivo.com.br\/revista\/wp-json\/wp\/v2\/comments?post=2348"}],"version-history":[{"count":7,"href":"https:\/\/radarexecutivo.com.br\/revista\/wp-json\/wp\/v2\/posts\/2348\/revisions"}],"predecessor-version":[{"id":2825,"href":"https:\/\/radarexecutivo.com.br\/revista\/wp-json\/wp\/v2\/posts\/2348\/revisions\/2825"}],"wp:featuredmedia":[{"embeddable":true,"href":"https:\/\/radarexecutivo.com.br\/revista\/wp-json\/wp\/v2\/media\/2349"}],"wp:attachment":[{"href":"https:\/\/radarexecutivo.com.br\/revista\/wp-json\/wp\/v2\/media?parent=2348"}],"wp:term":[{"taxonomy":"category","embeddable":true,"href":"https:\/\/radarexecutivo.com.br\/revista\/wp-json\/wp\/v2\/categories?post=2348"},{"taxonomy":"post_tag","embeddable":true,"href":"https:\/\/radarexecutivo.com.br\/revista\/wp-json\/wp\/v2\/tags?post=2348"}],"curies":[{"name":"wp","href":"https:\/\/api.w.org\/{rel}","templated":true}]}}