{"id":3326,"date":"2022-10-03T08:20:02","date_gmt":"2022-10-03T11:20:02","guid":{"rendered":"https:\/\/radarexecutivo.com.br\/revista\/?p=3326"},"modified":"2022-10-11T06:42:11","modified_gmt":"2022-10-11T09:42:11","slug":"o-fato-e-esse","status":"publish","type":"post","link":"https:\/\/radarexecutivo.com.br\/revista\/2022\/10\/03\/o-fato-e-esse\/","title":{"rendered":"O FATO \u00c9 ESSE"},"content":{"rendered":"<p>O fato \u00e9 esse : os eleitores aprenderam a separar o que \u00e9 pesquisa do que \u00e9 voto, os eleitores aprenderam a separar o que \u00e9 o Brasil real do que \u00e9 o Brasil da m\u00eddia. N\u00e3o se trata de opini\u00e3o pol\u00edtica influenciada pela propaganda eleitoral, \u00e9 mais do que isso, o eleitor do Brasil de hoje tem convic\u00e7\u00f5es.<\/p>\n<p>O eleitor brasileiro deixou claro o que quer para o pa\u00eds: combate a corrup\u00e7\u00e3o, a valoriza\u00e7\u00e3o da pauta de costumes, onde fam\u00edlia, p\u00e1tria e Deus est\u00e3o em primeiro lugar. O perfil do eleitor de baixa renda mudou, e os partidos de esquerda n\u00e3o viram isso, a &#8220;cervejinha\u201d e o churrasquinho foram trocados pela igreja e pela b\u00edblia. Hoje boa parte do eleitorado \u00e9 evang\u00e9lico, e isso muda tudo.<\/p>\n<blockquote><p>O eleitor brasileiro deixou claro o que quer para o pa\u00eds: combate a corrup\u00e7\u00e3o, a valoriza\u00e7\u00e3o da pauta de costumes, onde fam\u00edlia, p\u00e1tria e Deus est\u00e3o em primeiro lugar.<\/p><\/blockquote>\n<p>A resposta veio nas urnas com a vota\u00e7\u00e3o expressiva nos candidatos de perfil conservador. Agora o Brasil vai seguir em frente rumo a consolida\u00e7\u00e3o da democracia, e os pol\u00edticos v\u00e3o aprender definitivamente, que elei\u00e7\u00e3o se ganha \u00e9 na urna, pelo voto da maioria. \u00a0As urnas eletr\u00f4nicas s\u00e3o limpas e mostram a realidade, a democracia \u00e9 o melhor sistema de governo que existe, pois ontem, mais de 113 milh\u00f5es de brasileiros votaram e puderam deixar claro quais s\u00e3o as suas expectativas para o pa\u00eds nos pr\u00f3ximos quatro anos.<\/p>\n<p>A elei\u00e7\u00e3o \u00e9 onde a popula\u00e7\u00e3o ganha voz, em uma elei\u00e7\u00e3o n\u00e3o existem perdedores, quem ganha com elei\u00e7\u00f5es livres e diretas \u00e9 a democracia. Ontem demos um show nas urnas, o nosso sistema de vota\u00e7\u00e3o eletr\u00f4nica provou ser o mais moderno, eficiente e seguro do mundo. Quatro horas depois da vota\u00e7\u00e3o encerrada j\u00e1 t\u00ednhamos os resultados, uma elei\u00e7\u00e3o limpa, sem maiores transtornos, exceto em casos pontuais.<\/p>\n<blockquote><p>O perfil do eleitor de baixa renda mudou, e os partidos de esquerda n\u00e3o viram isso, a &#8220;cervejinha\u201d e o churrasquinho foram trocados pela igreja e pela b\u00edblia<\/p><\/blockquote>\n<p>Isso mostra que o Brasil tem uma democracia madura, mostra que os eleitores brasileiros est\u00e3o bem conscientes das suas escolhas pol\u00edticas, isso mostra que o nosso sistema eleitoral \u00e9 exemplo para o mundo, isso mostra que a constitui\u00e7\u00e3o foi respeitada e que a vontade da maioria ser\u00e1 cumprida.<\/p>\n<p>Parab\u00e9ns ao Brasil pela forma democr\u00e1tica e limpa que vem crescendo e se consolidando como uma das maiores e mais respeitadas democracias do planeta. \u00c9 isso o que todos n\u00f3s queremos: um pa\u00eds livre, democr\u00e1tico, onde o respeito \u00e0s leis e \u00e0s oportunidades sejam para todos os brasileiros, sejam eles de qualquer partido, de qualquer ideologia pol\u00edtica, qualquer g\u00eanero, qualquer ra\u00e7a e qualquer credo. Afinal somos todos contribuintes, pagamos impostos e temos o direito e o dever de dizer nas urnas qual pais desejamos deixar como heran\u00e7a para as pr\u00f3ximas gera\u00e7\u00f5es.<\/p>\n<p>VOC\u00ca TAMB\u00c9M PODE GOSTAR DO ARTIGO:<a href=\"https:\/\/radarexecutivo.com.br\/revista\/\"> A DEMOCRATIZA\u00c7\u00c3O DA INFORMA\u00c7\u00c3O<\/a><\/p>\n<p><img loading=\"lazy\" decoding=\"async\" class=\" wp-image-1451 alignleft\" src=\"https:\/\/radarexecutivo.com.br\/revista\/wp-content\/uploads\/2021\/09\/IMAGEM-2-300x300.jpg\" alt=\"Prof. Jorge Menezes\" width=\"136\" height=\"136\" srcset=\"https:\/\/radarexecutivo.com.br\/revista\/wp-content\/uploads\/2021\/09\/IMAGEM-2-300x300.jpg 300w, https:\/\/radarexecutivo.com.br\/revista\/wp-content\/uploads\/2021\/09\/IMAGEM-2-150x150.jpg 150w, https:\/\/radarexecutivo.com.br\/revista\/wp-content\/uploads\/2021\/09\/IMAGEM-2-130x130.jpg 130w, https:\/\/radarexecutivo.com.br\/revista\/wp-content\/uploads\/2021\/09\/IMAGEM-2.jpg 400w\" sizes=\"auto, (max-width: 136px) 100vw, 136px\" \/>Autor: Prof. Jorge Menezes \u00e9 palestrante, jornalista, escritor, colunista nas \u00e1reas de empreendedorismo e neg\u00f3cios. CEO da Radar Executivo Business School, Head of Content da Revista Radar Executivo, Apresentador do Canal Radar Executivo no YouTube e do Podcast Radar Executivo no Spotify. \u00c9 autor de v\u00e1rios best-sellers:\u00a0<a href=\"https:\/\/amzn.to\/31AtOgI\">Aprenda a Negociar com os Tubar\u00f5es\u00ae (2013)<\/a>,\u00a0<a href=\"https:\/\/amzn.to\/3GuogTz\">Transformando Networking em Neg\u00f3cios\u00ae (2015)<\/a>\u00a0e\u00a0<a href=\"https:\/\/amzn.to\/31Rfro0\">O C\u00f3digo Secreto da Venda\u00ae (2020<\/a>) todos publicados pela Editora Alta Books.<\/p>\n","protected":false},"excerpt":{"rendered":"<p>O fato \u00e9 esse : os eleitores aprenderam a separar o que \u00e9 pesquisa do que \u00e9 voto, os eleitores aprenderam a separar o que \u00e9 o Brasil real do que \u00e9 o Brasil da m\u00eddia. N\u00e3o se trata de opini\u00e3o pol\u00edtica influenciada pela propaganda eleitoral, \u00e9 mais do que isso, o eleitor do Brasil de hoje tem convic\u00e7\u00f5es. O eleitor brasileiro deixou claro o que quer para o pa\u00eds: combate a corrup\u00e7\u00e3o, a valoriza\u00e7\u00e3o da pauta de costumes, onde fam\u00edlia, p\u00e1tria e Deus est\u00e3o em primeiro lugar. O perfil do eleitor de baixa renda mudou, e os partidos de [&hellip;]<\/p>\n","protected":false},"author":1,"featured_media":3327,"comment_status":"open","ping_status":"open","sticky":false,"template":"","format":"standard","meta":{"om_disable_all_campaigns":false,"footnotes":""},"categories":[11],"tags":[771,76,769,75,773],"class_list":["post-3326","post","type-post","status-publish","format-standard","has-post-thumbnail","hentry","category-politica-em-foco","tag-democracia","tag-economia","tag-eleicoes","tag-politica","tag-votacao"],"yoast_head":"<!-- This site is optimized with the Yoast SEO plugin v18.9 - https:\/\/yoast.com\/wordpress\/plugins\/seo\/ -->\n<title>Revista Radar Executivo - Artigo: O Fato \u00e9 Esse<\/title>\n<meta name=\"description\" content=\"Lideran\u00e7a, gest\u00e3o, carreira, neg\u00f3cios, marketing, empreendedorismo, pol\u00edtica, economia, inova\u00e7\u00e3o. Voc\u00ea conectado no mundo empresarial.\" \/>\n<meta name=\"robots\" content=\"index, follow, max-snippet:-1, max-image-preview:large, max-video-preview:-1\" \/>\n<link rel=\"canonical\" href=\"https:\/\/radarexecutivo.com.br\/revista\/2022\/10\/03\/o-fato-e-esse\/\" \/>\n<meta property=\"og:locale\" content=\"pt_BR\" \/>\n<meta property=\"og:type\" content=\"article\" \/>\n<meta property=\"og:title\" content=\"Revista Radar Executivo - Artigo: O Fato \u00e9 Esse\" \/>\n<meta property=\"og:description\" content=\"Lideran\u00e7a, gest\u00e3o, carreira, neg\u00f3cios, marketing, empreendedorismo, pol\u00edtica, economia, inova\u00e7\u00e3o. Voc\u00ea conectado no mundo empresarial.\" \/>\n<meta property=\"og:url\" content=\"https:\/\/radarexecutivo.com.br\/revista\/2022\/10\/03\/o-fato-e-esse\/\" \/>\n<meta property=\"og:site_name\" content=\"Revista Radar Executivo\" \/>\n<meta property=\"article:published_time\" content=\"2022-10-03T11:20:02+00:00\" \/>\n<meta property=\"article:modified_time\" content=\"2022-10-11T09:42:11+00:00\" \/>\n<meta property=\"og:image\" content=\"https:\/\/radarexecutivo.com.br\/revista\/wp-content\/uploads\/2022\/10\/Slide49.jpg\" \/>\n\t<meta property=\"og:image:width\" content=\"853\" \/>\n\t<meta property=\"og:image:height\" content=\"480\" \/>\n\t<meta property=\"og:image:type\" content=\"image\/jpeg\" \/>\n<meta name=\"twitter:card\" content=\"summary_large_image\" \/>\n<meta name=\"twitter:label1\" content=\"Escrito por\" \/>\n\t<meta name=\"twitter:data1\" content=\"Revista Radar Executivo\" \/>\n\t<meta name=\"twitter:label2\" content=\"Est. tempo de leitura\" \/>\n\t<meta name=\"twitter:data2\" content=\"3 minutos\" \/>\n<script type=\"application\/ld+json\" class=\"yoast-schema-graph\">{\"@context\":\"https:\/\/schema.org\",\"@graph\":[{\"@type\":\"Organization\",\"@id\":\"https:\/\/radarexecutivo.com.br\/revista\/#organization\",\"name\":\"Revista Radar Executivo\",\"url\":\"https:\/\/radarexecutivo.com.br\/revista\/\",\"sameAs\":[],\"logo\":{\"@type\":\"ImageObject\",\"inLanguage\":\"pt-BR\",\"@id\":\"https:\/\/radarexecutivo.com.br\/revista\/#\/schema\/logo\/image\/\",\"url\":\"https:\/\/radarexecutivo.com.br\/revista\/wp-content\/uploads\/2022\/06\/LOGO-REVISTA-PORTUGUES-PRETO-2.png\",\"contentUrl\":\"https:\/\/radarexecutivo.com.br\/revista\/wp-content\/uploads\/2022\/06\/LOGO-REVISTA-PORTUGUES-PRETO-2.png\",\"width\":8084,\"height\":2580,\"caption\":\"Revista Radar Executivo\"},\"image\":{\"@id\":\"https:\/\/radarexecutivo.com.br\/revista\/#\/schema\/logo\/image\/\"}},{\"@type\":\"WebSite\",\"@id\":\"https:\/\/radarexecutivo.com.br\/revista\/#website\",\"url\":\"https:\/\/radarexecutivo.com.br\/revista\/\",\"name\":\"Revista Radar Executivo\",\"description\":\"Voc\u00ea conectado no mundo empresarial\",\"publisher\":{\"@id\":\"https:\/\/radarexecutivo.com.br\/revista\/#organization\"},\"potentialAction\":[{\"@type\":\"SearchAction\",\"target\":{\"@type\":\"EntryPoint\",\"urlTemplate\":\"https:\/\/radarexecutivo.com.br\/revista\/?s={search_term_string}\"},\"query-input\":\"required name=search_term_string\"}],\"inLanguage\":\"pt-BR\"},{\"@type\":\"ImageObject\",\"inLanguage\":\"pt-BR\",\"@id\":\"https:\/\/radarexecutivo.com.br\/revista\/2022\/10\/03\/o-fato-e-esse\/#primaryimage\",\"url\":\"https:\/\/radarexecutivo.com.br\/revista\/wp-content\/uploads\/2022\/10\/Slide49.jpg\",\"contentUrl\":\"https:\/\/radarexecutivo.com.br\/revista\/wp-content\/uploads\/2022\/10\/Slide49.jpg\",\"width\":853,\"height\":480},{\"@type\":\"WebPage\",\"@id\":\"https:\/\/radarexecutivo.com.br\/revista\/2022\/10\/03\/o-fato-e-esse\/#webpage\",\"url\":\"https:\/\/radarexecutivo.com.br\/revista\/2022\/10\/03\/o-fato-e-esse\/\",\"name\":\"Revista Radar Executivo - Artigo: O Fato \u00e9 Esse\",\"isPartOf\":{\"@id\":\"https:\/\/radarexecutivo.com.br\/revista\/#website\"},\"primaryImageOfPage\":{\"@id\":\"https:\/\/radarexecutivo.com.br\/revista\/2022\/10\/03\/o-fato-e-esse\/#primaryimage\"},\"datePublished\":\"2022-10-03T11:20:02+00:00\",\"dateModified\":\"2022-10-11T09:42:11+00:00\",\"description\":\"Lideran\u00e7a, gest\u00e3o, carreira, neg\u00f3cios, marketing, empreendedorismo, pol\u00edtica, economia, inova\u00e7\u00e3o. Voc\u00ea conectado no mundo empresarial.\",\"breadcrumb\":{\"@id\":\"https:\/\/radarexecutivo.com.br\/revista\/2022\/10\/03\/o-fato-e-esse\/#breadcrumb\"},\"inLanguage\":\"pt-BR\",\"potentialAction\":[{\"@type\":\"ReadAction\",\"target\":[\"https:\/\/radarexecutivo.com.br\/revista\/2022\/10\/03\/o-fato-e-esse\/\"]}]},{\"@type\":\"BreadcrumbList\",\"@id\":\"https:\/\/radarexecutivo.com.br\/revista\/2022\/10\/03\/o-fato-e-esse\/#breadcrumb\",\"itemListElement\":[{\"@type\":\"ListItem\",\"position\":1,\"name\":\"home\",\"item\":\"https:\/\/radarexecutivo.com.br\/revista\/\"},{\"@type\":\"ListItem\",\"position\":2,\"name\":\"democracia\",\"item\":\"https:\/\/radarexecutivo.com.br\/revista\/tag\/democracia\/\"},{\"@type\":\"ListItem\",\"position\":3,\"name\":\"O FATO \u00c9 ESSE\"}]},{\"@type\":\"Article\",\"@id\":\"https:\/\/radarexecutivo.com.br\/revista\/2022\/10\/03\/o-fato-e-esse\/#article\",\"isPartOf\":{\"@id\":\"https:\/\/radarexecutivo.com.br\/revista\/2022\/10\/03\/o-fato-e-esse\/#webpage\"},\"author\":{\"@id\":\"https:\/\/radarexecutivo.com.br\/revista\/#\/schema\/person\/fa7d561ec3c1e5e8f9aee0a176cd0162\"},\"headline\":\"O FATO \u00c9 ESSE\",\"datePublished\":\"2022-10-03T11:20:02+00:00\",\"dateModified\":\"2022-10-11T09:42:11+00:00\",\"mainEntityOfPage\":{\"@id\":\"https:\/\/radarexecutivo.com.br\/revista\/2022\/10\/03\/o-fato-e-esse\/#webpage\"},\"wordCount\":606,\"commentCount\":0,\"publisher\":{\"@id\":\"https:\/\/radarexecutivo.com.br\/revista\/#organization\"},\"image\":{\"@id\":\"https:\/\/radarexecutivo.com.br\/revista\/2022\/10\/03\/o-fato-e-esse\/#primaryimage\"},\"thumbnailUrl\":\"https:\/\/radarexecutivo.com.br\/revista\/wp-content\/uploads\/2022\/10\/Slide49.jpg\",\"keywords\":[\"democracia\",\"economia\",\"elei\u00e7\u00f5es\",\"politica\",\"vota\u00e7\u00e3o\"],\"articleSection\":[\"POL\u00cdTICA EM FOCO\"],\"inLanguage\":\"pt-BR\",\"potentialAction\":[{\"@type\":\"CommentAction\",\"name\":\"Comment\",\"target\":[\"https:\/\/radarexecutivo.com.br\/revista\/2022\/10\/03\/o-fato-e-esse\/#respond\"]}]},{\"@type\":\"Person\",\"@id\":\"https:\/\/radarexecutivo.com.br\/revista\/#\/schema\/person\/fa7d561ec3c1e5e8f9aee0a176cd0162\",\"name\":\"Revista Radar Executivo\",\"image\":{\"@type\":\"ImageObject\",\"inLanguage\":\"pt-BR\",\"@id\":\"https:\/\/radarexecutivo.com.br\/revista\/#\/schema\/person\/image\/\",\"url\":\"https:\/\/secure.gravatar.com\/avatar\/13c41cad95f86d1121ade5519feb60932dc6dc8287e4743bcec5ce91b8ef2196?s=96&d=mm&r=g\",\"contentUrl\":\"https:\/\/secure.gravatar.com\/avatar\/13c41cad95f86d1121ade5519feb60932dc6dc8287e4743bcec5ce91b8ef2196?s=96&d=mm&r=g\",\"caption\":\"Revista Radar Executivo\"},\"sameAs\":[\"http:\/\/radarexecutivo.com.br\/revista\"],\"url\":\"https:\/\/radarexecutivo.com.br\/revista\/author\/radarexecutivo\/\"}]}<\/script>\n<!-- \/ Yoast SEO plugin. -->","yoast_head_json":{"title":"Revista Radar Executivo - Artigo: O Fato \u00e9 Esse","description":"Lideran\u00e7a, gest\u00e3o, carreira, neg\u00f3cios, marketing, empreendedorismo, pol\u00edtica, economia, inova\u00e7\u00e3o. Voc\u00ea conectado no mundo empresarial.","robots":{"index":"index","follow":"follow","max-snippet":"max-snippet:-1","max-image-preview":"max-image-preview:large","max-video-preview":"max-video-preview:-1"},"canonical":"https:\/\/radarexecutivo.com.br\/revista\/2022\/10\/03\/o-fato-e-esse\/","og_locale":"pt_BR","og_type":"article","og_title":"Revista Radar Executivo - Artigo: O Fato \u00e9 Esse","og_description":"Lideran\u00e7a, gest\u00e3o, carreira, neg\u00f3cios, marketing, empreendedorismo, pol\u00edtica, economia, inova\u00e7\u00e3o. Voc\u00ea conectado no mundo empresarial.","og_url":"https:\/\/radarexecutivo.com.br\/revista\/2022\/10\/03\/o-fato-e-esse\/","og_site_name":"Revista Radar Executivo","article_published_time":"2022-10-03T11:20:02+00:00","article_modified_time":"2022-10-11T09:42:11+00:00","og_image":[{"width":853,"height":480,"url":"https:\/\/radarexecutivo.com.br\/revista\/wp-content\/uploads\/2022\/10\/Slide49.jpg","type":"image\/jpeg"}],"twitter_card":"summary_large_image","twitter_misc":{"Escrito por":"Revista Radar Executivo","Est. tempo de leitura":"3 minutos"},"schema":{"@context":"https:\/\/schema.org","@graph":[{"@type":"Organization","@id":"https:\/\/radarexecutivo.com.br\/revista\/#organization","name":"Revista Radar Executivo","url":"https:\/\/radarexecutivo.com.br\/revista\/","sameAs":[],"logo":{"@type":"ImageObject","inLanguage":"pt-BR","@id":"https:\/\/radarexecutivo.com.br\/revista\/#\/schema\/logo\/image\/","url":"https:\/\/radarexecutivo.com.br\/revista\/wp-content\/uploads\/2022\/06\/LOGO-REVISTA-PORTUGUES-PRETO-2.png","contentUrl":"https:\/\/radarexecutivo.com.br\/revista\/wp-content\/uploads\/2022\/06\/LOGO-REVISTA-PORTUGUES-PRETO-2.png","width":8084,"height":2580,"caption":"Revista Radar Executivo"},"image":{"@id":"https:\/\/radarexecutivo.com.br\/revista\/#\/schema\/logo\/image\/"}},{"@type":"WebSite","@id":"https:\/\/radarexecutivo.com.br\/revista\/#website","url":"https:\/\/radarexecutivo.com.br\/revista\/","name":"Revista Radar Executivo","description":"Voc\u00ea conectado no mundo empresarial","publisher":{"@id":"https:\/\/radarexecutivo.com.br\/revista\/#organization"},"potentialAction":[{"@type":"SearchAction","target":{"@type":"EntryPoint","urlTemplate":"https:\/\/radarexecutivo.com.br\/revista\/?s={search_term_string}"},"query-input":"required name=search_term_string"}],"inLanguage":"pt-BR"},{"@type":"ImageObject","inLanguage":"pt-BR","@id":"https:\/\/radarexecutivo.com.br\/revista\/2022\/10\/03\/o-fato-e-esse\/#primaryimage","url":"https:\/\/radarexecutivo.com.br\/revista\/wp-content\/uploads\/2022\/10\/Slide49.jpg","contentUrl":"https:\/\/radarexecutivo.com.br\/revista\/wp-content\/uploads\/2022\/10\/Slide49.jpg","width":853,"height":480},{"@type":"WebPage","@id":"https:\/\/radarexecutivo.com.br\/revista\/2022\/10\/03\/o-fato-e-esse\/#webpage","url":"https:\/\/radarexecutivo.com.br\/revista\/2022\/10\/03\/o-fato-e-esse\/","name":"Revista Radar Executivo - Artigo: O Fato \u00e9 Esse","isPartOf":{"@id":"https:\/\/radarexecutivo.com.br\/revista\/#website"},"primaryImageOfPage":{"@id":"https:\/\/radarexecutivo.com.br\/revista\/2022\/10\/03\/o-fato-e-esse\/#primaryimage"},"datePublished":"2022-10-03T11:20:02+00:00","dateModified":"2022-10-11T09:42:11+00:00","description":"Lideran\u00e7a, gest\u00e3o, carreira, neg\u00f3cios, marketing, empreendedorismo, pol\u00edtica, economia, inova\u00e7\u00e3o. Voc\u00ea conectado no mundo empresarial.","breadcrumb":{"@id":"https:\/\/radarexecutivo.com.br\/revista\/2022\/10\/03\/o-fato-e-esse\/#breadcrumb"},"inLanguage":"pt-BR","potentialAction":[{"@type":"ReadAction","target":["https:\/\/radarexecutivo.com.br\/revista\/2022\/10\/03\/o-fato-e-esse\/"]}]},{"@type":"BreadcrumbList","@id":"https:\/\/radarexecutivo.com.br\/revista\/2022\/10\/03\/o-fato-e-esse\/#breadcrumb","itemListElement":[{"@type":"ListItem","position":1,"name":"home","item":"https:\/\/radarexecutivo.com.br\/revista\/"},{"@type":"ListItem","position":2,"name":"democracia","item":"https:\/\/radarexecutivo.com.br\/revista\/tag\/democracia\/"},{"@type":"ListItem","position":3,"name":"O FATO \u00c9 ESSE"}]},{"@type":"Article","@id":"https:\/\/radarexecutivo.com.br\/revista\/2022\/10\/03\/o-fato-e-esse\/#article","isPartOf":{"@id":"https:\/\/radarexecutivo.com.br\/revista\/2022\/10\/03\/o-fato-e-esse\/#webpage"},"author":{"@id":"https:\/\/radarexecutivo.com.br\/revista\/#\/schema\/person\/fa7d561ec3c1e5e8f9aee0a176cd0162"},"headline":"O FATO \u00c9 ESSE","datePublished":"2022-10-03T11:20:02+00:00","dateModified":"2022-10-11T09:42:11+00:00","mainEntityOfPage":{"@id":"https:\/\/radarexecutivo.com.br\/revista\/2022\/10\/03\/o-fato-e-esse\/#webpage"},"wordCount":606,"commentCount":0,"publisher":{"@id":"https:\/\/radarexecutivo.com.br\/revista\/#organization"},"image":{"@id":"https:\/\/radarexecutivo.com.br\/revista\/2022\/10\/03\/o-fato-e-esse\/#primaryimage"},"thumbnailUrl":"https:\/\/radarexecutivo.com.br\/revista\/wp-content\/uploads\/2022\/10\/Slide49.jpg","keywords":["democracia","economia","elei\u00e7\u00f5es","politica","vota\u00e7\u00e3o"],"articleSection":["POL\u00cdTICA EM FOCO"],"inLanguage":"pt-BR","potentialAction":[{"@type":"CommentAction","name":"Comment","target":["https:\/\/radarexecutivo.com.br\/revista\/2022\/10\/03\/o-fato-e-esse\/#respond"]}]},{"@type":"Person","@id":"https:\/\/radarexecutivo.com.br\/revista\/#\/schema\/person\/fa7d561ec3c1e5e8f9aee0a176cd0162","name":"Revista Radar Executivo","image":{"@type":"ImageObject","inLanguage":"pt-BR","@id":"https:\/\/radarexecutivo.com.br\/revista\/#\/schema\/person\/image\/","url":"https:\/\/secure.gravatar.com\/avatar\/13c41cad95f86d1121ade5519feb60932dc6dc8287e4743bcec5ce91b8ef2196?s=96&d=mm&r=g","contentUrl":"https:\/\/secure.gravatar.com\/avatar\/13c41cad95f86d1121ade5519feb60932dc6dc8287e4743bcec5ce91b8ef2196?s=96&d=mm&r=g","caption":"Revista Radar Executivo"},"sameAs":["http:\/\/radarexecutivo.com.br\/revista"],"url":"https:\/\/radarexecutivo.com.br\/revista\/author\/radarexecutivo\/"}]}},"_links":{"self":[{"href":"https:\/\/radarexecutivo.com.br\/revista\/wp-json\/wp\/v2\/posts\/3326","targetHints":{"allow":["GET"]}}],"collection":[{"href":"https:\/\/radarexecutivo.com.br\/revista\/wp-json\/wp\/v2\/posts"}],"about":[{"href":"https:\/\/radarexecutivo.com.br\/revista\/wp-json\/wp\/v2\/types\/post"}],"author":[{"embeddable":true,"href":"https:\/\/radarexecutivo.com.br\/revista\/wp-json\/wp\/v2\/users\/1"}],"replies":[{"embeddable":true,"href":"https:\/\/radarexecutivo.com.br\/revista\/wp-json\/wp\/v2\/comments?post=3326"}],"version-history":[{"count":1,"href":"https:\/\/radarexecutivo.com.br\/revista\/wp-json\/wp\/v2\/posts\/3326\/revisions"}],"predecessor-version":[{"id":3328,"href":"https:\/\/radarexecutivo.com.br\/revista\/wp-json\/wp\/v2\/posts\/3326\/revisions\/3328"}],"wp:featuredmedia":[{"embeddable":true,"href":"https:\/\/radarexecutivo.com.br\/revista\/wp-json\/wp\/v2\/media\/3327"}],"wp:attachment":[{"href":"https:\/\/radarexecutivo.com.br\/revista\/wp-json\/wp\/v2\/media?parent=3326"}],"wp:term":[{"taxonomy":"category","embeddable":true,"href":"https:\/\/radarexecutivo.com.br\/revista\/wp-json\/wp\/v2\/categories?post=3326"},{"taxonomy":"post_tag","embeddable":true,"href":"https:\/\/radarexecutivo.com.br\/revista\/wp-json\/wp\/v2\/tags?post=3326"}],"curies":[{"name":"wp","href":"https:\/\/api.w.org\/{rel}","templated":true}]}}