{"id":3338,"date":"2022-10-12T10:10:37","date_gmt":"2022-10-12T13:10:37","guid":{"rendered":"https:\/\/radarexecutivo.com.br\/revista\/?p=3338"},"modified":"2022-10-16T05:21:04","modified_gmt":"2022-10-16T08:21:04","slug":"o-palanque-da-fe","status":"publish","type":"post","link":"https:\/\/radarexecutivo.com.br\/revista\/2022\/10\/12\/o-palanque-da-fe\/","title":{"rendered":"O PALANQUE DA F\u00c9"},"content":{"rendered":"<p>Nessa mistura entre religi\u00e3o e pol\u00edtica, s\u00f3 quem ganha s\u00e3o os pol\u00edticos e s\u00f3 quem perde \u00e9 a Igreja de Cristo e o Brasil. Essa elei\u00e7\u00e3o \u00e9 uma armadilha para dividir ainda mais o povo de Deus, e criar rixas e contendas entre os irm\u00e3os na f\u00e9. Os pol\u00edticos s\u00f3 est\u00e3o interessados em explorar a f\u00e9 das pessoas para ganhar votos, depois das elei\u00e7\u00f5es ganhas, eles somem e n\u00e3o est\u00e3o nem a\u00ed para quem votou neles e acreditou nas suas promessas. Os pol\u00edticos est\u00e3o construindo o palanque da f\u00e9.<\/p>\n<blockquote>\n<h4><a href=\"http:\/\/www.ocodigosecretodavenda.com.br\">FA\u00c7A A SUA INSCRI\u00c7\u00c3O NO CURSO O C\u00d3DIGO SECRETO DA VENDA<\/a><\/h4>\n<\/blockquote>\n<p>Nessa elei\u00e7\u00e3o a pauta de costumes est\u00e1 sendo usada pelos pol\u00edticos como \u201ccortina de fuma\u00e7a\u201d para n\u00e3o falar dos verdadeiros problemas do pa\u00eds. Nessas elei\u00e7\u00f5es deixamos de discutir e ouvir as propostas dos candidatos sobre os reais problemas que afetam a vida das pessoas. N\u00e3o se falou de energias renov\u00e1veis e meio ambiente; cultura e educa\u00e7\u00e3o; seguran\u00e7a p\u00fablica; combate a corrup\u00e7\u00e3o, sa\u00fade e qualidade de vida; mobilidade urbana e transporte p\u00fablico; infraestrutura log\u00edstica; ci\u00eancia; inova\u00e7\u00e3o e tecnologia.<\/p>\n<blockquote>\n<h4>Os pol\u00edticos s\u00f3 est\u00e3o interessados em explorar a f\u00e9 das pessoas para ganhar votos. A maioria est\u00e1 em campanha construindo o palanque da f\u00e9<\/h4>\n<\/blockquote>\n<p>H\u00e1 vinte e cinco anos atr\u00e1s eu tive um encontro com Cristo, eu sou nascido e criado em uma fam\u00edlia crist\u00e3 de f\u00e9 cat\u00f3lica e hoje eu congrego em uma igreja evang\u00e9lica. Eu sou Crist\u00e3o praticante, eu vivo a minha f\u00e9 em Cristo. A mensagem de Jesus mudou a minha vida e vem mudando a vida de muitas pessoas h\u00e1 mais de 2.000 anos.<\/p>\n<p>\u00c9 por isso, que eu posso afirmar com toda a convic\u00e7\u00e3o, que nenhum candidato nessas elei\u00e7\u00f5es sabe o que \u00e9 ser Crist\u00e3o. A mensagem de Jesus prega o amor, a miseric\u00f3rdia e o perd\u00e3o. Jesus nos ensina que n\u00e3o devemos compactuar com mentiras, que devemos respeitar as leis, que devemos oferecer a outra face, que devemos ser mansos e humildes de cora\u00e7\u00e3o, e o que vemos nessas elei\u00e7\u00f5es \u00e9 exatamente o contr\u00e1rio de tudo isso.<\/p>\n<p>Vemos pessoas atacando outras pessoas por causa de pol\u00edtica, vemos amizades sendo desfeitas, vemos irm\u00e3o contra irm\u00e3o, pai contra filho, vemos as mentiras sendo propagadas travestidas de verdades, vemos o discurso de \u00f3dio no lugar do amor, vemos o est\u00edmulo a desobedi\u00eancia das leis no lugar do respeito, vemos o est\u00edmulo a viol\u00eancia no lugar da paz. Vemos a intoler\u00e2ncia e o preconceito tomar conta das redes sociais, vemos a desinforma\u00e7\u00e3o confundindo a cabe\u00e7a das pessoas. Vemos pol\u00edticos vaidosos, prepotentes e arrogantes usando a f\u00e9 das pessoas para conquistar os seus objetivos de campanha. \u00c9 isso o que vemos hoje no Brasil.<\/p>\n<blockquote>\n<h4>Vemos pol\u00edticos vaidosos, prepotentes e arrogantes usando a f\u00e9 das pessoas para conquistar os seus objetivos de campanha. Eu sinto vergonha deste verdadeiro palanque da f\u00e9<\/h4>\n<\/blockquote>\n<p>Deus abomina a mentira, e por isso, n\u00e3o suporta a presen\u00e7a dos mentirosos. O inimigo de Deus \u00e9 descrito na B\u00edblia como o &#8220;Pai da mentira&#8221;. Portanto, devemos fugir da mentira e n\u00e3o compactuar com os mentirosos. Al\u00e9m de tudo isso, vemos a corrup\u00e7\u00e3o e o roubo tomar conta de todas as esferas de poder e da maioria absoluta dos partidos pol\u00edticos, sejam eles de esquerda ou de direita, com rar\u00edssimas exce\u00e7\u00f5es.<\/p>\n<p>Uma coisa eu aprendi nesses meus muitos anos de vida Crist\u00e3, pol\u00edtica e religi\u00e3o n\u00e3o combinam, eu sinto vergonha como Crist\u00e3o de saber que existe uma \u201cbancada evang\u00e9lica\u201d no congresso, que usa a f\u00e9 das pessoas para se eleger. Eu sinto vergonha quando eu vejo o nome de Cristo sendo usado nos palanques para atender a interesses de partidos pol\u00edticos. Eu sinto vergonha quando eu vejo pessoas usando os p\u00falpitos das igrejas como palanque eleitoral.<\/p>\n<blockquote>\n<h4><a href=\"http:\/\/www.ocodigosecretodavenda.com.br\">FA\u00c7A A SUA INSCRI\u00c7\u00c3O NO CURSO O C\u00d3DIGO SECRETO DA VENDA<\/a><\/h4>\n<\/blockquote>\n<p>Palanque n\u00e3o \u00e9 p\u00falpito e p\u00falpito n\u00e3o deve ser usado como palanque, \u00e9 um desrespeito como os grupos de Whatsapp das igrejas est\u00e3o sendo usados para defender pol\u00edticos que est\u00e3o usando o nome de Cristo apenas para se eleger. Eu sinto vergonha quando eu vejo pol\u00edticos, que se dizem crist\u00e3os, usando a pauta de costumes apenas para conquistar o voto dos evang\u00e9licos, a maioria dos pol\u00edticos s\u00e3o \u201ccrist\u00e3os de ocasi\u00e3o\u201d, que se convertem quando est\u00e3o no palanque ou na TV pedindo seu voto, e por tr\u00e1s, vivem uma vida que n\u00e3o tem nada a ver com a mensagem de Jesus.<\/p>\n<p>Eu como evang\u00e9lico, sinto vergonha quando eu vejo igrejas que est\u00e3o usando os seus pastores como \u201ccabos eleitorais\u201d apenas para atender aos interesses financeiros e pol\u00edticos das suas denomina\u00e7\u00f5es. Pastor tem que pregar a mensagem de Cristo, e n\u00e3o estar em cima de palanque se metendo em pol\u00edtica. Jesus era contra a mistura de religi\u00e3o e pol\u00edtica, Jesus chamava o Sin\u00e9drio, que representava o poder pol\u00edtico e religioso da sua \u00e9poca na Jud\u00e9ia, de \u201cra\u00e7a de v\u00edboras\u201d.<\/p>\n<blockquote>\n<h4>Eu sinto vergonha quando eu vejo pol\u00edticos, que se dizem crist\u00e3os, usando a pauta de costumes apenas para conquistar o voto dos evang\u00e9licos, um verdadeiro palanque da f\u00e9.<\/h4>\n<\/blockquote>\n<p>Os debates foram palco de acusa\u00e7\u00f5es de ambos os lados, nos programas eleitorais s\u00f3 se falou da pauta de costumes, n\u00e3o se falou de estrat\u00e9gia de crescimento para o pa\u00eds nem de pol\u00edticas p\u00fablicas. Estamos perdendo um tempo precioso com temas secund\u00e1rios que n\u00e3o v\u00e3o fazer o Brasil crescer, avan\u00e7ar e melhorar a vida das pessoas. Governar um pa\u00eds exige metas, planejamento, gest\u00e3o e objetivos. Sem isso, nenhum governo vai conseguir vencer os desafios que enfrentamos como na\u00e7\u00e3o. O que vimos nas ideias apresentadas at\u00e9 agora pelos principais candidatos foi ret\u00f3rica, foi mais do mesmo, foram promessas vazias de campanha sem nenhuma base na realidade do pa\u00eds.<\/p>\n<p>Precisamos separar o que \u00e9 pol\u00edtica do que \u00e9 religi\u00e3o pelo bem do pa\u00eds, no palanque temos que ouvir propostas concretas, e no p\u00falpito temos que ouvir a Palavra de Deus. O Estado n\u00e3o pode virar uma Teocracia, e as igrejas n\u00e3o podem virar partidos pol\u00edticos, cada coisa no seu lugar e a seu tempo. O pa\u00eds quer mudan\u00e7as, as pessoas est\u00e3o cansadas de promessas de campanha, as pessoas querem um PLANO ESTRAT\u00c9GICO DE DESENVOLVIMENTO para o pa\u00eds.<\/p>\n<blockquote>\n<h4>Precisamos separar o que \u00e9 pol\u00edtica do que \u00e9 religi\u00e3o pelo bem do pa\u00eds e acabar com essa pr\u00e1tica do palanque da f\u00e9. No palanque temos que ouvir propostas concretas, e no p\u00falpito temos que ouvir a Palavra de Deus<\/h4>\n<\/blockquote>\n<p>Na dire\u00e7\u00e3o que as coisas est\u00e3o indo no Brasil, amanh\u00e3 o CONGRESSO NACIONAL vai virar a IGREJA do CONGRESSO NACIONALISTA e as igrejas evang\u00e9licas v\u00e3o virar partidos pol\u00edticos. Esse foi o ponto em que chegamos nessas elei\u00e7\u00f5es, n\u00e3o discutimos mais o futuro do pa\u00eds, o que discutimos s\u00e3o pautas ideol\u00f3gicas e de costumes, que pouco tem a ver, com a mudan\u00e7a na gest\u00e3o e na condu\u00e7\u00e3o da coisa p\u00fablica que a maioria dos brasileiros deseja para o pa\u00eds.<\/p>\n<p>VOC\u00ca TAMB\u00c9M PODE GOSTAR DO ARTIGO: <a href=\"https:\/\/radarexecutivo.com.br\/revista\/2022\/10\/03\/o-fato-e-esse\/\">O FATO \u00c9 ESSE<\/a><\/p>\n<p>&nbsp;<\/p>\n<p><img loading=\"lazy\" decoding=\"async\" class=\" wp-image-1451 alignleft\" src=\"https:\/\/radarexecutivo.com.br\/revista\/wp-content\/uploads\/2021\/09\/IMAGEM-2-300x300.jpg\" alt=\"Prof. Jorge Menezes\" width=\"138\" height=\"138\" srcset=\"https:\/\/radarexecutivo.com.br\/revista\/wp-content\/uploads\/2021\/09\/IMAGEM-2-300x300.jpg 300w, https:\/\/radarexecutivo.com.br\/revista\/wp-content\/uploads\/2021\/09\/IMAGEM-2-150x150.jpg 150w, https:\/\/radarexecutivo.com.br\/revista\/wp-content\/uploads\/2021\/09\/IMAGEM-2-130x130.jpg 130w, https:\/\/radarexecutivo.com.br\/revista\/wp-content\/uploads\/2021\/09\/IMAGEM-2.jpg 400w\" sizes=\"auto, (max-width: 138px) 100vw, 138px\" \/>Autor: Prof. Jorge Menezes \u00e9 palestrante, jornalista, escritor, colunista nas \u00e1reas de empreendedorismo e neg\u00f3cios. CEO da Radar Executivo Business School, Head of Content da Revista Radar Executivo. Apresentador do Canal Radar Executivo no YouTube e do Podcast Radar Executivo no Spotify. \u00c9 autor de v\u00e1rios best-sellers: <a href=\"https:\/\/amzn.to\/31AtOgI\">Aprenda a Negociar com os Tubar\u00f5es\u00ae (2013)<\/a>,\u00a0<a href=\"https:\/\/amzn.to\/3GuogTz\">Transformando Networking em Neg\u00f3cios\u00ae (2015)<\/a>\u00a0e\u00a0<a href=\"https:\/\/amzn.to\/31Rfro0\">O C\u00f3digo Secreto da Venda\u00ae (2020<\/a>) todos publicados pela Editora Alta Books.<\/p>\n","protected":false},"excerpt":{"rendered":"<p>Nessa mistura entre religi\u00e3o e pol\u00edtica, s\u00f3 quem ganha s\u00e3o os pol\u00edticos e s\u00f3 quem perde \u00e9 a Igreja de Cristo e o Brasil. Essa elei\u00e7\u00e3o \u00e9 uma armadilha para dividir ainda mais o povo de Deus, e criar rixas e contendas entre os irm\u00e3os na f\u00e9. Os pol\u00edticos s\u00f3 est\u00e3o interessados em explorar a f\u00e9 das pessoas para ganhar votos, depois das elei\u00e7\u00f5es ganhas, eles somem e n\u00e3o est\u00e3o nem a\u00ed para quem votou neles e acreditou nas suas promessas. Os pol\u00edticos est\u00e3o construindo o palanque da f\u00e9. FA\u00c7A A SUA INSCRI\u00c7\u00c3O NO CURSO O C\u00d3DIGO SECRETO DA VENDA [&hellip;]<\/p>\n","protected":false},"author":1,"featured_media":3339,"comment_status":"open","ping_status":"open","sticky":false,"template":"","format":"standard","meta":{"om_disable_all_campaigns":false,"footnotes":""},"categories":[11],"tags":[],"class_list":["post-3338","post","type-post","status-publish","format-standard","has-post-thumbnail","hentry","category-politica-em-foco"],"yoast_head":"<!-- This site is optimized with the Yoast SEO plugin v18.9 - https:\/\/yoast.com\/wordpress\/plugins\/seo\/ -->\n<title>Revista Radar Executivo - Artigo: O Palanque da F\u00e9<\/title>\n<meta name=\"description\" content=\"Lideran\u00e7a, gest\u00e3o, carreira, neg\u00f3cios, marketing, empreendedorismo, pol\u00edtica, economia, inova\u00e7\u00e3o. Voc\u00ea conectado no mundo empresarial.\" \/>\n<meta name=\"robots\" content=\"index, follow, max-snippet:-1, max-image-preview:large, max-video-preview:-1\" \/>\n<link rel=\"canonical\" href=\"https:\/\/radarexecutivo.com.br\/revista\/2022\/10\/12\/o-palanque-da-fe\/\" \/>\n<meta property=\"og:locale\" content=\"pt_BR\" \/>\n<meta property=\"og:type\" content=\"article\" \/>\n<meta property=\"og:title\" content=\"Revista Radar Executivo - Artigo: O Palanque da F\u00e9\" \/>\n<meta property=\"og:description\" content=\"Lideran\u00e7a, gest\u00e3o, carreira, neg\u00f3cios, marketing, empreendedorismo, pol\u00edtica, economia, inova\u00e7\u00e3o. Voc\u00ea conectado no mundo empresarial.\" \/>\n<meta property=\"og:url\" content=\"https:\/\/radarexecutivo.com.br\/revista\/2022\/10\/12\/o-palanque-da-fe\/\" \/>\n<meta property=\"og:site_name\" content=\"Revista Radar Executivo\" \/>\n<meta property=\"article:published_time\" content=\"2022-10-12T13:10:37+00:00\" \/>\n<meta property=\"article:modified_time\" content=\"2022-10-16T08:21:04+00:00\" \/>\n<meta property=\"og:image\" content=\"https:\/\/radarexecutivo.com.br\/revista\/wp-content\/uploads\/2022\/10\/Slide51.jpg\" \/>\n\t<meta property=\"og:image:width\" content=\"853\" \/>\n\t<meta property=\"og:image:height\" content=\"480\" \/>\n\t<meta property=\"og:image:type\" content=\"image\/jpeg\" \/>\n<meta name=\"twitter:card\" content=\"summary_large_image\" \/>\n<meta name=\"twitter:label1\" content=\"Escrito por\" \/>\n\t<meta name=\"twitter:data1\" content=\"Revista Radar Executivo\" \/>\n\t<meta name=\"twitter:label2\" content=\"Est. tempo de leitura\" \/>\n\t<meta name=\"twitter:data2\" content=\"7 minutos\" \/>\n<script type=\"application\/ld+json\" class=\"yoast-schema-graph\">{\"@context\":\"https:\/\/schema.org\",\"@graph\":[{\"@type\":\"Organization\",\"@id\":\"https:\/\/radarexecutivo.com.br\/revista\/#organization\",\"name\":\"Revista Radar Executivo\",\"url\":\"https:\/\/radarexecutivo.com.br\/revista\/\",\"sameAs\":[],\"logo\":{\"@type\":\"ImageObject\",\"inLanguage\":\"pt-BR\",\"@id\":\"https:\/\/radarexecutivo.com.br\/revista\/#\/schema\/logo\/image\/\",\"url\":\"https:\/\/radarexecutivo.com.br\/revista\/wp-content\/uploads\/2022\/06\/LOGO-REVISTA-PORTUGUES-PRETO-2.png\",\"contentUrl\":\"https:\/\/radarexecutivo.com.br\/revista\/wp-content\/uploads\/2022\/06\/LOGO-REVISTA-PORTUGUES-PRETO-2.png\",\"width\":8084,\"height\":2580,\"caption\":\"Revista Radar Executivo\"},\"image\":{\"@id\":\"https:\/\/radarexecutivo.com.br\/revista\/#\/schema\/logo\/image\/\"}},{\"@type\":\"WebSite\",\"@id\":\"https:\/\/radarexecutivo.com.br\/revista\/#website\",\"url\":\"https:\/\/radarexecutivo.com.br\/revista\/\",\"name\":\"Revista Radar Executivo\",\"description\":\"Voc\u00ea conectado no mundo empresarial\",\"publisher\":{\"@id\":\"https:\/\/radarexecutivo.com.br\/revista\/#organization\"},\"potentialAction\":[{\"@type\":\"SearchAction\",\"target\":{\"@type\":\"EntryPoint\",\"urlTemplate\":\"https:\/\/radarexecutivo.com.br\/revista\/?s={search_term_string}\"},\"query-input\":\"required name=search_term_string\"}],\"inLanguage\":\"pt-BR\"},{\"@type\":\"ImageObject\",\"inLanguage\":\"pt-BR\",\"@id\":\"https:\/\/radarexecutivo.com.br\/revista\/2022\/10\/12\/o-palanque-da-fe\/#primaryimage\",\"url\":\"https:\/\/radarexecutivo.com.br\/revista\/wp-content\/uploads\/2022\/10\/Slide51.jpg\",\"contentUrl\":\"https:\/\/radarexecutivo.com.br\/revista\/wp-content\/uploads\/2022\/10\/Slide51.jpg\",\"width\":853,\"height\":480,\"caption\":\"O PALANQUE DA F\u00c9. THE STAGE PF FAITH. EL PALANQUE DE LA FE\"},{\"@type\":\"WebPage\",\"@id\":\"https:\/\/radarexecutivo.com.br\/revista\/2022\/10\/12\/o-palanque-da-fe\/#webpage\",\"url\":\"https:\/\/radarexecutivo.com.br\/revista\/2022\/10\/12\/o-palanque-da-fe\/\",\"name\":\"Revista Radar Executivo - Artigo: O Palanque da F\u00e9\",\"isPartOf\":{\"@id\":\"https:\/\/radarexecutivo.com.br\/revista\/#website\"},\"primaryImageOfPage\":{\"@id\":\"https:\/\/radarexecutivo.com.br\/revista\/2022\/10\/12\/o-palanque-da-fe\/#primaryimage\"},\"datePublished\":\"2022-10-12T13:10:37+00:00\",\"dateModified\":\"2022-10-16T08:21:04+00:00\",\"description\":\"Lideran\u00e7a, gest\u00e3o, carreira, neg\u00f3cios, marketing, empreendedorismo, pol\u00edtica, economia, inova\u00e7\u00e3o. Voc\u00ea conectado no mundo empresarial.\",\"breadcrumb\":{\"@id\":\"https:\/\/radarexecutivo.com.br\/revista\/2022\/10\/12\/o-palanque-da-fe\/#breadcrumb\"},\"inLanguage\":\"pt-BR\",\"potentialAction\":[{\"@type\":\"ReadAction\",\"target\":[\"https:\/\/radarexecutivo.com.br\/revista\/2022\/10\/12\/o-palanque-da-fe\/\"]}]},{\"@type\":\"BreadcrumbList\",\"@id\":\"https:\/\/radarexecutivo.com.br\/revista\/2022\/10\/12\/o-palanque-da-fe\/#breadcrumb\",\"itemListElement\":[{\"@type\":\"ListItem\",\"position\":1,\"name\":\"home\",\"item\":\"https:\/\/radarexecutivo.com.br\/revista\/\"},{\"@type\":\"ListItem\",\"position\":2,\"name\":\"O PALANQUE DA F\u00c9\"}]},{\"@type\":\"Article\",\"@id\":\"https:\/\/radarexecutivo.com.br\/revista\/2022\/10\/12\/o-palanque-da-fe\/#article\",\"isPartOf\":{\"@id\":\"https:\/\/radarexecutivo.com.br\/revista\/2022\/10\/12\/o-palanque-da-fe\/#webpage\"},\"author\":{\"@id\":\"https:\/\/radarexecutivo.com.br\/revista\/#\/schema\/person\/fa7d561ec3c1e5e8f9aee0a176cd0162\"},\"headline\":\"O PALANQUE DA F\u00c9\",\"datePublished\":\"2022-10-12T13:10:37+00:00\",\"dateModified\":\"2022-10-16T08:21:04+00:00\",\"mainEntityOfPage\":{\"@id\":\"https:\/\/radarexecutivo.com.br\/revista\/2022\/10\/12\/o-palanque-da-fe\/#webpage\"},\"wordCount\":1367,\"commentCount\":0,\"publisher\":{\"@id\":\"https:\/\/radarexecutivo.com.br\/revista\/#organization\"},\"image\":{\"@id\":\"https:\/\/radarexecutivo.com.br\/revista\/2022\/10\/12\/o-palanque-da-fe\/#primaryimage\"},\"thumbnailUrl\":\"https:\/\/radarexecutivo.com.br\/revista\/wp-content\/uploads\/2022\/10\/Slide51.jpg\",\"articleSection\":[\"POL\u00cdTICA EM FOCO\"],\"inLanguage\":\"pt-BR\",\"potentialAction\":[{\"@type\":\"CommentAction\",\"name\":\"Comment\",\"target\":[\"https:\/\/radarexecutivo.com.br\/revista\/2022\/10\/12\/o-palanque-da-fe\/#respond\"]}]},{\"@type\":\"Person\",\"@id\":\"https:\/\/radarexecutivo.com.br\/revista\/#\/schema\/person\/fa7d561ec3c1e5e8f9aee0a176cd0162\",\"name\":\"Revista Radar Executivo\",\"image\":{\"@type\":\"ImageObject\",\"inLanguage\":\"pt-BR\",\"@id\":\"https:\/\/radarexecutivo.com.br\/revista\/#\/schema\/person\/image\/\",\"url\":\"https:\/\/secure.gravatar.com\/avatar\/13c41cad95f86d1121ade5519feb60932dc6dc8287e4743bcec5ce91b8ef2196?s=96&d=mm&r=g\",\"contentUrl\":\"https:\/\/secure.gravatar.com\/avatar\/13c41cad95f86d1121ade5519feb60932dc6dc8287e4743bcec5ce91b8ef2196?s=96&d=mm&r=g\",\"caption\":\"Revista Radar Executivo\"},\"sameAs\":[\"http:\/\/radarexecutivo.com.br\/revista\"],\"url\":\"https:\/\/radarexecutivo.com.br\/revista\/author\/radarexecutivo\/\"}]}<\/script>\n<!-- \/ Yoast SEO plugin. -->","yoast_head_json":{"title":"Revista Radar Executivo - Artigo: O Palanque da F\u00e9","description":"Lideran\u00e7a, gest\u00e3o, carreira, neg\u00f3cios, marketing, empreendedorismo, pol\u00edtica, economia, inova\u00e7\u00e3o. Voc\u00ea conectado no mundo empresarial.","robots":{"index":"index","follow":"follow","max-snippet":"max-snippet:-1","max-image-preview":"max-image-preview:large","max-video-preview":"max-video-preview:-1"},"canonical":"https:\/\/radarexecutivo.com.br\/revista\/2022\/10\/12\/o-palanque-da-fe\/","og_locale":"pt_BR","og_type":"article","og_title":"Revista Radar Executivo - Artigo: O Palanque da F\u00e9","og_description":"Lideran\u00e7a, gest\u00e3o, carreira, neg\u00f3cios, marketing, empreendedorismo, pol\u00edtica, economia, inova\u00e7\u00e3o. Voc\u00ea conectado no mundo empresarial.","og_url":"https:\/\/radarexecutivo.com.br\/revista\/2022\/10\/12\/o-palanque-da-fe\/","og_site_name":"Revista Radar Executivo","article_published_time":"2022-10-12T13:10:37+00:00","article_modified_time":"2022-10-16T08:21:04+00:00","og_image":[{"width":853,"height":480,"url":"https:\/\/radarexecutivo.com.br\/revista\/wp-content\/uploads\/2022\/10\/Slide51.jpg","type":"image\/jpeg"}],"twitter_card":"summary_large_image","twitter_misc":{"Escrito por":"Revista Radar Executivo","Est. tempo de leitura":"7 minutos"},"schema":{"@context":"https:\/\/schema.org","@graph":[{"@type":"Organization","@id":"https:\/\/radarexecutivo.com.br\/revista\/#organization","name":"Revista Radar Executivo","url":"https:\/\/radarexecutivo.com.br\/revista\/","sameAs":[],"logo":{"@type":"ImageObject","inLanguage":"pt-BR","@id":"https:\/\/radarexecutivo.com.br\/revista\/#\/schema\/logo\/image\/","url":"https:\/\/radarexecutivo.com.br\/revista\/wp-content\/uploads\/2022\/06\/LOGO-REVISTA-PORTUGUES-PRETO-2.png","contentUrl":"https:\/\/radarexecutivo.com.br\/revista\/wp-content\/uploads\/2022\/06\/LOGO-REVISTA-PORTUGUES-PRETO-2.png","width":8084,"height":2580,"caption":"Revista Radar Executivo"},"image":{"@id":"https:\/\/radarexecutivo.com.br\/revista\/#\/schema\/logo\/image\/"}},{"@type":"WebSite","@id":"https:\/\/radarexecutivo.com.br\/revista\/#website","url":"https:\/\/radarexecutivo.com.br\/revista\/","name":"Revista Radar Executivo","description":"Voc\u00ea conectado no mundo empresarial","publisher":{"@id":"https:\/\/radarexecutivo.com.br\/revista\/#organization"},"potentialAction":[{"@type":"SearchAction","target":{"@type":"EntryPoint","urlTemplate":"https:\/\/radarexecutivo.com.br\/revista\/?s={search_term_string}"},"query-input":"required name=search_term_string"}],"inLanguage":"pt-BR"},{"@type":"ImageObject","inLanguage":"pt-BR","@id":"https:\/\/radarexecutivo.com.br\/revista\/2022\/10\/12\/o-palanque-da-fe\/#primaryimage","url":"https:\/\/radarexecutivo.com.br\/revista\/wp-content\/uploads\/2022\/10\/Slide51.jpg","contentUrl":"https:\/\/radarexecutivo.com.br\/revista\/wp-content\/uploads\/2022\/10\/Slide51.jpg","width":853,"height":480,"caption":"O PALANQUE DA F\u00c9. THE STAGE PF FAITH. EL PALANQUE DE LA FE"},{"@type":"WebPage","@id":"https:\/\/radarexecutivo.com.br\/revista\/2022\/10\/12\/o-palanque-da-fe\/#webpage","url":"https:\/\/radarexecutivo.com.br\/revista\/2022\/10\/12\/o-palanque-da-fe\/","name":"Revista Radar Executivo - Artigo: O Palanque da F\u00e9","isPartOf":{"@id":"https:\/\/radarexecutivo.com.br\/revista\/#website"},"primaryImageOfPage":{"@id":"https:\/\/radarexecutivo.com.br\/revista\/2022\/10\/12\/o-palanque-da-fe\/#primaryimage"},"datePublished":"2022-10-12T13:10:37+00:00","dateModified":"2022-10-16T08:21:04+00:00","description":"Lideran\u00e7a, gest\u00e3o, carreira, neg\u00f3cios, marketing, empreendedorismo, pol\u00edtica, economia, inova\u00e7\u00e3o. Voc\u00ea conectado no mundo empresarial.","breadcrumb":{"@id":"https:\/\/radarexecutivo.com.br\/revista\/2022\/10\/12\/o-palanque-da-fe\/#breadcrumb"},"inLanguage":"pt-BR","potentialAction":[{"@type":"ReadAction","target":["https:\/\/radarexecutivo.com.br\/revista\/2022\/10\/12\/o-palanque-da-fe\/"]}]},{"@type":"BreadcrumbList","@id":"https:\/\/radarexecutivo.com.br\/revista\/2022\/10\/12\/o-palanque-da-fe\/#breadcrumb","itemListElement":[{"@type":"ListItem","position":1,"name":"home","item":"https:\/\/radarexecutivo.com.br\/revista\/"},{"@type":"ListItem","position":2,"name":"O PALANQUE DA F\u00c9"}]},{"@type":"Article","@id":"https:\/\/radarexecutivo.com.br\/revista\/2022\/10\/12\/o-palanque-da-fe\/#article","isPartOf":{"@id":"https:\/\/radarexecutivo.com.br\/revista\/2022\/10\/12\/o-palanque-da-fe\/#webpage"},"author":{"@id":"https:\/\/radarexecutivo.com.br\/revista\/#\/schema\/person\/fa7d561ec3c1e5e8f9aee0a176cd0162"},"headline":"O PALANQUE DA F\u00c9","datePublished":"2022-10-12T13:10:37+00:00","dateModified":"2022-10-16T08:21:04+00:00","mainEntityOfPage":{"@id":"https:\/\/radarexecutivo.com.br\/revista\/2022\/10\/12\/o-palanque-da-fe\/#webpage"},"wordCount":1367,"commentCount":0,"publisher":{"@id":"https:\/\/radarexecutivo.com.br\/revista\/#organization"},"image":{"@id":"https:\/\/radarexecutivo.com.br\/revista\/2022\/10\/12\/o-palanque-da-fe\/#primaryimage"},"thumbnailUrl":"https:\/\/radarexecutivo.com.br\/revista\/wp-content\/uploads\/2022\/10\/Slide51.jpg","articleSection":["POL\u00cdTICA EM FOCO"],"inLanguage":"pt-BR","potentialAction":[{"@type":"CommentAction","name":"Comment","target":["https:\/\/radarexecutivo.com.br\/revista\/2022\/10\/12\/o-palanque-da-fe\/#respond"]}]},{"@type":"Person","@id":"https:\/\/radarexecutivo.com.br\/revista\/#\/schema\/person\/fa7d561ec3c1e5e8f9aee0a176cd0162","name":"Revista Radar Executivo","image":{"@type":"ImageObject","inLanguage":"pt-BR","@id":"https:\/\/radarexecutivo.com.br\/revista\/#\/schema\/person\/image\/","url":"https:\/\/secure.gravatar.com\/avatar\/13c41cad95f86d1121ade5519feb60932dc6dc8287e4743bcec5ce91b8ef2196?s=96&d=mm&r=g","contentUrl":"https:\/\/secure.gravatar.com\/avatar\/13c41cad95f86d1121ade5519feb60932dc6dc8287e4743bcec5ce91b8ef2196?s=96&d=mm&r=g","caption":"Revista Radar Executivo"},"sameAs":["http:\/\/radarexecutivo.com.br\/revista"],"url":"https:\/\/radarexecutivo.com.br\/revista\/author\/radarexecutivo\/"}]}},"_links":{"self":[{"href":"https:\/\/radarexecutivo.com.br\/revista\/wp-json\/wp\/v2\/posts\/3338","targetHints":{"allow":["GET"]}}],"collection":[{"href":"https:\/\/radarexecutivo.com.br\/revista\/wp-json\/wp\/v2\/posts"}],"about":[{"href":"https:\/\/radarexecutivo.com.br\/revista\/wp-json\/wp\/v2\/types\/post"}],"author":[{"embeddable":true,"href":"https:\/\/radarexecutivo.com.br\/revista\/wp-json\/wp\/v2\/users\/1"}],"replies":[{"embeddable":true,"href":"https:\/\/radarexecutivo.com.br\/revista\/wp-json\/wp\/v2\/comments?post=3338"}],"version-history":[{"count":2,"href":"https:\/\/radarexecutivo.com.br\/revista\/wp-json\/wp\/v2\/posts\/3338\/revisions"}],"predecessor-version":[{"id":3341,"href":"https:\/\/radarexecutivo.com.br\/revista\/wp-json\/wp\/v2\/posts\/3338\/revisions\/3341"}],"wp:featuredmedia":[{"embeddable":true,"href":"https:\/\/radarexecutivo.com.br\/revista\/wp-json\/wp\/v2\/media\/3339"}],"wp:attachment":[{"href":"https:\/\/radarexecutivo.com.br\/revista\/wp-json\/wp\/v2\/media?parent=3338"}],"wp:term":[{"taxonomy":"category","embeddable":true,"href":"https:\/\/radarexecutivo.com.br\/revista\/wp-json\/wp\/v2\/categories?post=3338"},{"taxonomy":"post_tag","embeddable":true,"href":"https:\/\/radarexecutivo.com.br\/revista\/wp-json\/wp\/v2\/tags?post=3338"}],"curies":[{"name":"wp","href":"https:\/\/api.w.org\/{rel}","templated":true}]}}