{"id":3366,"date":"2022-10-24T18:36:59","date_gmt":"2022-10-24T21:36:59","guid":{"rendered":"https:\/\/radarexecutivo.com.br\/revista\/?p=3366"},"modified":"2022-12-08T11:01:51","modified_gmt":"2022-12-08T14:01:51","slug":"conteudo-para-midias-digitais","status":"publish","type":"post","link":"https:\/\/radarexecutivo.com.br\/revista\/2022\/10\/24\/conteudo-para-midias-digitais\/","title":{"rendered":"CONTE\u00daDO PARA M\u00cdDIAS DIGITAIS"},"content":{"rendered":"<p>Apesar da mudan\u00e7a ser a \u00fanica certeza no design para m\u00eddias digitais, existem algumas dicas que permanecem atuais para produ\u00e7\u00e3o de conte\u00fado, mesmo depois de anos da sua publica\u00e7\u00e3o original. Esse \u00e9 o caso do livro seminal do Roger Black \u2013 Web Sites Que Funcionam, \u00e9 l\u00f3gico que algumas preocupa\u00e7\u00f5es do autor com rela\u00e7\u00e3o ao carregamento do site e ao peso das imagens que aparecem no livro tinham a ver com a internet de baixa velocidade dispon\u00edvel na \u00e9poca.<\/p>\n<blockquote>\n<h4><a href=\"https:\/\/hotmart.com\/pt-br\/marketplace\/produtos\/vendedor-puro-sangue-o-mindset-do-campeao\/F12466982R\">FA\u00c7A A SUA INSCRI\u00c7\u00c3O NO CURSO ONLINE O C\u00d3DIGO SECRETO DA VENDA<\/a><\/h4>\n<\/blockquote>\n<p>Hoje em dia, quando caminhamos para uma internet 5G, o uso de v\u00eddeos, \u00e1udios e imagens de alta qualidade \u00e9 fundamental para aparecer bem nas telas 4k e 8K dos novos notebooks, tablets e smartphones que proporcionam um n\u00edvel de resolu\u00e7\u00e3o e legibilidade bastante agrad\u00e1vel, apresentando de maneira muito satisfat\u00f3ria toda paleta de cores escolhida pelo web designer.<\/p>\n<p>Na \u00e9poca em que o livro do Roger Black foi escrito em 1997, est\u00e1vamos no momento inicial da migra\u00e7\u00e3o das m\u00eddias f\u00edsicas para as m\u00eddias digitais, e por isso, alguns pontos citados pelo autor sofreram mudan\u00e7as por conta do avan\u00e7o da tecnologia. Agora uma coisa n\u00e3o mudou, antes de pensar em montar um site, um portal, ou at\u00e9 mesmo um perfil no Instagram \u00e9 preciso ter um prop\u00f3sito. O conte\u00fado que voc\u00ea vai produzir tem que ser direcionado para um p\u00fablico espec\u00edfico, quanto mais espec\u00edfico for o seu p\u00fablico, maiores ser\u00e3o as suas chances de ter sucesso como produtor de conte\u00fado para m\u00eddias digitais.<\/p>\n<blockquote>\n<h4>Agora uma coisa n\u00e3o mudou, antes de pensar em montar um site, um portal, ou at\u00e9 mesmo um perfil no Instagram \u00e9 preciso ter um prop\u00f3sito<\/h4>\n<\/blockquote>\n<p>Na verdade, o seu conte\u00fado precisa ter uma linha editorial, voc\u00ea n\u00e3o deve se aventurar por todo e qualquer tema que lhe venha \u00e0 cabe\u00e7a. Voc\u00ea precisa falar para a sua audi\u00eancia de uma maneira que eles possam e queiram ouvir. O seu segmento editorial e o seu p\u00fablico-alvo, tem que estar muito claros em sua mente na hora de come\u00e7ar a criar a sua estrat\u00e9gia de conte\u00fado e planejar as suas publica\u00e7\u00f5es.<\/p>\n<p>Outro ponto-chave na minha concep\u00e7\u00e3o, \u00e9 a coer\u00eancia e a conex\u00e3o que deve existir entre o conte\u00fado e o design das suas redes sociais, sites, blogs ou seja l\u00e1 o que voc\u00ea deseja come\u00e7ar a produzir. E quanto a isso, o uso correto da paleta de cores \u00e9 fundamental para transmitir as impress\u00f5es e sensa\u00e7\u00f5es certas para o seu p\u00fablico. As cores, as formas e os \u00edcones precisam estar em harmonia com o tipo de conte\u00fado que voc\u00ea produz.<\/p>\n<blockquote>\n<h4><a href=\"https:\/\/hotmart.com\/pt-br\/marketplace\/produtos\/vendedor-puro-sangue-o-mindset-do-campeao\/F12466982R\">FA\u00c7A A SUA INSCRI\u00c7\u00c3O NO CURSO ONLINE O C\u00d3DIGO SECRETO DA VENDA<\/a><\/h4>\n<\/blockquote>\n<p>Conte\u00fado para m\u00eddias digitais mais s\u00e9rios ou mais sofisticados, como por exemplo: economia, pol\u00edtica, neg\u00f3cios ou mercado de luxo precisam usar cores mais neutras e escuras como por exemplo o azul escuro e os detalhes em cores contrastantes, como o amarelo por exemplo. Podemos usar tamb\u00e9m o preto em contraste com um paleta de cinzas ou at\u00e9 o dourado em alguns casos espec\u00edficos. Falando agora de posts para redes sociais como o Instagram, eu sugiro que voc\u00ea fuja do \u201cru\u00eddo visual\u201d e procure usar composi\u00e7\u00f5es mais simples e mais f\u00e1ceis de ler.<\/p>\n<p>Procure tipos de letras mais simples e n\u00e3o exagere na quantidade de textos, procure usar imagens que possam transmitir a sua mensagem, mesmo que n\u00e3o houvesse texto algum para acompanhar. Quanto ao tamanho do texto usado no conte\u00fado, eu discordo daqueles que tentam vender a ideia de que todo texto para web tem que ser curto, quem pensa assim, alega que as pessoas n\u00e3o v\u00e3o ler o seu texto se ele for um pouco mais longo, eu n\u00e3o concordo com essa linha de racioc\u00ednio, as pessoas deixam de ler o seu texto porque ele \u00e9 ruim, e n\u00e3o porque ele \u00e9 longo.<\/p>\n<blockquote>\n<h4>O seu segmento editorial e o seu p\u00fablico-alvo, tem que estar muito claros em sua mente na hora de come\u00e7ar a criar a sua estrat\u00e9gia de conte\u00fado e planejar as suas publica\u00e7\u00f5es<\/h4>\n<\/blockquote>\n<p>As pessoas n\u00e3o leem o seu texto todo porque ele n\u00e3o atrai o olhar, porque ele n\u00e3o desperta as emo\u00e7\u00f5es das pessoas, porque ele n\u00e3o faz as pessoas pararem para pensar. Um bom v\u00eddeo, um bom podcast, uma boa mat\u00e9ria, um bom artigo, uma boa entrevista tudo come\u00e7a com um bom texto. Se voc\u00ea cria um bom roteiro tudo fica mais f\u00e1cil, na hora de gravar o v\u00eddeo a sua equipe vai saber como posicionar as c\u00e2meras a cada sequ\u00eancia, com um bom roteiro na m\u00e3o o seu podcast flui melhor e voc\u00ea n\u00e3o esquece de falar tudo o que tinha em mente.<\/p>\n<blockquote>\n<h4><a href=\"https:\/\/hotmart.com\/pt-br\/marketplace\/produtos\/vendedor-puro-sangue-o-mindset-do-campeao\/F12466982R\">FA\u00c7A A SUA INSCRI\u00c7\u00c3O NO CURSO ONLINE O C\u00d3DIGO SECRETO DA VENDA<\/a><\/h4>\n<\/blockquote>\n<p>O texto, apesar de todas as mudan\u00e7as da tecnologia, ainda continua sendo a base de tudo que produzimos em termos de conte\u00fado, seja no formato f\u00edsico ou no digital. Escrever bem \u00e9 o ponto de partida, e \u00e9 o que separa, os melhores produtores de conte\u00fado daqueles que est\u00e3o apenas tentando surfar na onda do marketing digital. S\u00e3o todos esses pontos juntos, que v\u00e3o fazer de voc\u00ea um expert em produ\u00e7\u00e3o de conte\u00fado, s\u00e3o essas habilidades, que v\u00e3o fazer voc\u00ea se destacar e v\u00e3o fazer voc\u00ea deixar de ser mais um no mercado.<\/p>\n<h4><\/h4>\n<h4>VOC\u00ca TAMB\u00c9M PODE GOSTAR DO ARTIGO : <a href=\"https:\/\/radarexecutivo.com.br\/revista\/2022\/03\/02\/o-codigo-secreto-da-venda-2\/\">O C\u00d3DIGO SECRETO DA VENDA<\/a><\/h4>\n<p>&nbsp;<\/p>\n<p><img loading=\"lazy\" decoding=\"async\" class=\" wp-image-3368 alignleft\" src=\"https:\/\/radarexecutivo.com.br\/revista\/wp-content\/uploads\/2022\/10\/FOTO-JORGE-ARTIGOS-300x300.jpg\" alt=\"\" width=\"159\" height=\"159\" srcset=\"https:\/\/radarexecutivo.com.br\/revista\/wp-content\/uploads\/2022\/10\/FOTO-JORGE-ARTIGOS-300x300.jpg 300w, https:\/\/radarexecutivo.com.br\/revista\/wp-content\/uploads\/2022\/10\/FOTO-JORGE-ARTIGOS-150x150.jpg 150w, https:\/\/radarexecutivo.com.br\/revista\/wp-content\/uploads\/2022\/10\/FOTO-JORGE-ARTIGOS-130x130.jpg 130w, https:\/\/radarexecutivo.com.br\/revista\/wp-content\/uploads\/2022\/10\/FOTO-JORGE-ARTIGOS-400x400.jpg 400w, https:\/\/radarexecutivo.com.br\/revista\/wp-content\/uploads\/2022\/10\/FOTO-JORGE-ARTIGOS-96x96.jpg 96w, https:\/\/radarexecutivo.com.br\/revista\/wp-content\/uploads\/2022\/10\/FOTO-JORGE-ARTIGOS.jpg 720w\" sizes=\"auto, (max-width: 159px) 100vw, 159px\" \/>Autor: Prof. Jorge Menezes \u00e9 palestrante, jornalista, escritor, colunista nas \u00e1reas de empreendedorismo e neg\u00f3cios. CEO da Radar Executivo Business School, Head of Content da Revista Radar Executivo, Apresentador do Canal Radar Executivo no YouTube e do Podcast Radar Executivo no Spotify. \u00c9 autor de v\u00e1rios best-sellers: <a href=\"https:\/\/amzn.to\/31AtOgI\">Aprenda a Negociar com os Tubar\u00f5es\u00ae (2013)<\/a>,\u00a0<a href=\"https:\/\/amzn.to\/3GuogTz\">Transformando Networking em Neg\u00f3cios\u00ae (2015)<\/a>\u00a0e\u00a0<a href=\"https:\/\/amzn.to\/31Rfro0\">O C\u00f3digo Secreto da Venda\u00ae (2020<\/a>) todos publicados pela Editora Alta Books.<\/p>\n","protected":false},"excerpt":{"rendered":"<p>Apesar da mudan\u00e7a ser a \u00fanica certeza no design para m\u00eddias digitais, existem algumas dicas que permanecem atuais para produ\u00e7\u00e3o de conte\u00fado, mesmo depois de anos da sua publica\u00e7\u00e3o original. Esse \u00e9 o caso do livro seminal do Roger Black \u2013 Web Sites Que Funcionam, \u00e9 l\u00f3gico que algumas preocupa\u00e7\u00f5es do autor com rela\u00e7\u00e3o ao carregamento do site e ao peso das imagens que aparecem no livro tinham a ver com a internet de baixa velocidade dispon\u00edvel na \u00e9poca. FA\u00c7A A SUA INSCRI\u00c7\u00c3O NO CURSO ONLINE O C\u00d3DIGO SECRETO DA VENDA Hoje em dia, quando caminhamos para uma internet 5G, [&hellip;]<\/p>\n","protected":false},"author":1,"featured_media":3369,"comment_status":"open","ping_status":"open","sticky":false,"template":"","format":"standard","meta":{"om_disable_all_campaigns":false,"footnotes":""},"categories":[8],"tags":[525,63,521,67,66,782],"class_list":["post-3366","post","type-post","status-publish","format-standard","has-post-thumbnail","hentry","category-marketing-em-foco","tag-estrategia-de-conteudo","tag-marketing","tag-marketing-de-conteudo","tag-marketing-digital","tag-redes-sociais","tag-social-midia"],"yoast_head":"<!-- This site is optimized with the Yoast SEO plugin v18.9 - https:\/\/yoast.com\/wordpress\/plugins\/seo\/ -->\n<title>Revista Radar Executivo - Artigo: Conte\u00fado para M\u00eddias Digitais<\/title>\n<meta name=\"description\" content=\"Lideran\u00e7a, gest\u00e3o, carreira, neg\u00f3cios, marketing, empreendedorismo, pol\u00edtica, economia, inova\u00e7\u00e3o. Voc\u00ea conectado no mundo empresarial.\" \/>\n<meta name=\"robots\" content=\"index, follow, max-snippet:-1, max-image-preview:large, max-video-preview:-1\" \/>\n<link rel=\"canonical\" href=\"https:\/\/radarexecutivo.com.br\/revista\/2022\/10\/24\/conteudo-para-midias-digitais\/\" \/>\n<meta property=\"og:locale\" content=\"pt_BR\" \/>\n<meta property=\"og:type\" content=\"article\" \/>\n<meta property=\"og:title\" content=\"Revista Radar Executivo - Artigo: Conte\u00fado para M\u00eddias Digitais\" \/>\n<meta property=\"og:description\" content=\"Lideran\u00e7a, gest\u00e3o, carreira, neg\u00f3cios, marketing, empreendedorismo, pol\u00edtica, economia, inova\u00e7\u00e3o. Voc\u00ea conectado no mundo empresarial.\" \/>\n<meta property=\"og:url\" content=\"https:\/\/radarexecutivo.com.br\/revista\/2022\/10\/24\/conteudo-para-midias-digitais\/\" \/>\n<meta property=\"og:site_name\" content=\"Revista Radar Executivo\" \/>\n<meta property=\"article:published_time\" content=\"2022-10-24T21:36:59+00:00\" \/>\n<meta property=\"article:modified_time\" content=\"2022-12-08T14:01:51+00:00\" \/>\n<meta property=\"og:image\" content=\"https:\/\/radarexecutivo.com.br\/revista\/wp-content\/uploads\/2022\/10\/Slide55.jpg\" \/>\n\t<meta property=\"og:image:width\" content=\"853\" \/>\n\t<meta property=\"og:image:height\" content=\"480\" \/>\n\t<meta property=\"og:image:type\" content=\"image\/jpeg\" \/>\n<meta name=\"twitter:card\" content=\"summary_large_image\" \/>\n<meta name=\"twitter:label1\" content=\"Escrito por\" \/>\n\t<meta name=\"twitter:data1\" content=\"Revista Radar Executivo\" \/>\n\t<meta name=\"twitter:label2\" content=\"Est. tempo de leitura\" \/>\n\t<meta name=\"twitter:data2\" content=\"6 minutos\" \/>\n<script type=\"application\/ld+json\" class=\"yoast-schema-graph\">{\"@context\":\"https:\/\/schema.org\",\"@graph\":[{\"@type\":\"Organization\",\"@id\":\"https:\/\/radarexecutivo.com.br\/revista\/#organization\",\"name\":\"Revista Radar Executivo\",\"url\":\"https:\/\/radarexecutivo.com.br\/revista\/\",\"sameAs\":[],\"logo\":{\"@type\":\"ImageObject\",\"inLanguage\":\"pt-BR\",\"@id\":\"https:\/\/radarexecutivo.com.br\/revista\/#\/schema\/logo\/image\/\",\"url\":\"https:\/\/radarexecutivo.com.br\/revista\/wp-content\/uploads\/2022\/06\/LOGO-REVISTA-PORTUGUES-PRETO-2.png\",\"contentUrl\":\"https:\/\/radarexecutivo.com.br\/revista\/wp-content\/uploads\/2022\/06\/LOGO-REVISTA-PORTUGUES-PRETO-2.png\",\"width\":8084,\"height\":2580,\"caption\":\"Revista Radar Executivo\"},\"image\":{\"@id\":\"https:\/\/radarexecutivo.com.br\/revista\/#\/schema\/logo\/image\/\"}},{\"@type\":\"WebSite\",\"@id\":\"https:\/\/radarexecutivo.com.br\/revista\/#website\",\"url\":\"https:\/\/radarexecutivo.com.br\/revista\/\",\"name\":\"Revista Radar Executivo\",\"description\":\"Voc\u00ea conectado no mundo empresarial\",\"publisher\":{\"@id\":\"https:\/\/radarexecutivo.com.br\/revista\/#organization\"},\"potentialAction\":[{\"@type\":\"SearchAction\",\"target\":{\"@type\":\"EntryPoint\",\"urlTemplate\":\"https:\/\/radarexecutivo.com.br\/revista\/?s={search_term_string}\"},\"query-input\":\"required name=search_term_string\"}],\"inLanguage\":\"pt-BR\"},{\"@type\":\"ImageObject\",\"inLanguage\":\"pt-BR\",\"@id\":\"https:\/\/radarexecutivo.com.br\/revista\/2022\/10\/24\/conteudo-para-midias-digitais\/#primaryimage\",\"url\":\"https:\/\/radarexecutivo.com.br\/revista\/wp-content\/uploads\/2022\/10\/Slide55.jpg\",\"contentUrl\":\"https:\/\/radarexecutivo.com.br\/revista\/wp-content\/uploads\/2022\/10\/Slide55.jpg\",\"width\":853,\"height\":480,\"caption\":\"CONTE\u00daDO PARA M\u00cdDIAS DIGITAIS.CONTENT FOR DIGITAL MEDIA.CONTENIDO PARA MEDIOS DIGITALES\"},{\"@type\":\"WebPage\",\"@id\":\"https:\/\/radarexecutivo.com.br\/revista\/2022\/10\/24\/conteudo-para-midias-digitais\/#webpage\",\"url\":\"https:\/\/radarexecutivo.com.br\/revista\/2022\/10\/24\/conteudo-para-midias-digitais\/\",\"name\":\"Revista Radar Executivo - Artigo: Conte\u00fado para M\u00eddias Digitais\",\"isPartOf\":{\"@id\":\"https:\/\/radarexecutivo.com.br\/revista\/#website\"},\"primaryImageOfPage\":{\"@id\":\"https:\/\/radarexecutivo.com.br\/revista\/2022\/10\/24\/conteudo-para-midias-digitais\/#primaryimage\"},\"datePublished\":\"2022-10-24T21:36:59+00:00\",\"dateModified\":\"2022-12-08T14:01:51+00:00\",\"description\":\"Lideran\u00e7a, gest\u00e3o, carreira, neg\u00f3cios, marketing, empreendedorismo, pol\u00edtica, economia, inova\u00e7\u00e3o. Voc\u00ea conectado no mundo empresarial.\",\"breadcrumb\":{\"@id\":\"https:\/\/radarexecutivo.com.br\/revista\/2022\/10\/24\/conteudo-para-midias-digitais\/#breadcrumb\"},\"inLanguage\":\"pt-BR\",\"potentialAction\":[{\"@type\":\"ReadAction\",\"target\":[\"https:\/\/radarexecutivo.com.br\/revista\/2022\/10\/24\/conteudo-para-midias-digitais\/\"]}]},{\"@type\":\"BreadcrumbList\",\"@id\":\"https:\/\/radarexecutivo.com.br\/revista\/2022\/10\/24\/conteudo-para-midias-digitais\/#breadcrumb\",\"itemListElement\":[{\"@type\":\"ListItem\",\"position\":1,\"name\":\"home\",\"item\":\"https:\/\/radarexecutivo.com.br\/revista\/\"},{\"@type\":\"ListItem\",\"position\":2,\"name\":\"estrat\u00e9gia de conte\u00fado\",\"item\":\"https:\/\/radarexecutivo.com.br\/revista\/tag\/estrategia-de-conteudo\/\"},{\"@type\":\"ListItem\",\"position\":3,\"name\":\"CONTE\u00daDO PARA M\u00cdDIAS DIGITAIS\"}]},{\"@type\":\"Article\",\"@id\":\"https:\/\/radarexecutivo.com.br\/revista\/2022\/10\/24\/conteudo-para-midias-digitais\/#article\",\"isPartOf\":{\"@id\":\"https:\/\/radarexecutivo.com.br\/revista\/2022\/10\/24\/conteudo-para-midias-digitais\/#webpage\"},\"author\":{\"@id\":\"https:\/\/radarexecutivo.com.br\/revista\/#\/schema\/person\/fa7d561ec3c1e5e8f9aee0a176cd0162\"},\"headline\":\"CONTE\u00daDO PARA M\u00cdDIAS DIGITAIS\",\"datePublished\":\"2022-10-24T21:36:59+00:00\",\"dateModified\":\"2022-12-08T14:01:51+00:00\",\"mainEntityOfPage\":{\"@id\":\"https:\/\/radarexecutivo.com.br\/revista\/2022\/10\/24\/conteudo-para-midias-digitais\/#webpage\"},\"wordCount\":1064,\"commentCount\":0,\"publisher\":{\"@id\":\"https:\/\/radarexecutivo.com.br\/revista\/#organization\"},\"image\":{\"@id\":\"https:\/\/radarexecutivo.com.br\/revista\/2022\/10\/24\/conteudo-para-midias-digitais\/#primaryimage\"},\"thumbnailUrl\":\"https:\/\/radarexecutivo.com.br\/revista\/wp-content\/uploads\/2022\/10\/Slide55.jpg\",\"keywords\":[\"estrat\u00e9gia de conte\u00fado\",\"marketing\",\"marketing de conte\u00fado\",\"marketing digital\",\"redes sociais\",\"social m\u00eddia\"],\"articleSection\":[\"MARKETING EM FOCO\"],\"inLanguage\":\"pt-BR\",\"potentialAction\":[{\"@type\":\"CommentAction\",\"name\":\"Comment\",\"target\":[\"https:\/\/radarexecutivo.com.br\/revista\/2022\/10\/24\/conteudo-para-midias-digitais\/#respond\"]}]},{\"@type\":\"Person\",\"@id\":\"https:\/\/radarexecutivo.com.br\/revista\/#\/schema\/person\/fa7d561ec3c1e5e8f9aee0a176cd0162\",\"name\":\"Revista Radar Executivo\",\"image\":{\"@type\":\"ImageObject\",\"inLanguage\":\"pt-BR\",\"@id\":\"https:\/\/radarexecutivo.com.br\/revista\/#\/schema\/person\/image\/\",\"url\":\"https:\/\/secure.gravatar.com\/avatar\/13c41cad95f86d1121ade5519feb60932dc6dc8287e4743bcec5ce91b8ef2196?s=96&d=mm&r=g\",\"contentUrl\":\"https:\/\/secure.gravatar.com\/avatar\/13c41cad95f86d1121ade5519feb60932dc6dc8287e4743bcec5ce91b8ef2196?s=96&d=mm&r=g\",\"caption\":\"Revista Radar Executivo\"},\"sameAs\":[\"http:\/\/radarexecutivo.com.br\/revista\"],\"url\":\"https:\/\/radarexecutivo.com.br\/revista\/author\/radarexecutivo\/\"}]}<\/script>\n<!-- \/ Yoast SEO plugin. -->","yoast_head_json":{"title":"Revista Radar Executivo - Artigo: Conte\u00fado para M\u00eddias Digitais","description":"Lideran\u00e7a, gest\u00e3o, carreira, neg\u00f3cios, marketing, empreendedorismo, pol\u00edtica, economia, inova\u00e7\u00e3o. Voc\u00ea conectado no mundo empresarial.","robots":{"index":"index","follow":"follow","max-snippet":"max-snippet:-1","max-image-preview":"max-image-preview:large","max-video-preview":"max-video-preview:-1"},"canonical":"https:\/\/radarexecutivo.com.br\/revista\/2022\/10\/24\/conteudo-para-midias-digitais\/","og_locale":"pt_BR","og_type":"article","og_title":"Revista Radar Executivo - Artigo: Conte\u00fado para M\u00eddias Digitais","og_description":"Lideran\u00e7a, gest\u00e3o, carreira, neg\u00f3cios, marketing, empreendedorismo, pol\u00edtica, economia, inova\u00e7\u00e3o. Voc\u00ea conectado no mundo empresarial.","og_url":"https:\/\/radarexecutivo.com.br\/revista\/2022\/10\/24\/conteudo-para-midias-digitais\/","og_site_name":"Revista Radar Executivo","article_published_time":"2022-10-24T21:36:59+00:00","article_modified_time":"2022-12-08T14:01:51+00:00","og_image":[{"width":853,"height":480,"url":"https:\/\/radarexecutivo.com.br\/revista\/wp-content\/uploads\/2022\/10\/Slide55.jpg","type":"image\/jpeg"}],"twitter_card":"summary_large_image","twitter_misc":{"Escrito por":"Revista Radar Executivo","Est. tempo de leitura":"6 minutos"},"schema":{"@context":"https:\/\/schema.org","@graph":[{"@type":"Organization","@id":"https:\/\/radarexecutivo.com.br\/revista\/#organization","name":"Revista Radar Executivo","url":"https:\/\/radarexecutivo.com.br\/revista\/","sameAs":[],"logo":{"@type":"ImageObject","inLanguage":"pt-BR","@id":"https:\/\/radarexecutivo.com.br\/revista\/#\/schema\/logo\/image\/","url":"https:\/\/radarexecutivo.com.br\/revista\/wp-content\/uploads\/2022\/06\/LOGO-REVISTA-PORTUGUES-PRETO-2.png","contentUrl":"https:\/\/radarexecutivo.com.br\/revista\/wp-content\/uploads\/2022\/06\/LOGO-REVISTA-PORTUGUES-PRETO-2.png","width":8084,"height":2580,"caption":"Revista Radar Executivo"},"image":{"@id":"https:\/\/radarexecutivo.com.br\/revista\/#\/schema\/logo\/image\/"}},{"@type":"WebSite","@id":"https:\/\/radarexecutivo.com.br\/revista\/#website","url":"https:\/\/radarexecutivo.com.br\/revista\/","name":"Revista Radar Executivo","description":"Voc\u00ea conectado no mundo empresarial","publisher":{"@id":"https:\/\/radarexecutivo.com.br\/revista\/#organization"},"potentialAction":[{"@type":"SearchAction","target":{"@type":"EntryPoint","urlTemplate":"https:\/\/radarexecutivo.com.br\/revista\/?s={search_term_string}"},"query-input":"required name=search_term_string"}],"inLanguage":"pt-BR"},{"@type":"ImageObject","inLanguage":"pt-BR","@id":"https:\/\/radarexecutivo.com.br\/revista\/2022\/10\/24\/conteudo-para-midias-digitais\/#primaryimage","url":"https:\/\/radarexecutivo.com.br\/revista\/wp-content\/uploads\/2022\/10\/Slide55.jpg","contentUrl":"https:\/\/radarexecutivo.com.br\/revista\/wp-content\/uploads\/2022\/10\/Slide55.jpg","width":853,"height":480,"caption":"CONTE\u00daDO PARA M\u00cdDIAS DIGITAIS.CONTENT FOR DIGITAL MEDIA.CONTENIDO PARA MEDIOS DIGITALES"},{"@type":"WebPage","@id":"https:\/\/radarexecutivo.com.br\/revista\/2022\/10\/24\/conteudo-para-midias-digitais\/#webpage","url":"https:\/\/radarexecutivo.com.br\/revista\/2022\/10\/24\/conteudo-para-midias-digitais\/","name":"Revista Radar Executivo - Artigo: Conte\u00fado para M\u00eddias Digitais","isPartOf":{"@id":"https:\/\/radarexecutivo.com.br\/revista\/#website"},"primaryImageOfPage":{"@id":"https:\/\/radarexecutivo.com.br\/revista\/2022\/10\/24\/conteudo-para-midias-digitais\/#primaryimage"},"datePublished":"2022-10-24T21:36:59+00:00","dateModified":"2022-12-08T14:01:51+00:00","description":"Lideran\u00e7a, gest\u00e3o, carreira, neg\u00f3cios, marketing, empreendedorismo, pol\u00edtica, economia, inova\u00e7\u00e3o. Voc\u00ea conectado no mundo empresarial.","breadcrumb":{"@id":"https:\/\/radarexecutivo.com.br\/revista\/2022\/10\/24\/conteudo-para-midias-digitais\/#breadcrumb"},"inLanguage":"pt-BR","potentialAction":[{"@type":"ReadAction","target":["https:\/\/radarexecutivo.com.br\/revista\/2022\/10\/24\/conteudo-para-midias-digitais\/"]}]},{"@type":"BreadcrumbList","@id":"https:\/\/radarexecutivo.com.br\/revista\/2022\/10\/24\/conteudo-para-midias-digitais\/#breadcrumb","itemListElement":[{"@type":"ListItem","position":1,"name":"home","item":"https:\/\/radarexecutivo.com.br\/revista\/"},{"@type":"ListItem","position":2,"name":"estrat\u00e9gia de conte\u00fado","item":"https:\/\/radarexecutivo.com.br\/revista\/tag\/estrategia-de-conteudo\/"},{"@type":"ListItem","position":3,"name":"CONTE\u00daDO PARA M\u00cdDIAS DIGITAIS"}]},{"@type":"Article","@id":"https:\/\/radarexecutivo.com.br\/revista\/2022\/10\/24\/conteudo-para-midias-digitais\/#article","isPartOf":{"@id":"https:\/\/radarexecutivo.com.br\/revista\/2022\/10\/24\/conteudo-para-midias-digitais\/#webpage"},"author":{"@id":"https:\/\/radarexecutivo.com.br\/revista\/#\/schema\/person\/fa7d561ec3c1e5e8f9aee0a176cd0162"},"headline":"CONTE\u00daDO PARA M\u00cdDIAS DIGITAIS","datePublished":"2022-10-24T21:36:59+00:00","dateModified":"2022-12-08T14:01:51+00:00","mainEntityOfPage":{"@id":"https:\/\/radarexecutivo.com.br\/revista\/2022\/10\/24\/conteudo-para-midias-digitais\/#webpage"},"wordCount":1064,"commentCount":0,"publisher":{"@id":"https:\/\/radarexecutivo.com.br\/revista\/#organization"},"image":{"@id":"https:\/\/radarexecutivo.com.br\/revista\/2022\/10\/24\/conteudo-para-midias-digitais\/#primaryimage"},"thumbnailUrl":"https:\/\/radarexecutivo.com.br\/revista\/wp-content\/uploads\/2022\/10\/Slide55.jpg","keywords":["estrat\u00e9gia de conte\u00fado","marketing","marketing de conte\u00fado","marketing digital","redes sociais","social m\u00eddia"],"articleSection":["MARKETING EM FOCO"],"inLanguage":"pt-BR","potentialAction":[{"@type":"CommentAction","name":"Comment","target":["https:\/\/radarexecutivo.com.br\/revista\/2022\/10\/24\/conteudo-para-midias-digitais\/#respond"]}]},{"@type":"Person","@id":"https:\/\/radarexecutivo.com.br\/revista\/#\/schema\/person\/fa7d561ec3c1e5e8f9aee0a176cd0162","name":"Revista Radar Executivo","image":{"@type":"ImageObject","inLanguage":"pt-BR","@id":"https:\/\/radarexecutivo.com.br\/revista\/#\/schema\/person\/image\/","url":"https:\/\/secure.gravatar.com\/avatar\/13c41cad95f86d1121ade5519feb60932dc6dc8287e4743bcec5ce91b8ef2196?s=96&d=mm&r=g","contentUrl":"https:\/\/secure.gravatar.com\/avatar\/13c41cad95f86d1121ade5519feb60932dc6dc8287e4743bcec5ce91b8ef2196?s=96&d=mm&r=g","caption":"Revista Radar Executivo"},"sameAs":["http:\/\/radarexecutivo.com.br\/revista"],"url":"https:\/\/radarexecutivo.com.br\/revista\/author\/radarexecutivo\/"}]}},"_links":{"self":[{"href":"https:\/\/radarexecutivo.com.br\/revista\/wp-json\/wp\/v2\/posts\/3366","targetHints":{"allow":["GET"]}}],"collection":[{"href":"https:\/\/radarexecutivo.com.br\/revista\/wp-json\/wp\/v2\/posts"}],"about":[{"href":"https:\/\/radarexecutivo.com.br\/revista\/wp-json\/wp\/v2\/types\/post"}],"author":[{"embeddable":true,"href":"https:\/\/radarexecutivo.com.br\/revista\/wp-json\/wp\/v2\/users\/1"}],"replies":[{"embeddable":true,"href":"https:\/\/radarexecutivo.com.br\/revista\/wp-json\/wp\/v2\/comments?post=3366"}],"version-history":[{"count":1,"href":"https:\/\/radarexecutivo.com.br\/revista\/wp-json\/wp\/v2\/posts\/3366\/revisions"}],"predecessor-version":[{"id":3370,"href":"https:\/\/radarexecutivo.com.br\/revista\/wp-json\/wp\/v2\/posts\/3366\/revisions\/3370"}],"wp:featuredmedia":[{"embeddable":true,"href":"https:\/\/radarexecutivo.com.br\/revista\/wp-json\/wp\/v2\/media\/3369"}],"wp:attachment":[{"href":"https:\/\/radarexecutivo.com.br\/revista\/wp-json\/wp\/v2\/media?parent=3366"}],"wp:term":[{"taxonomy":"category","embeddable":true,"href":"https:\/\/radarexecutivo.com.br\/revista\/wp-json\/wp\/v2\/categories?post=3366"},{"taxonomy":"post_tag","embeddable":true,"href":"https:\/\/radarexecutivo.com.br\/revista\/wp-json\/wp\/v2\/tags?post=3366"}],"curies":[{"name":"wp","href":"https:\/\/api.w.org\/{rel}","templated":true}]}}