{"id":3389,"date":"2022-11-04T04:17:31","date_gmt":"2022-11-04T07:17:31","guid":{"rendered":"https:\/\/radarexecutivo.com.br\/revista\/?p=3389"},"modified":"2022-11-04T04:17:31","modified_gmt":"2022-11-04T07:17:31","slug":"a-cidade-em-harmonia","status":"publish","type":"post","link":"https:\/\/radarexecutivo.com.br\/revista\/2022\/11\/04\/a-cidade-em-harmonia\/","title":{"rendered":"A CIDADE EM HARMONIA"},"content":{"rendered":"<p>No livro A Cidade em Harmonia, o futuro da humanidade \u00e9 discutido atrav\u00e9s da \u00f3tica de quem vive nas grandes cidades, o autor vision\u00e1rio Jonathan F. P. Rose, nos ensina como as novas tecnologias, as grandes civiliza\u00e7\u00f5es da antiguidade e o conhecimento sobre a natureza humana podem nos ajudar a viver em cidades mais amig\u00e1veis, interessantes e saud\u00e1veis\u00a0 do ponto de vista ambiental, econ\u00f4mico e social.<\/p>\n<p>As cidades s\u00e3o o ber\u00e7o da civiliza\u00e7\u00e3o, elas s\u00e3o o centro da cultura, do com\u00e9rcio e do progresso humano, s\u00e3o caldeir\u00f5es de oportunidades e moradia para mais de 80 % da popula\u00e7\u00e3o mundial at\u00e9 2050, \u00e9 por isso, que precisamos entender as cidades como parte importante da solu\u00e7\u00e3o para os desafios globais que enfrentamos, e n\u00e3o apenas, como parte do problema.<\/p>\n<p>\u00c0 medida que o s\u00e9culo 21 avan\u00e7a, as \u00e1reas urbanas v\u00e3o ter que sustentar o impacto das megatend\u00eancias globais, como as mudan\u00e7as clim\u00e1ticas, a exaust\u00e3o dos recursos naturais, o crescimento da popula\u00e7\u00e3o, a desigualdade de renda, as migra\u00e7\u00f5es e os desafios de oferecer redes de sa\u00fade e educa\u00e7\u00e3o robustas o suficiente para atender as crescentes necessidades da popula\u00e7\u00e3o.<\/p>\n<p>Nesse livro magnifico, voc\u00ea vai encontrar \u00e0s respostas para todos estes desafios atrav\u00e9s de uma abordagem inteligente, avan\u00e7ada em termos de tecnologia e focada nas pessoas. Em A Cidade em Harmonia, Rose argumenta que a forma de reverter os problemas globais passa por repensar o papel das nossas cidades, passa por alcan\u00e7ar a harmonia entre civiliza\u00e7\u00e3o e natureza, atrav\u00e9s da constru\u00e7\u00e3o de novos sistemas urbanos que tenham como principais caracter\u00edsticas a igualdade, a resili\u00eancia, a adaptabilidade e a qualidade de vida das pessoas.<\/p>\n<p>&nbsp;<\/p>\n<p>Link para compra do livro : <a href=\"https:\/\/www.amazon.com.br\/Cidade-Harmonia-Ci%C3%AAncia-Civiliza%C3%A7%C3%B5es-Natureza\/dp\/8582604912\/ref=asc_df_8582604912\/?tag=googleshopp00-20&amp;linkCode=df0&amp;hvadid=379793781347&amp;hvpos=&amp;hvnetw=g&amp;hvrand=357916239362688596&amp;hvpone=&amp;hvptwo=&amp;hvqmt=&amp;hvdev=c&amp;hvdvcmdl=&amp;hvlocint=&amp;hvlocphy=9047761&amp;hvtargid=pla-810855791269&amp;psc=1\">A CIDADE EM HARMONIA<\/a><\/p>\n<p>&nbsp;<\/p>\n<p>VOC\u00ca TAMB\u00c9M PODE GOSTAR DO ARTIGO: <a href=\"https:\/\/radarexecutivo.com.br\/revista\/2022\/02\/01\/a-geracao-hundred\/\">A GERA\u00c7\u00c3O HUNDRED<\/a><\/p>\n<p>&nbsp;<\/p>\n<p>&nbsp;<\/p>\n<p>&nbsp;<\/p>\n","protected":false},"excerpt":{"rendered":"<p>No livro A Cidade em Harmonia, o futuro da humanidade \u00e9 discutido atrav\u00e9s da \u00f3tica de quem vive nas grandes cidades, o autor vision\u00e1rio Jonathan F. P. Rose, nos ensina como as novas tecnologias, as grandes civiliza\u00e7\u00f5es da antiguidade e o conhecimento sobre a natureza humana podem nos ajudar a viver em cidades mais amig\u00e1veis, interessantes e saud\u00e1veis\u00a0 do ponto de vista ambiental, econ\u00f4mico e social. As cidades s\u00e3o o ber\u00e7o da civiliza\u00e7\u00e3o, elas s\u00e3o o centro da cultura, do com\u00e9rcio e do progresso humano, s\u00e3o caldeir\u00f5es de oportunidades e moradia para mais de 80 % da popula\u00e7\u00e3o mundial at\u00e9 [&hellip;]<\/p>\n","protected":false},"author":1,"featured_media":3390,"comment_status":"open","ping_status":"open","sticky":false,"template":"","format":"standard","meta":{"om_disable_all_campaigns":false,"footnotes":""},"categories":[59],"tags":[90,798,796,794,92],"class_list":["post-3389","post","type-post","status-publish","format-standard","has-post-thumbnail","hentry","category-livros-e-autores","tag-cidades","tag-cidades-do-futuro","tag-cidades-verdes","tag-qualidade-de-vida","tag-smart-cities"],"yoast_head":"<!-- This site is optimized with the Yoast SEO plugin v18.9 - https:\/\/yoast.com\/wordpress\/plugins\/seo\/ -->\n<title>Revista Radar Executivo - A Cidade em Harmonia<\/title>\n<meta name=\"description\" content=\"Lideran\u00e7a, gest\u00e3o, carreira, neg\u00f3cios, marketing, empreendedorismo, pol\u00edtica, economia, inova\u00e7\u00e3o. Voc\u00ea conectado no mundo empresarial.\" \/>\n<meta name=\"robots\" content=\"index, follow, max-snippet:-1, max-image-preview:large, max-video-preview:-1\" \/>\n<link rel=\"canonical\" href=\"https:\/\/radarexecutivo.com.br\/revista\/2022\/11\/04\/a-cidade-em-harmonia\/\" \/>\n<meta property=\"og:locale\" content=\"pt_BR\" \/>\n<meta property=\"og:type\" content=\"article\" \/>\n<meta property=\"og:title\" content=\"Revista Radar Executivo - A Cidade em Harmonia\" \/>\n<meta property=\"og:description\" content=\"Lideran\u00e7a, gest\u00e3o, carreira, neg\u00f3cios, marketing, empreendedorismo, pol\u00edtica, economia, inova\u00e7\u00e3o. Voc\u00ea conectado no mundo empresarial.\" \/>\n<meta property=\"og:url\" content=\"https:\/\/radarexecutivo.com.br\/revista\/2022\/11\/04\/a-cidade-em-harmonia\/\" \/>\n<meta property=\"og:site_name\" content=\"Revista Radar Executivo\" \/>\n<meta property=\"article:published_time\" content=\"2022-11-04T07:17:31+00:00\" \/>\n<meta property=\"og:image\" content=\"https:\/\/radarexecutivo.com.br\/revista\/wp-content\/uploads\/2022\/11\/Slide60.jpg\" \/>\n\t<meta property=\"og:image:width\" content=\"853\" \/>\n\t<meta property=\"og:image:height\" content=\"480\" \/>\n\t<meta property=\"og:image:type\" content=\"image\/jpeg\" \/>\n<meta name=\"twitter:card\" content=\"summary_large_image\" \/>\n<meta name=\"twitter:label1\" content=\"Escrito por\" \/>\n\t<meta name=\"twitter:data1\" content=\"Revista Radar Executivo\" \/>\n\t<meta name=\"twitter:label2\" content=\"Est. tempo de leitura\" \/>\n\t<meta name=\"twitter:data2\" content=\"2 minutos\" \/>\n<script type=\"application\/ld+json\" class=\"yoast-schema-graph\">{\"@context\":\"https:\/\/schema.org\",\"@graph\":[{\"@type\":\"Organization\",\"@id\":\"https:\/\/radarexecutivo.com.br\/revista\/#organization\",\"name\":\"Revista Radar Executivo\",\"url\":\"https:\/\/radarexecutivo.com.br\/revista\/\",\"sameAs\":[],\"logo\":{\"@type\":\"ImageObject\",\"inLanguage\":\"pt-BR\",\"@id\":\"https:\/\/radarexecutivo.com.br\/revista\/#\/schema\/logo\/image\/\",\"url\":\"https:\/\/radarexecutivo.com.br\/revista\/wp-content\/uploads\/2022\/06\/LOGO-REVISTA-PORTUGUES-PRETO-2.png\",\"contentUrl\":\"https:\/\/radarexecutivo.com.br\/revista\/wp-content\/uploads\/2022\/06\/LOGO-REVISTA-PORTUGUES-PRETO-2.png\",\"width\":8084,\"height\":2580,\"caption\":\"Revista Radar Executivo\"},\"image\":{\"@id\":\"https:\/\/radarexecutivo.com.br\/revista\/#\/schema\/logo\/image\/\"}},{\"@type\":\"WebSite\",\"@id\":\"https:\/\/radarexecutivo.com.br\/revista\/#website\",\"url\":\"https:\/\/radarexecutivo.com.br\/revista\/\",\"name\":\"Revista Radar Executivo\",\"description\":\"Voc\u00ea conectado no mundo empresarial\",\"publisher\":{\"@id\":\"https:\/\/radarexecutivo.com.br\/revista\/#organization\"},\"potentialAction\":[{\"@type\":\"SearchAction\",\"target\":{\"@type\":\"EntryPoint\",\"urlTemplate\":\"https:\/\/radarexecutivo.com.br\/revista\/?s={search_term_string}\"},\"query-input\":\"required name=search_term_string\"}],\"inLanguage\":\"pt-BR\"},{\"@type\":\"ImageObject\",\"inLanguage\":\"pt-BR\",\"@id\":\"https:\/\/radarexecutivo.com.br\/revista\/2022\/11\/04\/a-cidade-em-harmonia\/#primaryimage\",\"url\":\"https:\/\/radarexecutivo.com.br\/revista\/wp-content\/uploads\/2022\/11\/Slide60.jpg\",\"contentUrl\":\"https:\/\/radarexecutivo.com.br\/revista\/wp-content\/uploads\/2022\/11\/Slide60.jpg\",\"width\":853,\"height\":480,\"caption\":\"A CIDADE EM HARMONIA. THE CITY IN HARMONY. LA CIUDAD EN ARMONIA\"},{\"@type\":\"WebPage\",\"@id\":\"https:\/\/radarexecutivo.com.br\/revista\/2022\/11\/04\/a-cidade-em-harmonia\/#webpage\",\"url\":\"https:\/\/radarexecutivo.com.br\/revista\/2022\/11\/04\/a-cidade-em-harmonia\/\",\"name\":\"Revista Radar Executivo - A Cidade em Harmonia\",\"isPartOf\":{\"@id\":\"https:\/\/radarexecutivo.com.br\/revista\/#website\"},\"primaryImageOfPage\":{\"@id\":\"https:\/\/radarexecutivo.com.br\/revista\/2022\/11\/04\/a-cidade-em-harmonia\/#primaryimage\"},\"datePublished\":\"2022-11-04T07:17:31+00:00\",\"dateModified\":\"2022-11-04T07:17:31+00:00\",\"description\":\"Lideran\u00e7a, gest\u00e3o, carreira, neg\u00f3cios, marketing, empreendedorismo, pol\u00edtica, economia, inova\u00e7\u00e3o. Voc\u00ea conectado no mundo empresarial.\",\"breadcrumb\":{\"@id\":\"https:\/\/radarexecutivo.com.br\/revista\/2022\/11\/04\/a-cidade-em-harmonia\/#breadcrumb\"},\"inLanguage\":\"pt-BR\",\"potentialAction\":[{\"@type\":\"ReadAction\",\"target\":[\"https:\/\/radarexecutivo.com.br\/revista\/2022\/11\/04\/a-cidade-em-harmonia\/\"]}]},{\"@type\":\"BreadcrumbList\",\"@id\":\"https:\/\/radarexecutivo.com.br\/revista\/2022\/11\/04\/a-cidade-em-harmonia\/#breadcrumb\",\"itemListElement\":[{\"@type\":\"ListItem\",\"position\":1,\"name\":\"home\",\"item\":\"https:\/\/radarexecutivo.com.br\/revista\/\"},{\"@type\":\"ListItem\",\"position\":2,\"name\":\"cidades\",\"item\":\"https:\/\/radarexecutivo.com.br\/revista\/tag\/cidades\/\"},{\"@type\":\"ListItem\",\"position\":3,\"name\":\"A CIDADE EM HARMONIA\"}]},{\"@type\":\"Article\",\"@id\":\"https:\/\/radarexecutivo.com.br\/revista\/2022\/11\/04\/a-cidade-em-harmonia\/#article\",\"isPartOf\":{\"@id\":\"https:\/\/radarexecutivo.com.br\/revista\/2022\/11\/04\/a-cidade-em-harmonia\/#webpage\"},\"author\":{\"@id\":\"https:\/\/radarexecutivo.com.br\/revista\/#\/schema\/person\/fa7d561ec3c1e5e8f9aee0a176cd0162\"},\"headline\":\"A CIDADE EM HARMONIA\",\"datePublished\":\"2022-11-04T07:17:31+00:00\",\"dateModified\":\"2022-11-04T07:17:31+00:00\",\"mainEntityOfPage\":{\"@id\":\"https:\/\/radarexecutivo.com.br\/revista\/2022\/11\/04\/a-cidade-em-harmonia\/#webpage\"},\"wordCount\":326,\"commentCount\":0,\"publisher\":{\"@id\":\"https:\/\/radarexecutivo.com.br\/revista\/#organization\"},\"image\":{\"@id\":\"https:\/\/radarexecutivo.com.br\/revista\/2022\/11\/04\/a-cidade-em-harmonia\/#primaryimage\"},\"thumbnailUrl\":\"https:\/\/radarexecutivo.com.br\/revista\/wp-content\/uploads\/2022\/11\/Slide60.jpg\",\"keywords\":[\"cidades\",\"cidades do futuro\",\"cidades verdes\",\"qualidade de vida\",\"smart cities\"],\"articleSection\":[\"LIVROS E AUTORES\"],\"inLanguage\":\"pt-BR\",\"potentialAction\":[{\"@type\":\"CommentAction\",\"name\":\"Comment\",\"target\":[\"https:\/\/radarexecutivo.com.br\/revista\/2022\/11\/04\/a-cidade-em-harmonia\/#respond\"]}]},{\"@type\":\"Person\",\"@id\":\"https:\/\/radarexecutivo.com.br\/revista\/#\/schema\/person\/fa7d561ec3c1e5e8f9aee0a176cd0162\",\"name\":\"Revista Radar Executivo\",\"image\":{\"@type\":\"ImageObject\",\"inLanguage\":\"pt-BR\",\"@id\":\"https:\/\/radarexecutivo.com.br\/revista\/#\/schema\/person\/image\/\",\"url\":\"https:\/\/secure.gravatar.com\/avatar\/13c41cad95f86d1121ade5519feb60932dc6dc8287e4743bcec5ce91b8ef2196?s=96&d=mm&r=g\",\"contentUrl\":\"https:\/\/secure.gravatar.com\/avatar\/13c41cad95f86d1121ade5519feb60932dc6dc8287e4743bcec5ce91b8ef2196?s=96&d=mm&r=g\",\"caption\":\"Revista Radar Executivo\"},\"sameAs\":[\"http:\/\/radarexecutivo.com.br\/revista\"],\"url\":\"https:\/\/radarexecutivo.com.br\/revista\/author\/radarexecutivo\/\"}]}<\/script>\n<!-- \/ Yoast SEO plugin. -->","yoast_head_json":{"title":"Revista Radar Executivo - A Cidade em Harmonia","description":"Lideran\u00e7a, gest\u00e3o, carreira, neg\u00f3cios, marketing, empreendedorismo, pol\u00edtica, economia, inova\u00e7\u00e3o. Voc\u00ea conectado no mundo empresarial.","robots":{"index":"index","follow":"follow","max-snippet":"max-snippet:-1","max-image-preview":"max-image-preview:large","max-video-preview":"max-video-preview:-1"},"canonical":"https:\/\/radarexecutivo.com.br\/revista\/2022\/11\/04\/a-cidade-em-harmonia\/","og_locale":"pt_BR","og_type":"article","og_title":"Revista Radar Executivo - A Cidade em Harmonia","og_description":"Lideran\u00e7a, gest\u00e3o, carreira, neg\u00f3cios, marketing, empreendedorismo, pol\u00edtica, economia, inova\u00e7\u00e3o. Voc\u00ea conectado no mundo empresarial.","og_url":"https:\/\/radarexecutivo.com.br\/revista\/2022\/11\/04\/a-cidade-em-harmonia\/","og_site_name":"Revista Radar Executivo","article_published_time":"2022-11-04T07:17:31+00:00","og_image":[{"width":853,"height":480,"url":"https:\/\/radarexecutivo.com.br\/revista\/wp-content\/uploads\/2022\/11\/Slide60.jpg","type":"image\/jpeg"}],"twitter_card":"summary_large_image","twitter_misc":{"Escrito por":"Revista Radar Executivo","Est. tempo de leitura":"2 minutos"},"schema":{"@context":"https:\/\/schema.org","@graph":[{"@type":"Organization","@id":"https:\/\/radarexecutivo.com.br\/revista\/#organization","name":"Revista Radar Executivo","url":"https:\/\/radarexecutivo.com.br\/revista\/","sameAs":[],"logo":{"@type":"ImageObject","inLanguage":"pt-BR","@id":"https:\/\/radarexecutivo.com.br\/revista\/#\/schema\/logo\/image\/","url":"https:\/\/radarexecutivo.com.br\/revista\/wp-content\/uploads\/2022\/06\/LOGO-REVISTA-PORTUGUES-PRETO-2.png","contentUrl":"https:\/\/radarexecutivo.com.br\/revista\/wp-content\/uploads\/2022\/06\/LOGO-REVISTA-PORTUGUES-PRETO-2.png","width":8084,"height":2580,"caption":"Revista Radar Executivo"},"image":{"@id":"https:\/\/radarexecutivo.com.br\/revista\/#\/schema\/logo\/image\/"}},{"@type":"WebSite","@id":"https:\/\/radarexecutivo.com.br\/revista\/#website","url":"https:\/\/radarexecutivo.com.br\/revista\/","name":"Revista Radar Executivo","description":"Voc\u00ea conectado no mundo empresarial","publisher":{"@id":"https:\/\/radarexecutivo.com.br\/revista\/#organization"},"potentialAction":[{"@type":"SearchAction","target":{"@type":"EntryPoint","urlTemplate":"https:\/\/radarexecutivo.com.br\/revista\/?s={search_term_string}"},"query-input":"required name=search_term_string"}],"inLanguage":"pt-BR"},{"@type":"ImageObject","inLanguage":"pt-BR","@id":"https:\/\/radarexecutivo.com.br\/revista\/2022\/11\/04\/a-cidade-em-harmonia\/#primaryimage","url":"https:\/\/radarexecutivo.com.br\/revista\/wp-content\/uploads\/2022\/11\/Slide60.jpg","contentUrl":"https:\/\/radarexecutivo.com.br\/revista\/wp-content\/uploads\/2022\/11\/Slide60.jpg","width":853,"height":480,"caption":"A CIDADE EM HARMONIA. THE CITY IN HARMONY. LA CIUDAD EN ARMONIA"},{"@type":"WebPage","@id":"https:\/\/radarexecutivo.com.br\/revista\/2022\/11\/04\/a-cidade-em-harmonia\/#webpage","url":"https:\/\/radarexecutivo.com.br\/revista\/2022\/11\/04\/a-cidade-em-harmonia\/","name":"Revista Radar Executivo - A Cidade em Harmonia","isPartOf":{"@id":"https:\/\/radarexecutivo.com.br\/revista\/#website"},"primaryImageOfPage":{"@id":"https:\/\/radarexecutivo.com.br\/revista\/2022\/11\/04\/a-cidade-em-harmonia\/#primaryimage"},"datePublished":"2022-11-04T07:17:31+00:00","dateModified":"2022-11-04T07:17:31+00:00","description":"Lideran\u00e7a, gest\u00e3o, carreira, neg\u00f3cios, marketing, empreendedorismo, pol\u00edtica, economia, inova\u00e7\u00e3o. Voc\u00ea conectado no mundo empresarial.","breadcrumb":{"@id":"https:\/\/radarexecutivo.com.br\/revista\/2022\/11\/04\/a-cidade-em-harmonia\/#breadcrumb"},"inLanguage":"pt-BR","potentialAction":[{"@type":"ReadAction","target":["https:\/\/radarexecutivo.com.br\/revista\/2022\/11\/04\/a-cidade-em-harmonia\/"]}]},{"@type":"BreadcrumbList","@id":"https:\/\/radarexecutivo.com.br\/revista\/2022\/11\/04\/a-cidade-em-harmonia\/#breadcrumb","itemListElement":[{"@type":"ListItem","position":1,"name":"home","item":"https:\/\/radarexecutivo.com.br\/revista\/"},{"@type":"ListItem","position":2,"name":"cidades","item":"https:\/\/radarexecutivo.com.br\/revista\/tag\/cidades\/"},{"@type":"ListItem","position":3,"name":"A CIDADE EM HARMONIA"}]},{"@type":"Article","@id":"https:\/\/radarexecutivo.com.br\/revista\/2022\/11\/04\/a-cidade-em-harmonia\/#article","isPartOf":{"@id":"https:\/\/radarexecutivo.com.br\/revista\/2022\/11\/04\/a-cidade-em-harmonia\/#webpage"},"author":{"@id":"https:\/\/radarexecutivo.com.br\/revista\/#\/schema\/person\/fa7d561ec3c1e5e8f9aee0a176cd0162"},"headline":"A CIDADE EM HARMONIA","datePublished":"2022-11-04T07:17:31+00:00","dateModified":"2022-11-04T07:17:31+00:00","mainEntityOfPage":{"@id":"https:\/\/radarexecutivo.com.br\/revista\/2022\/11\/04\/a-cidade-em-harmonia\/#webpage"},"wordCount":326,"commentCount":0,"publisher":{"@id":"https:\/\/radarexecutivo.com.br\/revista\/#organization"},"image":{"@id":"https:\/\/radarexecutivo.com.br\/revista\/2022\/11\/04\/a-cidade-em-harmonia\/#primaryimage"},"thumbnailUrl":"https:\/\/radarexecutivo.com.br\/revista\/wp-content\/uploads\/2022\/11\/Slide60.jpg","keywords":["cidades","cidades do futuro","cidades verdes","qualidade de vida","smart cities"],"articleSection":["LIVROS E AUTORES"],"inLanguage":"pt-BR","potentialAction":[{"@type":"CommentAction","name":"Comment","target":["https:\/\/radarexecutivo.com.br\/revista\/2022\/11\/04\/a-cidade-em-harmonia\/#respond"]}]},{"@type":"Person","@id":"https:\/\/radarexecutivo.com.br\/revista\/#\/schema\/person\/fa7d561ec3c1e5e8f9aee0a176cd0162","name":"Revista Radar Executivo","image":{"@type":"ImageObject","inLanguage":"pt-BR","@id":"https:\/\/radarexecutivo.com.br\/revista\/#\/schema\/person\/image\/","url":"https:\/\/secure.gravatar.com\/avatar\/13c41cad95f86d1121ade5519feb60932dc6dc8287e4743bcec5ce91b8ef2196?s=96&d=mm&r=g","contentUrl":"https:\/\/secure.gravatar.com\/avatar\/13c41cad95f86d1121ade5519feb60932dc6dc8287e4743bcec5ce91b8ef2196?s=96&d=mm&r=g","caption":"Revista Radar Executivo"},"sameAs":["http:\/\/radarexecutivo.com.br\/revista"],"url":"https:\/\/radarexecutivo.com.br\/revista\/author\/radarexecutivo\/"}]}},"_links":{"self":[{"href":"https:\/\/radarexecutivo.com.br\/revista\/wp-json\/wp\/v2\/posts\/3389","targetHints":{"allow":["GET"]}}],"collection":[{"href":"https:\/\/radarexecutivo.com.br\/revista\/wp-json\/wp\/v2\/posts"}],"about":[{"href":"https:\/\/radarexecutivo.com.br\/revista\/wp-json\/wp\/v2\/types\/post"}],"author":[{"embeddable":true,"href":"https:\/\/radarexecutivo.com.br\/revista\/wp-json\/wp\/v2\/users\/1"}],"replies":[{"embeddable":true,"href":"https:\/\/radarexecutivo.com.br\/revista\/wp-json\/wp\/v2\/comments?post=3389"}],"version-history":[{"count":1,"href":"https:\/\/radarexecutivo.com.br\/revista\/wp-json\/wp\/v2\/posts\/3389\/revisions"}],"predecessor-version":[{"id":3391,"href":"https:\/\/radarexecutivo.com.br\/revista\/wp-json\/wp\/v2\/posts\/3389\/revisions\/3391"}],"wp:featuredmedia":[{"embeddable":true,"href":"https:\/\/radarexecutivo.com.br\/revista\/wp-json\/wp\/v2\/media\/3390"}],"wp:attachment":[{"href":"https:\/\/radarexecutivo.com.br\/revista\/wp-json\/wp\/v2\/media?parent=3389"}],"wp:term":[{"taxonomy":"category","embeddable":true,"href":"https:\/\/radarexecutivo.com.br\/revista\/wp-json\/wp\/v2\/categories?post=3389"},{"taxonomy":"post_tag","embeddable":true,"href":"https:\/\/radarexecutivo.com.br\/revista\/wp-json\/wp\/v2\/tags?post=3389"}],"curies":[{"name":"wp","href":"https:\/\/api.w.org\/{rel}","templated":true}]}}