{"id":3451,"date":"2023-01-17T15:54:15","date_gmt":"2023-01-17T18:54:15","guid":{"rendered":"https:\/\/radarexecutivo.com.br\/revista\/?p=3451"},"modified":"2023-01-17T15:54:15","modified_gmt":"2023-01-17T18:54:15","slug":"o-labirinto-do-analfabetismo","status":"publish","type":"post","link":"https:\/\/radarexecutivo.com.br\/revista\/2023\/01\/17\/o-labirinto-do-analfabetismo\/","title":{"rendered":"O LABIRINTO DO ANALFABETISMO"},"content":{"rendered":"<p>Em 2003, no primeiro ano do governo Lula, o Minist\u00e9rio da Educa\u00e7\u00e3o criou uma experi\u00eancia para que todos pudessem entender as dificuldades daquelas pessoas que n\u00e3o sabem ler. Foi constru\u00eddo um labirinto dentro de uma grande caixa, o &#8221; labirinto do analfabetismo&#8221; foi armado em diferentes locais, e permitia ao visitante seguir o percurso de uma pessoa analfabeta em busca de um endere\u00e7o, onde havia a possibilidade de conseguir um emprego.<\/p>\n<blockquote>\n<h4><a href=\"https:\/\/hotmart.com\/pt-br\/marketplace\/produtos\/vendedor-puro-sangue-o-mindset-do-campeao\/F12466982R\">SAIBA MAIS SOBRE O CURSO : O C\u00d3DIGO SECRETO DA VENDA<\/a><\/h4>\n<\/blockquote>\n<p>Ao ver a placa onde a palavra <strong>&#8220;ENTRADA&#8221; <\/strong>estava escrita com as suas letras misturadas, <strong>&#8220;NTEARAD&#8221;<\/strong>, o visitante tinha seu primeiro choque de compreens\u00e3o sobre o que sente o analfabeto diante de um texto escrito, e sobre o fato de que reunir letras formando uma palavra, s\u00f3 faz sentido para aqueles que s\u00e3o alfabetizados.<\/p>\n<p>Algumas pessoas que passaram pelo labirinto, diziam ter tido essa mesma sensa\u00e7\u00e3o de incompreens\u00e3o durante viagens a pa\u00edses estrangeiros onde n\u00e3o tinham o dom\u00ednio da l\u00edngua, e agora, com essa experi\u00eancia, sentiam na pele o que \u00e9 viver permanentemente sem entender o mundo a sua volta.<\/p>\n<blockquote>\n<h4>Um choque de compreens\u00e3o sobre o que sente o analfabeto diante de um texto escrito, e sobre o fato de que reunir letras formando uma palavra, s\u00f3 faz sentido para aqueles que s\u00e3o alfabetizados<\/h4>\n<\/blockquote>\n<p>A partir da entrada, os grupos de visitantes do &#8221; labirinto do analfabetismo &#8221; eram reunidos em uma sala escura, onde um alto falante dizia: &#8220;Voc\u00ea est\u00e1 em busca de chegar a um endere\u00e7o onde h\u00e1 empregos dispon\u00edveis. Escolha o \u00f4nibus que leve voc\u00ea ao seu destino.&#8221; A voz silenciava, e uma luz mostrava na parede em frente, v\u00e1rios \u00f4nibus chegando e saindo com as letras dos seus letreiros, onde estava escrito o seu destino, todas misturadas, impedindo as pessoas de ler e entender o que estava escrito.<\/p>\n<p>Depois desse primeiro choque e da perplexidade, o grupo caminhava \u00e0 sala seguinte, onde a voz dizia: &#8220;Parab\u00e9ns, voc\u00ea teve coragem para perguntar qual era o \u00f4nibus que seguia para o destino que voc\u00ea queria, e por sorte, encontrou uma pessoa gentil que lhe indicou o ve\u00edculo correto. Agora que voc\u00ea chegou aonde deseja, basta encontrar a rua para onde voc\u00ea quer ir.<\/p>\n<p>Neste momento, a luz focava as placas com os respectivos nomes das ruas, todos com letras e s\u00edmbolos misturados. A voz insistia: &#8220;Se voc\u00ea sabe o nome da rua para onde quer ir, basta ler o nome escrito. Se n\u00e3o lembra, basta ler o papel onde sua amiga escreveu o endere\u00e7o.&#8221; A luz iluminava um peda\u00e7o de caderno com palavras escritas em s\u00edmbolos misturados. Era poss\u00edvel sentir a tens\u00e3o dos visitantes que estavam perdidos no labirinto.<\/p>\n<blockquote>\n<h4>A partir da entrada, os grupos de visitantes do &#8221; labirinto do analfabetismo &#8221; eram reunidos em uma sala escura, onde um alto falante dizia: &#8220;Voc\u00ea est\u00e1 em busca de chegar a um endere\u00e7o onde h\u00e1 empregos dispon\u00edveis<\/h4>\n<\/blockquote>\n<p>Muitos entendiam nessa hora, que <strong>SOLTAR<\/strong> n\u00e3o \u00e9 <strong>LIBERTAR<\/strong>, quem se encontra <strong>LIVRE<\/strong> precisa do direito de se locomover tanto quanto do direito de saber <strong>LER<\/strong> o mapa para entender como chegar aonde deseja ir. Na sala seguinte, a voz dizia: &#8220;Imagino o quanto voc\u00ea est\u00e1 cansado. Descanse um pouco. Se tem dor de cabe\u00e7a, <strong>LEIA FARM\u00c1CIA<\/strong> e pe\u00e7a um rem\u00e9dio\u201d.<\/p>\n<p>A luz ilumina a caixa do rem\u00e9dio e a bula est\u00e1 todo escrita com s\u00edmbolos indecifr\u00e1veis. O visitante do labirinto, tem agora, a terr\u00edvel sensa\u00e7\u00e3o de tomar uma droga sem conseguir ler uma bula para saber se aquilo que est\u00e1 tomando vai cur\u00e1-lo da doen\u00e7a ou vai mat\u00e1-lo.<\/p>\n<blockquote>\n<h4><a href=\"https:\/\/hotmart.com\/pt-br\/marketplace\/produtos\/vendedor-puro-sangue-o-mindset-do-campeao\/F12466982R\">SAIBA MAIS SOBRE O CURSO : O C\u00d3DIGO SECRETO DA VENDA<\/a><\/h4>\n<\/blockquote>\n<p>Em outra sala, a voz dizia: &#8220;Parab\u00e9ns pela persist\u00eancia e esfor\u00e7o, voc\u00ea chegou. O emprego lhe espera. <strong>BASTA LER<\/strong> um pequeno trecho em onde v\u00e3o testar o seu conhecimento.&#8221; A luz mostra um pequeno texto simples com suas letras totalmente misturadas. Ent\u00e3o o visitante do labirinto percebe agora, que todo o tempo gasto e o seu esfor\u00e7o n\u00e3o v\u00e3o dar em nada, porque ali, n\u00e3o tem emprego para quem n\u00e3o sabe ler.<\/p>\n<p>Entra-se ent\u00e3o na \u00faltima sala, onde a voz diz: &#8220;N\u00e3o desista. Voc\u00ea \u00e9 brasileiro, deixe seu depoimento sobre como foi o seu dia.&#8221; Em frente se v\u00ea uma imensa impress\u00e3o digital na parede ao lado da bandeira do Brasil, onde se l\u00ea,<strong> &#8220;ORDEM E PROGRESSO&#8221;<\/strong> escrito com letras misturadas ou com s\u00edmbolo indecifr\u00e1veis.<\/p>\n<blockquote>\n<h4>Muitos entendiam nessa hora, que SOLTAR n\u00e3o \u00e9 LIBERTAR, quem se encontra LIVRE precisa do direito de se locomover tanto quanto do direito de saber LER o mapa para entender como chegar aonde deseja ir<\/h4>\n<\/blockquote>\n<p>A nossa bandeira foi criada em 1889, com o lem<strong>a &#8220;ORDEM E PROGRESSO&#8221; ESCRITO,<\/strong> em uma \u00e9poca, onde 90% dos brasileiros adultos eram analfabetos. Hoje, 134 anos depois, esta propor\u00e7\u00e3o caiu, mas o n\u00famero absoluto de adultos analfabetos cresceu, e est\u00e1 hoje entre 10 e 12 milh\u00f5es de brasileiros, que ainda pensam estar diante da nossa bandeira, mesmo quando o nosso lema est\u00e1 escrito assim <strong>&#8220;rj#\u221e \u2206\u2229\u25a1\u2124qwls\u03f4\u25cbk&#8221;<\/strong>, ou assim <strong>&#8220;order and progress&#8221;<\/strong>, ou mesmo assim <strong>&#8220;educa\u00e7\u00e3o \u00e9 progresso&#8221;<\/strong>.<\/p>\n<p>Ao final dessa viagem a porta se abre e o visitante desse &#8221; labirinto do analfabetismo&#8221;\u00a0 \u00e9 tomado por sentimentos de indigna\u00e7\u00e3o e vergonha, alguns saem do labirinto com os olhos lacrimejando. A sensa\u00e7\u00e3o \u00e9 de que o analfabetismo \u00e9 uma imoralidade social, percebe-se ent\u00e3o, que quem \u00e9 analfabeto sofre durante todo o tempo em que est\u00e1 acordado.<\/p>\n<p>O analfabetismo \u00e9 como um chicote incans\u00e1vel maltratando o c\u00e9rebro de quem n\u00e3o sabe ler. Por isto, erradicar o analfabetismo entre os adultos \u00e9 uma quest\u00e3o de direitos humanos que deveria estar na pauta moral de todos os brasileiros.<\/p>\n<blockquote>\n<h4>O analfabetismo \u00e9 como um chicote incans\u00e1vel maltratando o c\u00e9rebro de quem n\u00e3o sabe ler. Por isto, erradicar o analfabetismo entre os adultos \u00e9 uma quest\u00e3o de direitos humanos que deveria estar na pauta moral de todos os brasileiros<\/h4>\n<\/blockquote>\n<p>Mas, historicamente, salvos raros esfor\u00e7os isolados, o Minist\u00e9rio da Educa\u00e7\u00e3o tem se dedicado muito mais ao ensino superior, deixando sob responsabilidade de cada munic\u00edpio o papel de promover o fundamental direito humano \u00e0 alfabetiza\u00e7\u00e3o. Ao ensino superior a maioria dos recursos e dos esfor\u00e7os nacionais, \u00e0 alfabetiza\u00e7\u00e3o os parcos recursos e esfor\u00e7os locais. Tanto que o labirinto do analfabetismo s\u00f3 durou o primeiro ano da gest\u00e3o do Presidente Lula.<\/p>\n<p>\u00c9 como se a Aboli\u00e7\u00e3o da Escravatura tivesse sido deixada sob a vontade, a responsabilidade e contasse apenas com os recursos dos munic\u00edpios, esperando por 5.570 Leis \u00c1ureas, quando cada prefeito desejasse assim agir. Felizmente, n\u00e3o se fez assim com a escravid\u00e3o, nem com a tortura, mas \u00e9 feito todos os dias com aqueles que sofrem com o analfabetismo. O analfabetismo \u00e9 uma esp\u00e9cie de tortura, e aos meus olhos, \u00e9 similar \u00e0 escravid\u00e3o. \u00c9 por isso, que em pleno s\u00e9culo XXI, n\u00e3o podemos mais permitir que milh\u00f5es de brasileiros continuem presos nesse terr\u00edvel labirinto, esperando pela liberta\u00e7\u00e3o, que s\u00f3 a educa\u00e7\u00e3o pode oferecer.<\/p>\n<blockquote>\n<h4>O analfabetismo \u00e9 uma esp\u00e9cie de tortura, e aos meus olhos, \u00e9 similar \u00e0 escravid\u00e3o. \u00c9 por isso, que em pleno s\u00e9culo XXI, n\u00e3o podemos mais permitir que milh\u00f5es de brasileiros continuem presos nesse terr\u00edvel labirinto<\/h4>\n<\/blockquote>\n<p>&nbsp;<\/p>\n<p>VOC\u00ca TAMB\u00c9M PODE GOSTAR DO ARTIGO: <a href=\"https:\/\/radarexecutivo.com.br\/revista\/2022\/10\/21\/o-avanco-da-intolerancia\/\">O AVAN\u00c7O DA INTOLER\u00c2NCIA<\/a><\/p>\n<p>&nbsp;<\/p>\n<p><img loading=\"lazy\" decoding=\"async\" class=\" wp-image-3452 alignleft\" src=\"https:\/\/radarexecutivo.com.br\/revista\/wp-content\/uploads\/2023\/01\/Slide74-300x300.jpg\" alt=\"\" width=\"135\" height=\"135\" srcset=\"https:\/\/radarexecutivo.com.br\/revista\/wp-content\/uploads\/2023\/01\/Slide74-300x300.jpg 300w, https:\/\/radarexecutivo.com.br\/revista\/wp-content\/uploads\/2023\/01\/Slide74-150x150.jpg 150w, https:\/\/radarexecutivo.com.br\/revista\/wp-content\/uploads\/2023\/01\/Slide74-130x130.jpg 130w, https:\/\/radarexecutivo.com.br\/revista\/wp-content\/uploads\/2023\/01\/Slide74-400x400.jpg 400w, https:\/\/radarexecutivo.com.br\/revista\/wp-content\/uploads\/2023\/01\/Slide74-96x96.jpg 96w, https:\/\/radarexecutivo.com.br\/revista\/wp-content\/uploads\/2023\/01\/Slide74.jpg 720w\" sizes=\"auto, (max-width: 135px) 100vw, 135px\" \/>Autor: Senador Cristovam Buarque \u00e9 pernambucano, nascido na cidade de Recife. \u00c9 graduado em Engenharia pela Universidade Federal de Pernambuco, tem mestrado em Ci\u00eancias Econ\u00f4micas pelo Instituto de Ci\u00eancias Humanas e Sociais da UFPE, possui doutorado em Economia do Desenvolvimento na \u00c9cole Practique d\u00eas Hautes \u00c9tudes da Universidade de Sorbonne na Fran\u00e7a. O senador Cristovam Buarque \u00e9 autor de in\u00fameros best-sellers e j\u00e1 publicou mais de 33 livros sobre Economia, Hist\u00f3ria, Sociologia e sobretudo Educa\u00e7\u00e3o.<\/p>\n<p>Seu livro mais recente tem tudo a ver com o tema do artigo: <strong>A \u00daltima Fronteira da Escravid\u00e3o<\/strong><\/p>\n","protected":false},"excerpt":{"rendered":"<p>Em 2003, no primeiro ano do governo Lula, o Minist\u00e9rio da Educa\u00e7\u00e3o criou uma experi\u00eancia para que todos pudessem entender as dificuldades daquelas pessoas que n\u00e3o sabem ler. Foi constru\u00eddo um labirinto dentro de uma grande caixa, o &#8221; labirinto do analfabetismo&#8221; foi armado em diferentes locais, e permitia ao visitante seguir o percurso de uma pessoa analfabeta em busca de um endere\u00e7o, onde havia a possibilidade de conseguir um emprego. SAIBA MAIS SOBRE O CURSO : O C\u00d3DIGO SECRETO DA VENDA Ao ver a placa onde a palavra &#8220;ENTRADA&#8221; estava escrita com as suas letras misturadas, &#8220;NTEARAD&#8221;, o visitante [&hellip;]<\/p>\n","protected":false},"author":1,"featured_media":3453,"comment_status":"open","ping_status":"open","sticky":false,"template":"","format":"standard","meta":{"om_disable_all_campaigns":false,"footnotes":""},"categories":[60,851],"tags":[857,771,98,855,75,853],"class_list":["post-3451","post","type-post","status-publish","format-standard","has-post-thumbnail","hentry","category-destaque","category-sociedade-em-foco","tag-analfabetismo","tag-democracia","tag-educacao","tag-inclusao-social","tag-politica","tag-sociedade"],"yoast_head":"<!-- This site is optimized with the Yoast SEO plugin v18.9 - https:\/\/yoast.com\/wordpress\/plugins\/seo\/ -->\n<title>Revista Radar Executivo - Artigo: O Labirinto do Analfabetismo<\/title>\n<meta name=\"description\" content=\"Lideran\u00e7a, gest\u00e3o, carreira, neg\u00f3cios, marketing, empreendedorismo, pol\u00edtica, economia, inova\u00e7\u00e3o. Voc\u00ea conectado no mundo empresarial.\" \/>\n<meta name=\"robots\" content=\"index, follow, max-snippet:-1, max-image-preview:large, max-video-preview:-1\" \/>\n<link rel=\"canonical\" href=\"https:\/\/radarexecutivo.com.br\/revista\/2023\/01\/17\/o-labirinto-do-analfabetismo\/\" \/>\n<meta property=\"og:locale\" content=\"pt_BR\" \/>\n<meta property=\"og:type\" content=\"article\" \/>\n<meta property=\"og:title\" content=\"Revista Radar Executivo - Artigo: O Labirinto do Analfabetismo\" \/>\n<meta property=\"og:description\" content=\"Lideran\u00e7a, gest\u00e3o, carreira, neg\u00f3cios, marketing, empreendedorismo, pol\u00edtica, economia, inova\u00e7\u00e3o. Voc\u00ea conectado no mundo empresarial.\" \/>\n<meta property=\"og:url\" content=\"https:\/\/radarexecutivo.com.br\/revista\/2023\/01\/17\/o-labirinto-do-analfabetismo\/\" \/>\n<meta property=\"og:site_name\" content=\"Revista Radar Executivo\" \/>\n<meta property=\"article:published_time\" content=\"2023-01-17T18:54:15+00:00\" \/>\n<meta property=\"og:image\" content=\"https:\/\/radarexecutivo.com.br\/revista\/wp-content\/uploads\/2023\/01\/Slide76.jpg\" \/>\n\t<meta property=\"og:image:width\" content=\"853\" \/>\n\t<meta property=\"og:image:height\" content=\"480\" \/>\n\t<meta property=\"og:image:type\" content=\"image\/jpeg\" \/>\n<meta name=\"twitter:card\" content=\"summary_large_image\" \/>\n<meta name=\"twitter:label1\" content=\"Escrito por\" \/>\n\t<meta name=\"twitter:data1\" content=\"Revista Radar Executivo\" \/>\n\t<meta name=\"twitter:label2\" content=\"Est. tempo de leitura\" \/>\n\t<meta name=\"twitter:data2\" content=\"8 minutos\" \/>\n<script type=\"application\/ld+json\" class=\"yoast-schema-graph\">{\"@context\":\"https:\/\/schema.org\",\"@graph\":[{\"@type\":\"Organization\",\"@id\":\"https:\/\/radarexecutivo.com.br\/revista\/#organization\",\"name\":\"Revista Radar Executivo\",\"url\":\"https:\/\/radarexecutivo.com.br\/revista\/\",\"sameAs\":[],\"logo\":{\"@type\":\"ImageObject\",\"inLanguage\":\"pt-BR\",\"@id\":\"https:\/\/radarexecutivo.com.br\/revista\/#\/schema\/logo\/image\/\",\"url\":\"https:\/\/radarexecutivo.com.br\/revista\/wp-content\/uploads\/2022\/06\/LOGO-REVISTA-PORTUGUES-PRETO-2.png\",\"contentUrl\":\"https:\/\/radarexecutivo.com.br\/revista\/wp-content\/uploads\/2022\/06\/LOGO-REVISTA-PORTUGUES-PRETO-2.png\",\"width\":8084,\"height\":2580,\"caption\":\"Revista Radar Executivo\"},\"image\":{\"@id\":\"https:\/\/radarexecutivo.com.br\/revista\/#\/schema\/logo\/image\/\"}},{\"@type\":\"WebSite\",\"@id\":\"https:\/\/radarexecutivo.com.br\/revista\/#website\",\"url\":\"https:\/\/radarexecutivo.com.br\/revista\/\",\"name\":\"Revista Radar Executivo\",\"description\":\"Voc\u00ea conectado no mundo empresarial\",\"publisher\":{\"@id\":\"https:\/\/radarexecutivo.com.br\/revista\/#organization\"},\"potentialAction\":[{\"@type\":\"SearchAction\",\"target\":{\"@type\":\"EntryPoint\",\"urlTemplate\":\"https:\/\/radarexecutivo.com.br\/revista\/?s={search_term_string}\"},\"query-input\":\"required name=search_term_string\"}],\"inLanguage\":\"pt-BR\"},{\"@type\":\"ImageObject\",\"inLanguage\":\"pt-BR\",\"@id\":\"https:\/\/radarexecutivo.com.br\/revista\/2023\/01\/17\/o-labirinto-do-analfabetismo\/#primaryimage\",\"url\":\"https:\/\/radarexecutivo.com.br\/revista\/wp-content\/uploads\/2023\/01\/Slide76.jpg\",\"contentUrl\":\"https:\/\/radarexecutivo.com.br\/revista\/wp-content\/uploads\/2023\/01\/Slide76.jpg\",\"width\":853,\"height\":480,\"caption\":\"O LABIRINTO DO ANALFABETISMO. the labyrinth of\u00a0illiteracy\"},{\"@type\":\"WebPage\",\"@id\":\"https:\/\/radarexecutivo.com.br\/revista\/2023\/01\/17\/o-labirinto-do-analfabetismo\/#webpage\",\"url\":\"https:\/\/radarexecutivo.com.br\/revista\/2023\/01\/17\/o-labirinto-do-analfabetismo\/\",\"name\":\"Revista Radar Executivo - Artigo: O Labirinto do Analfabetismo\",\"isPartOf\":{\"@id\":\"https:\/\/radarexecutivo.com.br\/revista\/#website\"},\"primaryImageOfPage\":{\"@id\":\"https:\/\/radarexecutivo.com.br\/revista\/2023\/01\/17\/o-labirinto-do-analfabetismo\/#primaryimage\"},\"datePublished\":\"2023-01-17T18:54:15+00:00\",\"dateModified\":\"2023-01-17T18:54:15+00:00\",\"description\":\"Lideran\u00e7a, gest\u00e3o, carreira, neg\u00f3cios, marketing, empreendedorismo, pol\u00edtica, economia, inova\u00e7\u00e3o. Voc\u00ea conectado no mundo empresarial.\",\"breadcrumb\":{\"@id\":\"https:\/\/radarexecutivo.com.br\/revista\/2023\/01\/17\/o-labirinto-do-analfabetismo\/#breadcrumb\"},\"inLanguage\":\"pt-BR\",\"potentialAction\":[{\"@type\":\"ReadAction\",\"target\":[\"https:\/\/radarexecutivo.com.br\/revista\/2023\/01\/17\/o-labirinto-do-analfabetismo\/\"]}]},{\"@type\":\"BreadcrumbList\",\"@id\":\"https:\/\/radarexecutivo.com.br\/revista\/2023\/01\/17\/o-labirinto-do-analfabetismo\/#breadcrumb\",\"itemListElement\":[{\"@type\":\"ListItem\",\"position\":1,\"name\":\"home\",\"item\":\"https:\/\/radarexecutivo.com.br\/revista\/\"},{\"@type\":\"ListItem\",\"position\":2,\"name\":\"ANALFABETISMO\",\"item\":\"https:\/\/radarexecutivo.com.br\/revista\/tag\/analfabetismo\/\"},{\"@type\":\"ListItem\",\"position\":3,\"name\":\"O LABIRINTO DO ANALFABETISMO\"}]},{\"@type\":\"Article\",\"@id\":\"https:\/\/radarexecutivo.com.br\/revista\/2023\/01\/17\/o-labirinto-do-analfabetismo\/#article\",\"isPartOf\":{\"@id\":\"https:\/\/radarexecutivo.com.br\/revista\/2023\/01\/17\/o-labirinto-do-analfabetismo\/#webpage\"},\"author\":{\"@id\":\"https:\/\/radarexecutivo.com.br\/revista\/#\/schema\/person\/fa7d561ec3c1e5e8f9aee0a176cd0162\"},\"headline\":\"O LABIRINTO DO ANALFABETISMO\",\"datePublished\":\"2023-01-17T18:54:15+00:00\",\"dateModified\":\"2023-01-17T18:54:15+00:00\",\"mainEntityOfPage\":{\"@id\":\"https:\/\/radarexecutivo.com.br\/revista\/2023\/01\/17\/o-labirinto-do-analfabetismo\/#webpage\"},\"wordCount\":1365,\"commentCount\":0,\"publisher\":{\"@id\":\"https:\/\/radarexecutivo.com.br\/revista\/#organization\"},\"image\":{\"@id\":\"https:\/\/radarexecutivo.com.br\/revista\/2023\/01\/17\/o-labirinto-do-analfabetismo\/#primaryimage\"},\"thumbnailUrl\":\"https:\/\/radarexecutivo.com.br\/revista\/wp-content\/uploads\/2023\/01\/Slide76.jpg\",\"keywords\":[\"ANALFABETISMO\",\"democracia\",\"educa\u00e7\u00e3o\",\"INCLUS\u00c3O SOCIAL\",\"politica\",\"SOCIEDADE\"],\"articleSection\":[\"DESTAQUE\",\"SOCIEDADE EM FOCO\"],\"inLanguage\":\"pt-BR\",\"potentialAction\":[{\"@type\":\"CommentAction\",\"name\":\"Comment\",\"target\":[\"https:\/\/radarexecutivo.com.br\/revista\/2023\/01\/17\/o-labirinto-do-analfabetismo\/#respond\"]}]},{\"@type\":\"Person\",\"@id\":\"https:\/\/radarexecutivo.com.br\/revista\/#\/schema\/person\/fa7d561ec3c1e5e8f9aee0a176cd0162\",\"name\":\"Revista Radar Executivo\",\"image\":{\"@type\":\"ImageObject\",\"inLanguage\":\"pt-BR\",\"@id\":\"https:\/\/radarexecutivo.com.br\/revista\/#\/schema\/person\/image\/\",\"url\":\"https:\/\/secure.gravatar.com\/avatar\/13c41cad95f86d1121ade5519feb60932dc6dc8287e4743bcec5ce91b8ef2196?s=96&d=mm&r=g\",\"contentUrl\":\"https:\/\/secure.gravatar.com\/avatar\/13c41cad95f86d1121ade5519feb60932dc6dc8287e4743bcec5ce91b8ef2196?s=96&d=mm&r=g\",\"caption\":\"Revista Radar Executivo\"},\"sameAs\":[\"http:\/\/radarexecutivo.com.br\/revista\"],\"url\":\"https:\/\/radarexecutivo.com.br\/revista\/author\/radarexecutivo\/\"}]}<\/script>\n<!-- \/ Yoast SEO plugin. -->","yoast_head_json":{"title":"Revista Radar Executivo - Artigo: O Labirinto do Analfabetismo","description":"Lideran\u00e7a, gest\u00e3o, carreira, neg\u00f3cios, marketing, empreendedorismo, pol\u00edtica, economia, inova\u00e7\u00e3o. Voc\u00ea conectado no mundo empresarial.","robots":{"index":"index","follow":"follow","max-snippet":"max-snippet:-1","max-image-preview":"max-image-preview:large","max-video-preview":"max-video-preview:-1"},"canonical":"https:\/\/radarexecutivo.com.br\/revista\/2023\/01\/17\/o-labirinto-do-analfabetismo\/","og_locale":"pt_BR","og_type":"article","og_title":"Revista Radar Executivo - Artigo: O Labirinto do Analfabetismo","og_description":"Lideran\u00e7a, gest\u00e3o, carreira, neg\u00f3cios, marketing, empreendedorismo, pol\u00edtica, economia, inova\u00e7\u00e3o. Voc\u00ea conectado no mundo empresarial.","og_url":"https:\/\/radarexecutivo.com.br\/revista\/2023\/01\/17\/o-labirinto-do-analfabetismo\/","og_site_name":"Revista Radar Executivo","article_published_time":"2023-01-17T18:54:15+00:00","og_image":[{"width":853,"height":480,"url":"https:\/\/radarexecutivo.com.br\/revista\/wp-content\/uploads\/2023\/01\/Slide76.jpg","type":"image\/jpeg"}],"twitter_card":"summary_large_image","twitter_misc":{"Escrito por":"Revista Radar Executivo","Est. tempo de leitura":"8 minutos"},"schema":{"@context":"https:\/\/schema.org","@graph":[{"@type":"Organization","@id":"https:\/\/radarexecutivo.com.br\/revista\/#organization","name":"Revista Radar Executivo","url":"https:\/\/radarexecutivo.com.br\/revista\/","sameAs":[],"logo":{"@type":"ImageObject","inLanguage":"pt-BR","@id":"https:\/\/radarexecutivo.com.br\/revista\/#\/schema\/logo\/image\/","url":"https:\/\/radarexecutivo.com.br\/revista\/wp-content\/uploads\/2022\/06\/LOGO-REVISTA-PORTUGUES-PRETO-2.png","contentUrl":"https:\/\/radarexecutivo.com.br\/revista\/wp-content\/uploads\/2022\/06\/LOGO-REVISTA-PORTUGUES-PRETO-2.png","width":8084,"height":2580,"caption":"Revista Radar Executivo"},"image":{"@id":"https:\/\/radarexecutivo.com.br\/revista\/#\/schema\/logo\/image\/"}},{"@type":"WebSite","@id":"https:\/\/radarexecutivo.com.br\/revista\/#website","url":"https:\/\/radarexecutivo.com.br\/revista\/","name":"Revista Radar Executivo","description":"Voc\u00ea conectado no mundo empresarial","publisher":{"@id":"https:\/\/radarexecutivo.com.br\/revista\/#organization"},"potentialAction":[{"@type":"SearchAction","target":{"@type":"EntryPoint","urlTemplate":"https:\/\/radarexecutivo.com.br\/revista\/?s={search_term_string}"},"query-input":"required name=search_term_string"}],"inLanguage":"pt-BR"},{"@type":"ImageObject","inLanguage":"pt-BR","@id":"https:\/\/radarexecutivo.com.br\/revista\/2023\/01\/17\/o-labirinto-do-analfabetismo\/#primaryimage","url":"https:\/\/radarexecutivo.com.br\/revista\/wp-content\/uploads\/2023\/01\/Slide76.jpg","contentUrl":"https:\/\/radarexecutivo.com.br\/revista\/wp-content\/uploads\/2023\/01\/Slide76.jpg","width":853,"height":480,"caption":"O LABIRINTO DO ANALFABETISMO. the labyrinth of\u00a0illiteracy"},{"@type":"WebPage","@id":"https:\/\/radarexecutivo.com.br\/revista\/2023\/01\/17\/o-labirinto-do-analfabetismo\/#webpage","url":"https:\/\/radarexecutivo.com.br\/revista\/2023\/01\/17\/o-labirinto-do-analfabetismo\/","name":"Revista Radar Executivo - Artigo: O Labirinto do Analfabetismo","isPartOf":{"@id":"https:\/\/radarexecutivo.com.br\/revista\/#website"},"primaryImageOfPage":{"@id":"https:\/\/radarexecutivo.com.br\/revista\/2023\/01\/17\/o-labirinto-do-analfabetismo\/#primaryimage"},"datePublished":"2023-01-17T18:54:15+00:00","dateModified":"2023-01-17T18:54:15+00:00","description":"Lideran\u00e7a, gest\u00e3o, carreira, neg\u00f3cios, marketing, empreendedorismo, pol\u00edtica, economia, inova\u00e7\u00e3o. Voc\u00ea conectado no mundo empresarial.","breadcrumb":{"@id":"https:\/\/radarexecutivo.com.br\/revista\/2023\/01\/17\/o-labirinto-do-analfabetismo\/#breadcrumb"},"inLanguage":"pt-BR","potentialAction":[{"@type":"ReadAction","target":["https:\/\/radarexecutivo.com.br\/revista\/2023\/01\/17\/o-labirinto-do-analfabetismo\/"]}]},{"@type":"BreadcrumbList","@id":"https:\/\/radarexecutivo.com.br\/revista\/2023\/01\/17\/o-labirinto-do-analfabetismo\/#breadcrumb","itemListElement":[{"@type":"ListItem","position":1,"name":"home","item":"https:\/\/radarexecutivo.com.br\/revista\/"},{"@type":"ListItem","position":2,"name":"ANALFABETISMO","item":"https:\/\/radarexecutivo.com.br\/revista\/tag\/analfabetismo\/"},{"@type":"ListItem","position":3,"name":"O LABIRINTO DO ANALFABETISMO"}]},{"@type":"Article","@id":"https:\/\/radarexecutivo.com.br\/revista\/2023\/01\/17\/o-labirinto-do-analfabetismo\/#article","isPartOf":{"@id":"https:\/\/radarexecutivo.com.br\/revista\/2023\/01\/17\/o-labirinto-do-analfabetismo\/#webpage"},"author":{"@id":"https:\/\/radarexecutivo.com.br\/revista\/#\/schema\/person\/fa7d561ec3c1e5e8f9aee0a176cd0162"},"headline":"O LABIRINTO DO ANALFABETISMO","datePublished":"2023-01-17T18:54:15+00:00","dateModified":"2023-01-17T18:54:15+00:00","mainEntityOfPage":{"@id":"https:\/\/radarexecutivo.com.br\/revista\/2023\/01\/17\/o-labirinto-do-analfabetismo\/#webpage"},"wordCount":1365,"commentCount":0,"publisher":{"@id":"https:\/\/radarexecutivo.com.br\/revista\/#organization"},"image":{"@id":"https:\/\/radarexecutivo.com.br\/revista\/2023\/01\/17\/o-labirinto-do-analfabetismo\/#primaryimage"},"thumbnailUrl":"https:\/\/radarexecutivo.com.br\/revista\/wp-content\/uploads\/2023\/01\/Slide76.jpg","keywords":["ANALFABETISMO","democracia","educa\u00e7\u00e3o","INCLUS\u00c3O SOCIAL","politica","SOCIEDADE"],"articleSection":["DESTAQUE","SOCIEDADE EM FOCO"],"inLanguage":"pt-BR","potentialAction":[{"@type":"CommentAction","name":"Comment","target":["https:\/\/radarexecutivo.com.br\/revista\/2023\/01\/17\/o-labirinto-do-analfabetismo\/#respond"]}]},{"@type":"Person","@id":"https:\/\/radarexecutivo.com.br\/revista\/#\/schema\/person\/fa7d561ec3c1e5e8f9aee0a176cd0162","name":"Revista Radar Executivo","image":{"@type":"ImageObject","inLanguage":"pt-BR","@id":"https:\/\/radarexecutivo.com.br\/revista\/#\/schema\/person\/image\/","url":"https:\/\/secure.gravatar.com\/avatar\/13c41cad95f86d1121ade5519feb60932dc6dc8287e4743bcec5ce91b8ef2196?s=96&d=mm&r=g","contentUrl":"https:\/\/secure.gravatar.com\/avatar\/13c41cad95f86d1121ade5519feb60932dc6dc8287e4743bcec5ce91b8ef2196?s=96&d=mm&r=g","caption":"Revista Radar Executivo"},"sameAs":["http:\/\/radarexecutivo.com.br\/revista"],"url":"https:\/\/radarexecutivo.com.br\/revista\/author\/radarexecutivo\/"}]}},"_links":{"self":[{"href":"https:\/\/radarexecutivo.com.br\/revista\/wp-json\/wp\/v2\/posts\/3451","targetHints":{"allow":["GET"]}}],"collection":[{"href":"https:\/\/radarexecutivo.com.br\/revista\/wp-json\/wp\/v2\/posts"}],"about":[{"href":"https:\/\/radarexecutivo.com.br\/revista\/wp-json\/wp\/v2\/types\/post"}],"author":[{"embeddable":true,"href":"https:\/\/radarexecutivo.com.br\/revista\/wp-json\/wp\/v2\/users\/1"}],"replies":[{"embeddable":true,"href":"https:\/\/radarexecutivo.com.br\/revista\/wp-json\/wp\/v2\/comments?post=3451"}],"version-history":[{"count":1,"href":"https:\/\/radarexecutivo.com.br\/revista\/wp-json\/wp\/v2\/posts\/3451\/revisions"}],"predecessor-version":[{"id":3454,"href":"https:\/\/radarexecutivo.com.br\/revista\/wp-json\/wp\/v2\/posts\/3451\/revisions\/3454"}],"wp:featuredmedia":[{"embeddable":true,"href":"https:\/\/radarexecutivo.com.br\/revista\/wp-json\/wp\/v2\/media\/3453"}],"wp:attachment":[{"href":"https:\/\/radarexecutivo.com.br\/revista\/wp-json\/wp\/v2\/media?parent=3451"}],"wp:term":[{"taxonomy":"category","embeddable":true,"href":"https:\/\/radarexecutivo.com.br\/revista\/wp-json\/wp\/v2\/categories?post=3451"},{"taxonomy":"post_tag","embeddable":true,"href":"https:\/\/radarexecutivo.com.br\/revista\/wp-json\/wp\/v2\/tags?post=3451"}],"curies":[{"name":"wp","href":"https:\/\/api.w.org\/{rel}","templated":true}]}}