{"id":70,"date":"2021-12-21T05:59:51","date_gmt":"2021-12-21T08:59:51","guid":{"rendered":"http:\/\/radarexecutivo.com.br\/revista\/?p=70"},"modified":"2022-06-20T15:14:24","modified_gmt":"2022-06-20T18:14:24","slug":"decisoes-e-os-padroes-da-mente","status":"publish","type":"post","link":"https:\/\/radarexecutivo.com.br\/revista\/2021\/12\/21\/decisoes-e-os-padroes-da-mente\/","title":{"rendered":"DECIS\u00d5ES E OS PADR\u00d5ES DA MENTE"},"content":{"rendered":"<p>De que maneira as nossas decis\u00f5es e os padr\u00f5es da mente influenciam no nosso sucesso? Essa \u00e9 uma pergunta-chave para todos aqueles que est\u00e3o tendo que enfrentar um ambiente de mudan\u00e7as hostis, vol\u00e1teis e imprevis\u00edveis. Aparentemente tudo que precisamos para tomar boas decis\u00f5es \u00e9 avaliar bem o ambiente, estabelecer objetivos e entender de maneira clara todas as vari\u00e1veis envolvidas para depois estabelecer um plano de a\u00e7\u00e3o. Tudo muito simples, l\u00f3gico e racional.<\/p>\n<p>Essas condi\u00e7\u00f5es seriam perfeitas se n\u00e3o fosse por uma pequena quest\u00e3o. Essas condi\u00e7\u00f5es n\u00e3o existem na vida real. Na vida real as pessoas tomam decis\u00f5es baseadas em fatores subjetivos, que na maioria das vezes, est\u00e3o ligados aos nossos instintos e as nossas emo\u00e7\u00f5es. No plano perfeito dos livros de gest\u00e3o, as pessoas analisam as possibilidades para tomar suas decis\u00f5es de forma linear e racional.\u00a0 A maioria dos gurus da lideran\u00e7a prefere fechar os olhos para a imensa irracionalidade dos seres humanos e tentam nos enquadrar for\u00e7adamente como seres racionais. Entender as nossas decis\u00f5es e os padr\u00f5es da mente nos ajuda a pensar com mais clareza e objetividade.<\/p>\n<blockquote><p>Na vida real as pessoas tomam decis\u00f5es baseadas em fatores subjetivos, que na maioria das vezes, est\u00e3o ligados aos nossos instintos e as nossas emo\u00e7\u00f5es<\/p><\/blockquote>\n<p>Basta olhar o mundo a nossa volta para ver que de racionais temos muito pouco, na verdade, nosso c\u00e9rebro foi programado para reagir instintivamente \u00e0s amea\u00e7as do meio ambiente. Se n\u00e3o fosse assim, nossos ancestrais pr\u00e9-hist\u00f3ricos teriam virado comida na mesa de alguma predador mais bem equipado do que n\u00f3s antes mesmo de esbo\u00e7ar qualquer tipo de rea\u00e7\u00e3o. As nossas decis\u00f5es e os padr\u00f5es da mente\u00a0 tinham que ser instintivos, pois os ataques que sofr\u00edamos aconteciam em quest\u00e3o de minutos, n\u00e3o havia segunda chance, muito menos tempo para planejar uma rea\u00e7\u00e3o mais elaborada. Era escapar do bote ou morrer.<\/p>\n<p>Essa programa\u00e7\u00e3o ancestral era muito eficiente, a prova disso \u00e9 que sobrevivemos e conquistamos o planeta. Acontece que os nossos instintos s\u00e3o um mecanismo de resposta autom\u00e1tica, que as vezes, d\u00e1 defeito quando precisamos pensar a longo prazo. Esse tipo de rea\u00e7\u00e3o \u00e9 o que eu chamo de <em>Padr\u00e3o de Resposta Instintiva<\/em>, quando estamos operando dentro deste padr\u00e3o, nossas respostas s\u00e3o mais r\u00e1pidas, mas s\u00e3o baseadas em necessidades de curto prazo. Este padr\u00e3o de pensamento reage de maneira autom\u00e1tica para garantir nossa sobreviv\u00eancia diante das amea\u00e7as do meio ambiente, entender as nossas decis\u00f5es e os padr\u00f5es da mente nos ajuda nessa tarefa.<\/p>\n<blockquote><p>Os nossos instintos s\u00e3o um mecanismo de resposta autom\u00e1tica, que as vezes, d\u00e1 defeito quando precisamos pensar a longo prazo<\/p><\/blockquote>\n<p>Nossos instintos n\u00e3o s\u00e3o o \u00fanico componente subjetivo que pode afetar as nossas decis\u00f5es. Nossas escolhas tamb\u00e9m s\u00e3o muito influenciadas pela conex\u00e3o emocional que estabelecemos com as pessoas. O <em>Padr\u00e3o de Resposta Emocional<\/em> \u00e9 uma evolu\u00e7\u00e3o do nosso <em>Padr\u00e3o de Resposta Instintivo<\/em>, a medida em que a nossa sociedade foi ficando cada vez mais complexa, os nossos relacionamentos passaram a ter uma import\u00e2ncia muito grande para o nosso bem estar e para a manuten\u00e7\u00e3o do nosso crescimento.<\/p>\n<p>Por conta desta crescente import\u00e2ncia, \u00a0os nossos padr\u00f5es de resposta emocionais foram sendo cada vez mais utilizados e aperfei\u00e7oados, e passaram a fazer parte do nosso processo de tomada de decis\u00e3o.\u00a0Em nosso passado ancestral era muito importante criar conex\u00f5es e estabelecer alian\u00e7as que pudessem garantir um fluxo permanente de alimentos e tamb\u00e9m a prote\u00e7\u00e3o do grupo contra invasores que estivessem tentando invadir e\u00a0 conquistar o nosso territ\u00f3rio.<\/p>\n<blockquote><p>Em nosso passado ancestral era muito importante criar conex\u00f5es e estabelecer alian\u00e7as que pudessem garantir um fluxo permanente de alimentos e tamb\u00e9m a prote\u00e7\u00e3o do grupo<\/p><\/blockquote>\n<p>O <em>Padr\u00e3o de Resposta Emocional<\/em> tem a ver com o tipo de conex\u00e3o que estabelecemos com as pessoas envolvidas em cada situa\u00e7\u00e3o, para isso, precisamos identificar se estamos diante de um aliado ou de um inimigo. E esse tipo de percep\u00e7\u00e3o subjetiva, afeta diretamente a nossa avalia\u00e7\u00e3o do problema e as nossas decis\u00f5es. O tipo de conex\u00e3o emocional que estabelecemos com as pessoas afeta as nossas escolhas, somos mais inclinados a confiar em pessoas que pensam parecido conosco, independente se a ideia do outro \u00e9 melhor ou pior do que a nossa.<\/p>\n<p>Esse tipo de falha de percep\u00e7\u00e3o pode nos fazer cometer erros de avalia\u00e7\u00e3o na hora de tomar decis\u00f5es, pois o <em>Padr\u00e3o de Resposta Emocional<\/em> nos faz evitar as opini\u00f5es de pessoas que pensam diferente de n\u00f3s, ou de pessoas que simplesmente nos desagradam por algum aspecto do seu comportamento. Mesmo que a vis\u00e3o delas seja a mais acertada para aquela situa\u00e7\u00e3o.<\/p>\n<p>Preferimos aceitar opini\u00f5es das pessoas que nos agradam e com as quais nos identificamos, e por conta disso, muitas vezes, damos as costas para opini\u00f5es divergentes, mas que poderiam ser muito oportunas para a solu\u00e7\u00f5es dos problemas que enfrentamos. Em nosso passado ancestral era muito importante criar conex\u00f5es e estabelecer alian\u00e7as que pudessem garantir um fluxo permanente de alimentos e tamb\u00e9m a prote\u00e7\u00e3o do grupo, mas s\u00e3o eles que est\u00e3o em a\u00e7\u00e3o e s\u00e3o ativados sempre que precisamos fazer uma escolha, seja esta escolha pessoal ou profissional.<\/p>\n<blockquote><p>O tipo de conex\u00e3o emocional que estabelecemos com as pessoas afeta as nossas escolhas, somos mais inclinados a confiar em pessoas que pensam parecido conosco<\/p><\/blockquote>\n<p>Portanto, n\u00e3o adianta nada acreditar que as nossas decis\u00f5es s\u00e3o racionais e l\u00f3gicas e que temos total controle sobre as nossas escolhas. S\u00e3o os padr\u00f5es instintivos e emocionais que determinam boa parte do nosso comportamento e por isso precisam ser considerados e levados em conta quando estamos diante de cada nova decis\u00e3o. A parte l\u00f3gica do nosso pensamento entra apenas no momento de amarrar as nossas decis\u00f5es, \u00e9 nessa hora que justificamos as nossas escolhas instintivas e emocionais com argumentos l\u00f3gicos para que possamos nos sentir mais confort\u00e1veis diante das nossas decis\u00f5es.<\/p>\n<p>O que costumamos chamar de melhor decis\u00e3o, \u00e9 algo que \u00a0na verdade n\u00e3o existe, tomamos nossas decis\u00f5es com base nas impress\u00f5es, sensa\u00e7\u00f5es e informa\u00e7\u00f5es que temos a nossa disposi\u00e7\u00e3o naquele momento. O que nem sempre significa que aquela \u00e9 a melhor decis\u00e3o, no m\u00e1ximo, podemos dizer, que foi a decis\u00e3o mais adequada para aquele momento.<\/p>\n<blockquote><p>A parte l\u00f3gica do nosso pensamento entra apenas no momento de amarrar as nossas decis\u00f5es, \u00e9 nessa hora que justificamos as nossas escolhas instintivas e emocionais com argumentos l\u00f3gicos<\/p><\/blockquote>\n<p>Portanto, pense bem na hora de tomar a sua pr\u00f3xima decis\u00e3o, pois s\u00f3 assim, voc\u00ea poder\u00e1 escapar das armadilhas da percep\u00e7\u00e3o e aproveitar ao m\u00e1ximo tudo de bom que os nossos instintos e as nossas emo\u00e7\u00f5es podem agregar para a qualidade das nossas decis\u00f5es. E lembre-se, decis\u00f5es n\u00e3o s\u00e3o apenas uma quest\u00e3o racional, existem fatores subjetivos que podem afetar as nossas escolhas e influenciar o rumo das nossas a\u00e7\u00f5es. Pode parecer um contrassenso, mas para tomarmos decis\u00f5es racionais, temos que aprender a usar cada vez mais os nossos instintos e as nossas emo\u00e7\u00f5es.<\/p>\n<p>&nbsp;<\/p>\n<p>Voc\u00ea pode gostar do artigo: <a href=\"https:\/\/radarexecutivo.com.br\/revista\/2022\/03\/02\/o-codigo-secreto-da-venda-2\/\">O C\u00d3DIGO SECRETO DA VENDA<\/a><\/p>\n<p>&nbsp;<\/p>\n<p><img loading=\"lazy\" decoding=\"async\" class=\" wp-image-1451 alignleft\" src=\"http:\/\/radarexecutivo.com.br\/revista\/wp-content\/uploads\/2021\/09\/IMAGEM-2-300x300.jpg\" alt=\"\" width=\"133\" height=\"133\" srcset=\"https:\/\/radarexecutivo.com.br\/revista\/wp-content\/uploads\/2021\/09\/IMAGEM-2-300x300.jpg 300w, https:\/\/radarexecutivo.com.br\/revista\/wp-content\/uploads\/2021\/09\/IMAGEM-2-150x150.jpg 150w, https:\/\/radarexecutivo.com.br\/revista\/wp-content\/uploads\/2021\/09\/IMAGEM-2-130x130.jpg 130w, https:\/\/radarexecutivo.com.br\/revista\/wp-content\/uploads\/2021\/09\/IMAGEM-2.jpg 400w\" sizes=\"auto, (max-width: 133px) 100vw, 133px\" \/>Autor: Prof. Jorge Menezes \u00e9 palestrante, jornalista, escritor, colunista nas \u00e1reas de empreendedorismo e neg\u00f3cios. Apresentador do Canal Radar Executivo no YouTube e do Podcast Radar Executivo no Spotify. \u00c9 autor de v\u00e1rios best-sellers: <a href=\"https:\/\/amzn.to\/31AtOgI\">Aprenda a Negociar com os Tubar\u00f5es\u00ae (2013)<\/a>, <a href=\"https:\/\/amzn.to\/3GuogTz\">Transformando Networking em Neg\u00f3cios\u00ae (2015)<\/a> e <a href=\"https:\/\/amzn.to\/31Rfro0\">O C\u00f3digo Secreto da Venda\u00ae (2020<\/a>) todos publicados pela Editora Alta Books &#8211; Contato: (81) 9 9119-5002 Whatsapp<\/p>\n<p style=\"text-align: left;\">Visite o hot site do curso O C\u00f3digo Secreto da Venda no Hotmart :\u00a0<a href=\"http:\/\/www.ocodigosecretodavenda.com.br\">http:\/\/www.ocodigosecretodavenda.com.br<\/a><\/p>\n<p>&nbsp;<\/p>\n<p><iframe loading=\"lazy\" title=\"Spotify Embed: #024 OS PADR\u00d5ES MENTAIS E A TOMADA DE DECIS\u00c3O\" style=\"border-radius: 12px\" width=\"100%\" height=\"152\" frameborder=\"0\" allowfullscreen allow=\"autoplay; clipboard-write; encrypted-media; fullscreen; picture-in-picture\" src=\"https:\/\/open.spotify.com\/embed\/episode\/1Sn8mPWBqqn7FqYOwGrlxy?si=cde9a78264e3410e&#038;utm_source=oembed\"><\/iframe><\/p>\n<p><iframe loading=\"lazy\" title=\"OS PADR\u00d5ES DA MENTE E A TOMADA DE DECIS\u00c3O\" width=\"1200\" height=\"675\" src=\"https:\/\/www.youtube.com\/embed\/opApHKOWFg4?feature=oembed\" frameborder=\"0\" allow=\"accelerometer; autoplay; clipboard-write; encrypted-media; gyroscope; picture-in-picture\" allowfullscreen><\/iframe><\/p>\n<p>&nbsp;<\/p>\n","protected":false},"excerpt":{"rendered":"<p>De que maneira as nossas decis\u00f5es e os padr\u00f5es da mente influenciam no nosso sucesso? Essa \u00e9 uma pergunta-chave para todos aqueles que est\u00e3o tendo que enfrentar um ambiente de mudan\u00e7as hostis, vol\u00e1teis e imprevis\u00edveis. Aparentemente tudo que precisamos para tomar boas decis\u00f5es \u00e9 avaliar bem o ambiente, estabelecer objetivos e entender de maneira clara todas as vari\u00e1veis envolvidas para depois estabelecer um plano de a\u00e7\u00e3o. Tudo muito simples, l\u00f3gico e racional. Essas condi\u00e7\u00f5es seriam perfeitas se n\u00e3o fosse por uma pequena quest\u00e3o. Essas condi\u00e7\u00f5es n\u00e3o existem na vida real. Na vida real as pessoas tomam decis\u00f5es baseadas em fatores [&hellip;]<\/p>\n","protected":false},"author":1,"featured_media":72,"comment_status":"open","ping_status":"open","sticky":false,"template":"","format":"standard","meta":{"om_disable_all_campaigns":false,"footnotes":""},"categories":[8],"tags":[64,63,79,81,80],"class_list":["post-70","post","type-post","status-publish","format-standard","has-post-thumbnail","hentry","category-marketing-em-foco","tag-estrategia","tag-marketing","tag-negociacao","tag-neurovendas","tag-tomada-de-decisao"],"yoast_head":"<!-- This site is optimized with the Yoast SEO plugin v18.9 - https:\/\/yoast.com\/wordpress\/plugins\/seo\/ -->\n<title>Revista Radar Executivo - Artigo Decis\u00f5es e os Padr\u00f5es da Mente<\/title>\n<meta name=\"description\" content=\"Lideran\u00e7a, gest\u00e3o, carreira, neg\u00f3cios, marketing, empreendedorismo, pol\u00edtica, economia e inova\u00e7\u00e3o. Voc\u00ea conectado no mundo empresarial.\" \/>\n<meta name=\"robots\" content=\"index, follow, max-snippet:-1, max-image-preview:large, max-video-preview:-1\" \/>\n<link rel=\"canonical\" href=\"https:\/\/radarexecutivo.com.br\/revista\/2021\/12\/21\/decisoes-e-os-padroes-da-mente\/\" \/>\n<meta property=\"og:locale\" content=\"pt_BR\" \/>\n<meta property=\"og:type\" content=\"article\" \/>\n<meta property=\"og:title\" content=\"Revista Radar Executivo - Artigo Decis\u00f5es e os Padr\u00f5es da Mente\" \/>\n<meta property=\"og:description\" content=\"Lideran\u00e7a, gest\u00e3o, carreira, neg\u00f3cios, marketing, empreendedorismo, pol\u00edtica, economia e inova\u00e7\u00e3o. Voc\u00ea conectado no mundo empresarial.\" \/>\n<meta property=\"og:url\" content=\"https:\/\/radarexecutivo.com.br\/revista\/2021\/12\/21\/decisoes-e-os-padroes-da-mente\/\" \/>\n<meta property=\"og:site_name\" content=\"Revista Radar Executivo\" \/>\n<meta property=\"article:published_time\" content=\"2021-12-21T08:59:51+00:00\" \/>\n<meta property=\"article:modified_time\" content=\"2022-06-20T18:14:24+00:00\" \/>\n<meta property=\"og:image\" content=\"https:\/\/radarexecutivo.com.br\/revista\/wp-content\/uploads\/2021\/10\/redes-neurais-04.jpg\" \/>\n\t<meta property=\"og:image:width\" content=\"700\" \/>\n\t<meta property=\"og:image:height\" content=\"700\" \/>\n\t<meta property=\"og:image:type\" content=\"image\/jpeg\" \/>\n<meta name=\"twitter:card\" content=\"summary_large_image\" \/>\n<meta name=\"twitter:label1\" content=\"Escrito por\" \/>\n\t<meta name=\"twitter:data1\" content=\"Revista Radar Executivo\" \/>\n\t<meta name=\"twitter:label2\" content=\"Est. tempo de leitura\" \/>\n\t<meta name=\"twitter:data2\" content=\"7 minutos\" \/>\n<script type=\"application\/ld+json\" class=\"yoast-schema-graph\">{\"@context\":\"https:\/\/schema.org\",\"@graph\":[{\"@type\":\"Organization\",\"@id\":\"https:\/\/radarexecutivo.com.br\/revista\/#organization\",\"name\":\"Revista Radar Executivo\",\"url\":\"https:\/\/radarexecutivo.com.br\/revista\/\",\"sameAs\":[],\"logo\":{\"@type\":\"ImageObject\",\"inLanguage\":\"pt-BR\",\"@id\":\"https:\/\/radarexecutivo.com.br\/revista\/#\/schema\/logo\/image\/\",\"url\":\"https:\/\/radarexecutivo.com.br\/revista\/wp-content\/uploads\/2022\/06\/LOGO-REVISTA-PORTUGUES-PRETO-2.png\",\"contentUrl\":\"https:\/\/radarexecutivo.com.br\/revista\/wp-content\/uploads\/2022\/06\/LOGO-REVISTA-PORTUGUES-PRETO-2.png\",\"width\":8084,\"height\":2580,\"caption\":\"Revista Radar Executivo\"},\"image\":{\"@id\":\"https:\/\/radarexecutivo.com.br\/revista\/#\/schema\/logo\/image\/\"}},{\"@type\":\"WebSite\",\"@id\":\"https:\/\/radarexecutivo.com.br\/revista\/#website\",\"url\":\"https:\/\/radarexecutivo.com.br\/revista\/\",\"name\":\"Revista Radar Executivo\",\"description\":\"Voc\u00ea conectado no mundo empresarial\",\"publisher\":{\"@id\":\"https:\/\/radarexecutivo.com.br\/revista\/#organization\"},\"potentialAction\":[{\"@type\":\"SearchAction\",\"target\":{\"@type\":\"EntryPoint\",\"urlTemplate\":\"https:\/\/radarexecutivo.com.br\/revista\/?s={search_term_string}\"},\"query-input\":\"required name=search_term_string\"}],\"inLanguage\":\"pt-BR\"},{\"@type\":\"ImageObject\",\"inLanguage\":\"pt-BR\",\"@id\":\"https:\/\/radarexecutivo.com.br\/revista\/2021\/12\/21\/decisoes-e-os-padroes-da-mente\/#primaryimage\",\"url\":\"https:\/\/radarexecutivo.com.br\/revista\/wp-content\/uploads\/2021\/10\/redes-neurais-04.jpg\",\"contentUrl\":\"https:\/\/radarexecutivo.com.br\/revista\/wp-content\/uploads\/2021\/10\/redes-neurais-04.jpg\",\"width\":700,\"height\":700,\"caption\":\"decis\u00f5es e padr\u00f5es da mente. MIND PATTERNS AND DECISION MAKING. PATRONES MENTALES Y DECISIONES\"},{\"@type\":\"WebPage\",\"@id\":\"https:\/\/radarexecutivo.com.br\/revista\/2021\/12\/21\/decisoes-e-os-padroes-da-mente\/#webpage\",\"url\":\"https:\/\/radarexecutivo.com.br\/revista\/2021\/12\/21\/decisoes-e-os-padroes-da-mente\/\",\"name\":\"Revista Radar Executivo - Artigo Decis\u00f5es e os Padr\u00f5es da Mente\",\"isPartOf\":{\"@id\":\"https:\/\/radarexecutivo.com.br\/revista\/#website\"},\"primaryImageOfPage\":{\"@id\":\"https:\/\/radarexecutivo.com.br\/revista\/2021\/12\/21\/decisoes-e-os-padroes-da-mente\/#primaryimage\"},\"datePublished\":\"2021-12-21T08:59:51+00:00\",\"dateModified\":\"2022-06-20T18:14:24+00:00\",\"description\":\"Lideran\u00e7a, gest\u00e3o, carreira, neg\u00f3cios, marketing, empreendedorismo, pol\u00edtica, economia e inova\u00e7\u00e3o. Voc\u00ea conectado no mundo empresarial.\",\"breadcrumb\":{\"@id\":\"https:\/\/radarexecutivo.com.br\/revista\/2021\/12\/21\/decisoes-e-os-padroes-da-mente\/#breadcrumb\"},\"inLanguage\":\"pt-BR\",\"potentialAction\":[{\"@type\":\"ReadAction\",\"target\":[\"https:\/\/radarexecutivo.com.br\/revista\/2021\/12\/21\/decisoes-e-os-padroes-da-mente\/\"]}]},{\"@type\":\"BreadcrumbList\",\"@id\":\"https:\/\/radarexecutivo.com.br\/revista\/2021\/12\/21\/decisoes-e-os-padroes-da-mente\/#breadcrumb\",\"itemListElement\":[{\"@type\":\"ListItem\",\"position\":1,\"name\":\"home\",\"item\":\"https:\/\/radarexecutivo.com.br\/revista\/\"},{\"@type\":\"ListItem\",\"position\":2,\"name\":\"estrat\u00e9gia\",\"item\":\"https:\/\/radarexecutivo.com.br\/revista\/tag\/estrategia\/\"},{\"@type\":\"ListItem\",\"position\":3,\"name\":\"DECIS\u00d5ES E OS PADR\u00d5ES DA MENTE\"}]},{\"@type\":\"Article\",\"@id\":\"https:\/\/radarexecutivo.com.br\/revista\/2021\/12\/21\/decisoes-e-os-padroes-da-mente\/#article\",\"isPartOf\":{\"@id\":\"https:\/\/radarexecutivo.com.br\/revista\/2021\/12\/21\/decisoes-e-os-padroes-da-mente\/#webpage\"},\"author\":{\"@id\":\"https:\/\/radarexecutivo.com.br\/revista\/#\/schema\/person\/fa7d561ec3c1e5e8f9aee0a176cd0162\"},\"headline\":\"DECIS\u00d5ES E OS PADR\u00d5ES DA MENTE\",\"datePublished\":\"2021-12-21T08:59:51+00:00\",\"dateModified\":\"2022-06-20T18:14:24+00:00\",\"mainEntityOfPage\":{\"@id\":\"https:\/\/radarexecutivo.com.br\/revista\/2021\/12\/21\/decisoes-e-os-padroes-da-mente\/#webpage\"},\"wordCount\":1389,\"commentCount\":0,\"publisher\":{\"@id\":\"https:\/\/radarexecutivo.com.br\/revista\/#organization\"},\"image\":{\"@id\":\"https:\/\/radarexecutivo.com.br\/revista\/2021\/12\/21\/decisoes-e-os-padroes-da-mente\/#primaryimage\"},\"thumbnailUrl\":\"https:\/\/radarexecutivo.com.br\/revista\/wp-content\/uploads\/2021\/10\/redes-neurais-04.jpg\",\"keywords\":[\"estrat\u00e9gia\",\"marketing\",\"negocia\u00e7\u00e3o\",\"neurovendas\",\"tomada de decis\u00e3o\"],\"articleSection\":[\"MARKETING EM FOCO\"],\"inLanguage\":\"pt-BR\",\"potentialAction\":[{\"@type\":\"CommentAction\",\"name\":\"Comment\",\"target\":[\"https:\/\/radarexecutivo.com.br\/revista\/2021\/12\/21\/decisoes-e-os-padroes-da-mente\/#respond\"]}]},{\"@type\":\"Person\",\"@id\":\"https:\/\/radarexecutivo.com.br\/revista\/#\/schema\/person\/fa7d561ec3c1e5e8f9aee0a176cd0162\",\"name\":\"Revista Radar Executivo\",\"image\":{\"@type\":\"ImageObject\",\"inLanguage\":\"pt-BR\",\"@id\":\"https:\/\/radarexecutivo.com.br\/revista\/#\/schema\/person\/image\/\",\"url\":\"https:\/\/secure.gravatar.com\/avatar\/13c41cad95f86d1121ade5519feb60932dc6dc8287e4743bcec5ce91b8ef2196?s=96&d=mm&r=g\",\"contentUrl\":\"https:\/\/secure.gravatar.com\/avatar\/13c41cad95f86d1121ade5519feb60932dc6dc8287e4743bcec5ce91b8ef2196?s=96&d=mm&r=g\",\"caption\":\"Revista Radar Executivo\"},\"sameAs\":[\"http:\/\/radarexecutivo.com.br\/revista\"],\"url\":\"https:\/\/radarexecutivo.com.br\/revista\/author\/radarexecutivo\/\"}]}<\/script>\n<!-- \/ Yoast SEO plugin. -->","yoast_head_json":{"title":"Revista Radar Executivo - Artigo Decis\u00f5es e os Padr\u00f5es da Mente","description":"Lideran\u00e7a, gest\u00e3o, carreira, neg\u00f3cios, marketing, empreendedorismo, pol\u00edtica, economia e inova\u00e7\u00e3o. Voc\u00ea conectado no mundo empresarial.","robots":{"index":"index","follow":"follow","max-snippet":"max-snippet:-1","max-image-preview":"max-image-preview:large","max-video-preview":"max-video-preview:-1"},"canonical":"https:\/\/radarexecutivo.com.br\/revista\/2021\/12\/21\/decisoes-e-os-padroes-da-mente\/","og_locale":"pt_BR","og_type":"article","og_title":"Revista Radar Executivo - Artigo Decis\u00f5es e os Padr\u00f5es da Mente","og_description":"Lideran\u00e7a, gest\u00e3o, carreira, neg\u00f3cios, marketing, empreendedorismo, pol\u00edtica, economia e inova\u00e7\u00e3o. Voc\u00ea conectado no mundo empresarial.","og_url":"https:\/\/radarexecutivo.com.br\/revista\/2021\/12\/21\/decisoes-e-os-padroes-da-mente\/","og_site_name":"Revista Radar Executivo","article_published_time":"2021-12-21T08:59:51+00:00","article_modified_time":"2022-06-20T18:14:24+00:00","og_image":[{"width":700,"height":700,"url":"https:\/\/radarexecutivo.com.br\/revista\/wp-content\/uploads\/2021\/10\/redes-neurais-04.jpg","type":"image\/jpeg"}],"twitter_card":"summary_large_image","twitter_misc":{"Escrito por":"Revista Radar Executivo","Est. tempo de leitura":"7 minutos"},"schema":{"@context":"https:\/\/schema.org","@graph":[{"@type":"Organization","@id":"https:\/\/radarexecutivo.com.br\/revista\/#organization","name":"Revista Radar Executivo","url":"https:\/\/radarexecutivo.com.br\/revista\/","sameAs":[],"logo":{"@type":"ImageObject","inLanguage":"pt-BR","@id":"https:\/\/radarexecutivo.com.br\/revista\/#\/schema\/logo\/image\/","url":"https:\/\/radarexecutivo.com.br\/revista\/wp-content\/uploads\/2022\/06\/LOGO-REVISTA-PORTUGUES-PRETO-2.png","contentUrl":"https:\/\/radarexecutivo.com.br\/revista\/wp-content\/uploads\/2022\/06\/LOGO-REVISTA-PORTUGUES-PRETO-2.png","width":8084,"height":2580,"caption":"Revista Radar Executivo"},"image":{"@id":"https:\/\/radarexecutivo.com.br\/revista\/#\/schema\/logo\/image\/"}},{"@type":"WebSite","@id":"https:\/\/radarexecutivo.com.br\/revista\/#website","url":"https:\/\/radarexecutivo.com.br\/revista\/","name":"Revista Radar Executivo","description":"Voc\u00ea conectado no mundo empresarial","publisher":{"@id":"https:\/\/radarexecutivo.com.br\/revista\/#organization"},"potentialAction":[{"@type":"SearchAction","target":{"@type":"EntryPoint","urlTemplate":"https:\/\/radarexecutivo.com.br\/revista\/?s={search_term_string}"},"query-input":"required name=search_term_string"}],"inLanguage":"pt-BR"},{"@type":"ImageObject","inLanguage":"pt-BR","@id":"https:\/\/radarexecutivo.com.br\/revista\/2021\/12\/21\/decisoes-e-os-padroes-da-mente\/#primaryimage","url":"https:\/\/radarexecutivo.com.br\/revista\/wp-content\/uploads\/2021\/10\/redes-neurais-04.jpg","contentUrl":"https:\/\/radarexecutivo.com.br\/revista\/wp-content\/uploads\/2021\/10\/redes-neurais-04.jpg","width":700,"height":700,"caption":"decis\u00f5es e padr\u00f5es da mente. MIND PATTERNS AND DECISION MAKING. PATRONES MENTALES Y DECISIONES"},{"@type":"WebPage","@id":"https:\/\/radarexecutivo.com.br\/revista\/2021\/12\/21\/decisoes-e-os-padroes-da-mente\/#webpage","url":"https:\/\/radarexecutivo.com.br\/revista\/2021\/12\/21\/decisoes-e-os-padroes-da-mente\/","name":"Revista Radar Executivo - Artigo Decis\u00f5es e os Padr\u00f5es da Mente","isPartOf":{"@id":"https:\/\/radarexecutivo.com.br\/revista\/#website"},"primaryImageOfPage":{"@id":"https:\/\/radarexecutivo.com.br\/revista\/2021\/12\/21\/decisoes-e-os-padroes-da-mente\/#primaryimage"},"datePublished":"2021-12-21T08:59:51+00:00","dateModified":"2022-06-20T18:14:24+00:00","description":"Lideran\u00e7a, gest\u00e3o, carreira, neg\u00f3cios, marketing, empreendedorismo, pol\u00edtica, economia e inova\u00e7\u00e3o. Voc\u00ea conectado no mundo empresarial.","breadcrumb":{"@id":"https:\/\/radarexecutivo.com.br\/revista\/2021\/12\/21\/decisoes-e-os-padroes-da-mente\/#breadcrumb"},"inLanguage":"pt-BR","potentialAction":[{"@type":"ReadAction","target":["https:\/\/radarexecutivo.com.br\/revista\/2021\/12\/21\/decisoes-e-os-padroes-da-mente\/"]}]},{"@type":"BreadcrumbList","@id":"https:\/\/radarexecutivo.com.br\/revista\/2021\/12\/21\/decisoes-e-os-padroes-da-mente\/#breadcrumb","itemListElement":[{"@type":"ListItem","position":1,"name":"home","item":"https:\/\/radarexecutivo.com.br\/revista\/"},{"@type":"ListItem","position":2,"name":"estrat\u00e9gia","item":"https:\/\/radarexecutivo.com.br\/revista\/tag\/estrategia\/"},{"@type":"ListItem","position":3,"name":"DECIS\u00d5ES E OS PADR\u00d5ES DA MENTE"}]},{"@type":"Article","@id":"https:\/\/radarexecutivo.com.br\/revista\/2021\/12\/21\/decisoes-e-os-padroes-da-mente\/#article","isPartOf":{"@id":"https:\/\/radarexecutivo.com.br\/revista\/2021\/12\/21\/decisoes-e-os-padroes-da-mente\/#webpage"},"author":{"@id":"https:\/\/radarexecutivo.com.br\/revista\/#\/schema\/person\/fa7d561ec3c1e5e8f9aee0a176cd0162"},"headline":"DECIS\u00d5ES E OS PADR\u00d5ES DA MENTE","datePublished":"2021-12-21T08:59:51+00:00","dateModified":"2022-06-20T18:14:24+00:00","mainEntityOfPage":{"@id":"https:\/\/radarexecutivo.com.br\/revista\/2021\/12\/21\/decisoes-e-os-padroes-da-mente\/#webpage"},"wordCount":1389,"commentCount":0,"publisher":{"@id":"https:\/\/radarexecutivo.com.br\/revista\/#organization"},"image":{"@id":"https:\/\/radarexecutivo.com.br\/revista\/2021\/12\/21\/decisoes-e-os-padroes-da-mente\/#primaryimage"},"thumbnailUrl":"https:\/\/radarexecutivo.com.br\/revista\/wp-content\/uploads\/2021\/10\/redes-neurais-04.jpg","keywords":["estrat\u00e9gia","marketing","negocia\u00e7\u00e3o","neurovendas","tomada de decis\u00e3o"],"articleSection":["MARKETING EM FOCO"],"inLanguage":"pt-BR","potentialAction":[{"@type":"CommentAction","name":"Comment","target":["https:\/\/radarexecutivo.com.br\/revista\/2021\/12\/21\/decisoes-e-os-padroes-da-mente\/#respond"]}]},{"@type":"Person","@id":"https:\/\/radarexecutivo.com.br\/revista\/#\/schema\/person\/fa7d561ec3c1e5e8f9aee0a176cd0162","name":"Revista Radar Executivo","image":{"@type":"ImageObject","inLanguage":"pt-BR","@id":"https:\/\/radarexecutivo.com.br\/revista\/#\/schema\/person\/image\/","url":"https:\/\/secure.gravatar.com\/avatar\/13c41cad95f86d1121ade5519feb60932dc6dc8287e4743bcec5ce91b8ef2196?s=96&d=mm&r=g","contentUrl":"https:\/\/secure.gravatar.com\/avatar\/13c41cad95f86d1121ade5519feb60932dc6dc8287e4743bcec5ce91b8ef2196?s=96&d=mm&r=g","caption":"Revista Radar Executivo"},"sameAs":["http:\/\/radarexecutivo.com.br\/revista"],"url":"https:\/\/radarexecutivo.com.br\/revista\/author\/radarexecutivo\/"}]}},"_links":{"self":[{"href":"https:\/\/radarexecutivo.com.br\/revista\/wp-json\/wp\/v2\/posts\/70","targetHints":{"allow":["GET"]}}],"collection":[{"href":"https:\/\/radarexecutivo.com.br\/revista\/wp-json\/wp\/v2\/posts"}],"about":[{"href":"https:\/\/radarexecutivo.com.br\/revista\/wp-json\/wp\/v2\/types\/post"}],"author":[{"embeddable":true,"href":"https:\/\/radarexecutivo.com.br\/revista\/wp-json\/wp\/v2\/users\/1"}],"replies":[{"embeddable":true,"href":"https:\/\/radarexecutivo.com.br\/revista\/wp-json\/wp\/v2\/comments?post=70"}],"version-history":[{"count":12,"href":"https:\/\/radarexecutivo.com.br\/revista\/wp-json\/wp\/v2\/posts\/70\/revisions"}],"predecessor-version":[{"id":2723,"href":"https:\/\/radarexecutivo.com.br\/revista\/wp-json\/wp\/v2\/posts\/70\/revisions\/2723"}],"wp:featuredmedia":[{"embeddable":true,"href":"https:\/\/radarexecutivo.com.br\/revista\/wp-json\/wp\/v2\/media\/72"}],"wp:attachment":[{"href":"https:\/\/radarexecutivo.com.br\/revista\/wp-json\/wp\/v2\/media?parent=70"}],"wp:term":[{"taxonomy":"category","embeddable":true,"href":"https:\/\/radarexecutivo.com.br\/revista\/wp-json\/wp\/v2\/categories?post=70"},{"taxonomy":"post_tag","embeddable":true,"href":"https:\/\/radarexecutivo.com.br\/revista\/wp-json\/wp\/v2\/tags?post=70"}],"curies":[{"name":"wp","href":"https:\/\/api.w.org\/{rel}","templated":true}]}}