{"id":91,"date":"2021-10-01T10:38:02","date_gmt":"2021-10-01T13:38:02","guid":{"rendered":"http:\/\/radarexecutivo.com.br\/revista\/?p=91"},"modified":"2022-08-01T09:39:59","modified_gmt":"2022-08-01T12:39:59","slug":"fazei-que-eu-procure-mais","status":"publish","type":"post","link":"https:\/\/radarexecutivo.com.br\/revista\/2021\/10\/01\/fazei-que-eu-procure-mais\/","title":{"rendered":"FAZEI QUE EU PROCURE MAIS"},"content":{"rendered":"<p>Fazei que eu procure mais, esta frase da Ora\u00e7\u00e3o de S\u00e3o Francisco sempre me chamou aten\u00e7\u00e3o porque nos faz pensar se estamos realmente fazendo de tudo para crescer, para mudar e para conquistar os nossos objetivos. Vamos analisar a frase com um pouco mais de profundidade, nesta parte da ora\u00e7\u00e3o, S\u00e3o Francisco de Assis est\u00e1 pedindo a Deus que o fa\u00e7a procurar mais pelos seus objetivos, ele n\u00e3o pediu para que seus objetivos fossem atingidos ou que Deus lhe ajudasse a consegui-los, ele pediu que Deus o fizesse procurar mais.<\/p>\n<blockquote>\n<h4><a href=\"http:\/\/www.ocodigosecretodavenda.com.br\">FA\u00c7A A SUA INSCRI\u00c7\u00c3O NO CURSO O C\u00d3DIGO SECRETO DA VENDA<\/a><\/h4>\n<\/blockquote>\n<p>Muitas vezes n\u00e3o chegamos onde queremos porque procuramos pouco. Procuramos pouco melhorar o nosso pr\u00f3prio desempenho, procuramos pouco abrir m\u00e3o do nosso comodismo, procuramos pouco entender as causas verdadeiras das nossas dificuldades, e por fim, procuramos pouco dentro de n\u00f3s mesmos as condi\u00e7\u00f5es que poder\u00e3o nos ajudar a conquistar o sucesso.<\/p>\n<blockquote><p>Muitas vezes n\u00e3o chegamos onde queremos porque procuramos pouco. Procuramos pouco melhorar o nosso pr\u00f3prio desempenho, procuramos pouco abrir m\u00e3o do nosso comodismo<\/p><\/blockquote>\n<p>Fazei com que eu procure mais, o ato de procurar \u00e9 um processo ativo, onde dirigimos nosso foco e concentramos a nossa energia na busca de uma meta espec\u00edfica, e a palavra \u201cmais\u201d indica o n\u00edvel de intensidade com que estamos buscando os nossos objetivos. Acontece, que na maioria das vezes, n\u00e3o estamos conseguindo alcan\u00e7ar nossos objetivos porque n\u00e3o estamos procurando o suficiente ou estamos procurando nos lugares errados.<\/p>\n<p>Durante toda a ora\u00e7\u00e3o, S\u00e3o Francisco nos estimula a inverter a nossa tend\u00eancia natural de concentrar a nossa aten\u00e7\u00e3o em n\u00f3s mesmos e nos faz olhar na dire\u00e7\u00e3o do outro. Esta invers\u00e3o de valores nos faz pensar, que para chegar onde queremos, temos que ajudar as outras pessoas a chegarem aos seus pr\u00f3prios objetivos.<\/p>\n<blockquote><p>Na maioria das vezes, n\u00e3o estamos conseguindo alcan\u00e7ar nossos objetivos porque n\u00e3o estamos procurando o suficiente ou estamos procurando nos lugares errados<\/p><\/blockquote>\n<p>S\u00e3o Francisco contraria em sua ora\u00e7\u00e3o o status quo estabelecido em sua \u00e9poca de maneira inovadora, ele nos provoca a fazer uma invers\u00e3o de valores e nos diz que devemos dirigir nossos pensamentos e nossas a\u00e7\u00f5es para o pr\u00f3ximo e n\u00e3o para n\u00f3s mesmos se desejamos crescer como pessoas e consequentemente como l\u00edderes.<\/p>\n<blockquote>\n<h4><a href=\"http:\/\/www.ocodigosecretodavenda.com.br\">FA\u00c7A A SUA INSCRI\u00c7\u00c3O NO CURSO O C\u00d3DIGO SECRETO DA VENDA<\/a><\/h4>\n<\/blockquote>\n<p>Ele demonstra que a primeira transforma\u00e7\u00e3o precisa ser interna antes que possamos chegar onde desejamos, S\u00e3o Francisco n\u00e3o pede a Deus mais recursos, mais condi\u00e7\u00f5es ou mais oportunidades, ele pede a Deus que o ajude a procurar mais. Mas o que S\u00e3o Francisco est\u00e1 procurando? Ele est\u00e1 procurando consolar que ser consolado, compreender que ser compreendido, o que mais uma vez inverte de maneira provocadora os nossos paradigmas.<\/p>\n<blockquote><p>S\u00e3o Francisco contraria em sua ora\u00e7\u00e3o o status quo estabelecido em sua \u00e9poca de maneira inovadora, ele nos provoca a fazer uma invers\u00e3o de valores e nos diz que devemos dirigir nossos pensamentos e nossas a\u00e7\u00f5es para o pr\u00f3ximo<\/p><\/blockquote>\n<p>Ao inv\u00e9s de procurar coisas para n\u00f3s mesmos, ele nos diz que devemos procurar coisas para os outros. Nos diz que devemos consolar, ou seja, entender o outro, estar junto, na certeza de que olhar o mundo com o olhar do pr\u00f3ximo nos far\u00e1 muito melhores do que se tent\u00e1ssemos apenas ser consolados. Ele nos diz ainda que na comunica\u00e7\u00e3o \u00e9 mais importante compreender do que ser compreendido, o que mais uma vez contr\u00e1ria \u00e0 vis\u00e3o estabelecida de que temos que fazer com que os outros nos entendam.<\/p>\n<p>Ao fazer com que procuremos mais compreender do que ser compreendidos, estamos na verdade estabelecendo uma conex\u00e3o mais profunda com o outro e passamos a ver o mundo atrav\u00e9s do modelo mental da pessoa com a qual estamos conversando e n\u00e3o apenas atrav\u00e9s da lente dos nossos pr\u00f3prios interesses.<\/p>\n<blockquote>\n<h4><a href=\"http:\/\/www.ocodigosecretodavenda.com.br\">FA\u00c7A A SUA INSCRI\u00c7\u00c3O NO CURSO O C\u00d3DIGO SECRETO DA VENDA<\/a><\/h4>\n<\/blockquote>\n<p>A ora\u00e7\u00e3o continua de maneira inovadora a quebrar paradigmas e a nos provocar a mudar as regras do jogo, ela nos diz que devemos transformar \u00f3dio em amor, ofensa em perd\u00e3o, disc\u00f3rdia em uni\u00e3o, d\u00favida em f\u00e9, erro em verdade, desespero em esperan\u00e7a, tristeza em alegria. E por fim, nos diz que podemos transformar as trevas que nos fazem deixar de enxergar as coisas como elas s\u00e3o em luz para guiar o nosso caminho.<\/p>\n<blockquote><p>Ao fazer com que procuremos mais compreender do que ser compreendidos, estamos na verdade estabelecendo uma conex\u00e3o mais profunda com o outro<\/p><\/blockquote>\n<p>Vamos analisar cada um destes pedidos feitos por S\u00e3o Francisco em sua ora\u00e7\u00e3o sob a \u00f3tica da lideran\u00e7a para entender o que precisamos fazer para que possamos exercer a nossa influ\u00eancia de maneira verdadeiramente transformadora.<\/p>\n<blockquote><p>Onde houver \u00f3dio, que eu leve o amor<\/p><\/blockquote>\n<p>Este foi o primeiro pedido de S\u00e3o Francisco em sua ora\u00e7\u00e3o, n\u00e3o podemos exercer a nossa lideran\u00e7a de forma plena se permitimos que a nossa energia vital seja desperdi\u00e7ada. Quando canalizamos as nossas energias para sentimentos negativos como o \u00f3dio, a raiva e deixamos o conflito dominar a nossa vida, estamos desperdi\u00e7ando recursos valiosos que poderiam estar sendo direcionados para busca dos nossos pr\u00f3prios objetivos.<\/p>\n<blockquote><p>\u00a0Onde houver ofensa, que eu leve o perd\u00e3o<\/p><\/blockquote>\n<p>Temos que trabalhar como l\u00edderes para evitar que ofensas pessoais possam quebrar o clima de uni\u00e3o em nossa equipe. N\u00e3o podemos permitir que os problemas sejam levados para o lado pessoal e que as pessoas troquem os argumentos inteligentes por ofensas pessoais na tentativa de resolver os seus problemas. A ofensa enfraquece o clima de uni\u00e3o e faz com que as pessoas se isolem do grupo, reduzindo com isso, o n\u00edvel de entusiasmo, o engajamento e o compromisso do grupo com os objetivos estabelecidos.<\/p>\n<blockquote><p>Onde houver disc\u00f3rdia, que eu leve a uni\u00e3o<\/p><\/blockquote>\n<p>Quando o conflito se torna pessoal, a energia das pessoas passa a ser usada para defender a sua pr\u00f3pria vis\u00e3o e os seus interesses. A disc\u00f3rdia e o conflito devem se limitar ao campo das ideias e n\u00e3o devem nunca ser levados para o lado pessoal. O l\u00edder inteligente precisa aprender a gerenciar muito bem as disputas internas pelo poder, para que elas n\u00e3o venham a enfraquecer a capacidade de resposta da sua equipe.<\/p>\n<blockquote><p>Onde houver d\u00favida, que eu leve a f\u00e9<\/p><\/blockquote>\n<p>A incerteza drena a nossa energia e a nossa capacidade de seguir em frente, a d\u00favida coloca em xeque a nossa capacidade de atingir as nossas metas e nos faz ficar imobilizados diante dos desafios que precisamos enfrentar. Ter f\u00e9 \u00e9 acreditar que estamos no caminho certo e que somos capazes de superar as adversidades e seguir em frente rumo aos nossos objetivos.<\/p>\n<blockquote><p>Onde houver erro, que eu leve a verdade<\/p><\/blockquote>\n<p>N\u00e3o podemos tratar o erro como uma senten\u00e7a de morte, que condena quem errou a viver em estado permanente de isolamento. Para lidar com o erro, precisamos buscar a verdade dos fatos e nada mais, n\u00e3o importam os interesses pessoais envolvidos, muito menos os jogos de poder, ou a opini\u00e3o de pessoas que est\u00e3o apenas tentando provar o seu ponto de vista. Os erros devem ser analisados unicamente sob a luz da verdade.<\/p>\n<blockquote><p>Onde houver desespero, que eu leve a esperan\u00e7a<\/p><\/blockquote>\n<p>Quando as coisas n\u00e3o andam bem o stress, a ansiedade e a inseguran\u00e7a atingem n\u00edveis insuport\u00e1veis que drenam a nossa energia criativa e paralisam a nossa capacidade de enfrentar desafios. Nos momentos de desespero temos que agir como l\u00edderes e apontar para um futuro de esperan\u00e7a que possa estimular as pessoas da nossa equipe a quebrar o ciclo vicioso que est\u00e3o vivendo para poder seguir em frente rumo aos objetivos.<\/p>\n<blockquote><p>Onde houver tristeza, que eu leve alegria<\/p><\/blockquote>\n<p>A energia criativa est\u00e1 diretamente ligada ao clima organizacional que impera na equipe. Ambientes onde a divers\u00e3o e a irrever\u00eancia fazem parte da cultura e onde trabalhar com alegria n\u00e3o \u00e9 pecado, estimulam a inova\u00e7\u00e3o e o surgimento de respostas inteligentes para os problemas da empresa. Combater a tristeza em todos os n\u00edveis, n\u00e3o permitindo que climas sombrios se instalem no cora\u00e7\u00e3o e na mente da equipe, \u00e9 uma das tarefas mais importantes de um l\u00edder.<\/p>\n<blockquote><p>Onde houver trevas, que eu leve a luz<\/p><\/blockquote>\n<p>As trevas da ignor\u00e2ncia limitam o nosso crescimento, quando estamos muito satisfeitos com o que temos e com o que j\u00e1 conquistamos, paramos de nos aperfei\u00e7oar e com isso deixamos de crescer. N\u00e3o podemos Ficar sentados desfrutando do sucesso que conquistamos, n\u00e3o podemos jamais parar de buscar a luz do conhecimento. Como l\u00edderes precisamos a todo custo estimular as pessoas da nossa equipe a superar os seus medos e a vencer os seus pr\u00f3prios limites.<\/p>\n<p>Para finalizar, quero pedir que voc\u00ea siga as s\u00e1bias palavras da Ora\u00e7\u00e3o de S\u00e3o Francisco. Quero pedir que voc\u00ea pare de se lamentar e comece a procurar caminhos diferentes para conquistar as suas metas e alcan\u00e7ar os seus objetivos. N\u00e3o desista dos seus sonhos, comece agora mesmo, a procurar um pouco mais.<\/p>\n<blockquote><p>N\u00e3o desista dos seus sonhos, comece agora mesmo, a procurar um pouco mais<\/p><\/blockquote>\n<p>&nbsp;<\/p>\n<p>VOC\u00ca TAMB\u00c9M PODE GOSTAR DO ARTIGO: <a href=\"https:\/\/radarexecutivo.com.br\/revista\/2021\/10\/05\/o-poder-do-fracasso\/\">O PODER DO FRACASSO<\/a><\/p>\n<p>&nbsp;<\/p>\n<p><img loading=\"lazy\" decoding=\"async\" class=\" wp-image-1451 alignleft\" src=\"http:\/\/radarexecutivo.com.br\/revista\/wp-content\/uploads\/2021\/09\/IMAGEM-2-300x300.jpg\" alt=\"\" width=\"133\" height=\"133\" srcset=\"https:\/\/radarexecutivo.com.br\/revista\/wp-content\/uploads\/2021\/09\/IMAGEM-2-300x300.jpg 300w, https:\/\/radarexecutivo.com.br\/revista\/wp-content\/uploads\/2021\/09\/IMAGEM-2-150x150.jpg 150w, https:\/\/radarexecutivo.com.br\/revista\/wp-content\/uploads\/2021\/09\/IMAGEM-2-130x130.jpg 130w, https:\/\/radarexecutivo.com.br\/revista\/wp-content\/uploads\/2021\/09\/IMAGEM-2.jpg 400w\" sizes=\"auto, (max-width: 133px) 100vw, 133px\" \/>Autor: Prof. Jorge Menezes \u00e9 palestrante, jornalista, escritor, colunista nas \u00e1reas de empreendedorismo e neg\u00f3cios. Apresentador do Canal Radar Executivo no YouTube e do Podcast Radar Executivo no Spotify. \u00c9 autor de v\u00e1rios best-sellers: <a href=\"https:\/\/amzn.to\/31AtOgI\">Aprenda a Negociar com os Tubar\u00f5es\u00ae (2013)<\/a>, <a href=\"https:\/\/amzn.to\/3GuogTz\">Transformando Networking em Neg\u00f3cios\u00ae (2015)<\/a> e <a href=\"https:\/\/amzn.to\/31Rfro0\">O C\u00f3digo Secreto da Venda\u00ae (2020<\/a>) todos publicados pela Editora Alta Books &#8211; Contato: (81) 9 9119-5002 Whatsapp<\/p>\n<p>&nbsp;<\/p>\n<p><iframe loading=\"lazy\" title=\"Spotify Embed: #016 FAZEI QUE EU PROCURE MAIS\" style=\"border-radius: 12px\" width=\"100%\" height=\"152\" frameborder=\"0\" allowfullscreen allow=\"autoplay; clipboard-write; encrypted-media; fullscreen; picture-in-picture\" src=\"https:\/\/open.spotify.com\/embed\/episode\/6dT2SBMCYBQMdekM35OpQn?si=8622d3e26e004601&#038;utm_source=oembed\"><\/iframe><\/p>\n<p><iframe loading=\"lazy\" title=\"FAZEI QUE EU PROCURE MAIS\" width=\"1200\" height=\"675\" src=\"https:\/\/www.youtube.com\/embed\/IQnuDG2RFRE?feature=oembed\" frameborder=\"0\" allow=\"accelerometer; autoplay; clipboard-write; encrypted-media; gyroscope; picture-in-picture\" allowfullscreen><\/iframe><\/p>\n<p>&nbsp;<\/p>\n","protected":false},"excerpt":{"rendered":"<p>Fazei que eu procure mais, esta frase da Ora\u00e7\u00e3o de S\u00e3o Francisco sempre me chamou aten\u00e7\u00e3o porque nos faz pensar se estamos realmente fazendo de tudo para crescer, para mudar e para conquistar os nossos objetivos. Vamos analisar a frase com um pouco mais de profundidade, nesta parte da ora\u00e7\u00e3o, S\u00e3o Francisco de Assis est\u00e1 pedindo a Deus que o fa\u00e7a procurar mais pelos seus objetivos, ele n\u00e3o pediu para que seus objetivos fossem atingidos ou que Deus lhe ajudasse a consegui-los, ele pediu que Deus o fizesse procurar mais. FA\u00c7A A SUA INSCRI\u00c7\u00c3O NO CURSO O C\u00d3DIGO SECRETO DA [&hellip;]<\/p>\n","protected":false},"author":1,"featured_media":92,"comment_status":"open","ping_status":"open","sticky":false,"template":"","format":"standard","meta":{"om_disable_all_campaigns":false,"footnotes":""},"categories":[9],"tags":[71,83,68,82],"class_list":["post-91","post","type-post","status-publish","format-standard","has-post-thumbnail","hentry","category-lideranca-em-foco","tag-carreira","tag-crescimento-profissional","tag-lideranca","tag-relacoes-humanas"],"yoast_head":"<!-- This site is optimized with the Yoast SEO plugin v18.9 - https:\/\/yoast.com\/wordpress\/plugins\/seo\/ -->\n<title>Revista Radar Executivo - Artigo: Fazei Que Eu Procure Mais<\/title>\n<meta name=\"description\" content=\"Lideran\u00e7a, gest\u00e3o, carreira, neg\u00f3cios, marketing, empreendedorismo, pol\u00edtica, economia, inova\u00e7\u00e3o. Voc\u00ea conectado no mundo empresarial.\" \/>\n<meta name=\"robots\" content=\"index, follow, max-snippet:-1, max-image-preview:large, max-video-preview:-1\" \/>\n<link rel=\"canonical\" href=\"https:\/\/radarexecutivo.com.br\/revista\/2021\/10\/01\/fazei-que-eu-procure-mais\/\" \/>\n<meta property=\"og:locale\" content=\"pt_BR\" \/>\n<meta property=\"og:type\" content=\"article\" \/>\n<meta property=\"og:title\" content=\"Revista Radar Executivo - Artigo: Fazei Que Eu Procure Mais\" \/>\n<meta property=\"og:description\" content=\"Lideran\u00e7a, gest\u00e3o, carreira, neg\u00f3cios, marketing, empreendedorismo, pol\u00edtica, economia, inova\u00e7\u00e3o. Voc\u00ea conectado no mundo empresarial.\" \/>\n<meta property=\"og:url\" content=\"https:\/\/radarexecutivo.com.br\/revista\/2021\/10\/01\/fazei-que-eu-procure-mais\/\" \/>\n<meta property=\"og:site_name\" content=\"Revista Radar Executivo\" \/>\n<meta property=\"article:published_time\" content=\"2021-10-01T13:38:02+00:00\" \/>\n<meta property=\"article:modified_time\" content=\"2022-08-01T12:39:59+00:00\" \/>\n<meta property=\"og:image\" content=\"https:\/\/radarexecutivo.com.br\/revista\/wp-content\/uploads\/2021\/10\/bigstock-man-praying-4785565-scaled.jpg\" \/>\n\t<meta property=\"og:image:width\" content=\"2560\" \/>\n\t<meta property=\"og:image:height\" content=\"1429\" \/>\n\t<meta property=\"og:image:type\" content=\"image\/jpeg\" \/>\n<meta name=\"twitter:card\" content=\"summary_large_image\" \/>\n<meta name=\"twitter:label1\" content=\"Escrito por\" \/>\n\t<meta name=\"twitter:data1\" content=\"Revista Radar Executivo\" \/>\n\t<meta name=\"twitter:label2\" content=\"Est. tempo de leitura\" \/>\n\t<meta name=\"twitter:data2\" content=\"9 minutos\" \/>\n<script type=\"application\/ld+json\" class=\"yoast-schema-graph\">{\"@context\":\"https:\/\/schema.org\",\"@graph\":[{\"@type\":\"Organization\",\"@id\":\"https:\/\/radarexecutivo.com.br\/revista\/#organization\",\"name\":\"Revista Radar Executivo\",\"url\":\"https:\/\/radarexecutivo.com.br\/revista\/\",\"sameAs\":[],\"logo\":{\"@type\":\"ImageObject\",\"inLanguage\":\"pt-BR\",\"@id\":\"https:\/\/radarexecutivo.com.br\/revista\/#\/schema\/logo\/image\/\",\"url\":\"https:\/\/radarexecutivo.com.br\/revista\/wp-content\/uploads\/2022\/06\/LOGO-REVISTA-PORTUGUES-PRETO-2.png\",\"contentUrl\":\"https:\/\/radarexecutivo.com.br\/revista\/wp-content\/uploads\/2022\/06\/LOGO-REVISTA-PORTUGUES-PRETO-2.png\",\"width\":8084,\"height\":2580,\"caption\":\"Revista Radar Executivo\"},\"image\":{\"@id\":\"https:\/\/radarexecutivo.com.br\/revista\/#\/schema\/logo\/image\/\"}},{\"@type\":\"WebSite\",\"@id\":\"https:\/\/radarexecutivo.com.br\/revista\/#website\",\"url\":\"https:\/\/radarexecutivo.com.br\/revista\/\",\"name\":\"Revista Radar Executivo\",\"description\":\"Voc\u00ea conectado no mundo empresarial\",\"publisher\":{\"@id\":\"https:\/\/radarexecutivo.com.br\/revista\/#organization\"},\"potentialAction\":[{\"@type\":\"SearchAction\",\"target\":{\"@type\":\"EntryPoint\",\"urlTemplate\":\"https:\/\/radarexecutivo.com.br\/revista\/?s={search_term_string}\"},\"query-input\":\"required name=search_term_string\"}],\"inLanguage\":\"pt-BR\"},{\"@type\":\"ImageObject\",\"inLanguage\":\"pt-BR\",\"@id\":\"https:\/\/radarexecutivo.com.br\/revista\/2021\/10\/01\/fazei-que-eu-procure-mais\/#primaryimage\",\"url\":\"https:\/\/radarexecutivo.com.br\/revista\/wp-content\/uploads\/2021\/10\/bigstock-man-praying-4785565-scaled.jpg\",\"contentUrl\":\"https:\/\/radarexecutivo.com.br\/revista\/wp-content\/uploads\/2021\/10\/bigstock-man-praying-4785565-scaled.jpg\",\"width\":2560,\"height\":1429,\"caption\":\"FAZEI QUE EU PROCURE MAIS. MAKE ME SEARCH MORE. HAZME BUSCAR M\u00c1S\"},{\"@type\":\"WebPage\",\"@id\":\"https:\/\/radarexecutivo.com.br\/revista\/2021\/10\/01\/fazei-que-eu-procure-mais\/#webpage\",\"url\":\"https:\/\/radarexecutivo.com.br\/revista\/2021\/10\/01\/fazei-que-eu-procure-mais\/\",\"name\":\"Revista Radar Executivo - Artigo: Fazei Que Eu Procure Mais\",\"isPartOf\":{\"@id\":\"https:\/\/radarexecutivo.com.br\/revista\/#website\"},\"primaryImageOfPage\":{\"@id\":\"https:\/\/radarexecutivo.com.br\/revista\/2021\/10\/01\/fazei-que-eu-procure-mais\/#primaryimage\"},\"datePublished\":\"2021-10-01T13:38:02+00:00\",\"dateModified\":\"2022-08-01T12:39:59+00:00\",\"description\":\"Lideran\u00e7a, gest\u00e3o, carreira, neg\u00f3cios, marketing, empreendedorismo, pol\u00edtica, economia, inova\u00e7\u00e3o. Voc\u00ea conectado no mundo empresarial.\",\"breadcrumb\":{\"@id\":\"https:\/\/radarexecutivo.com.br\/revista\/2021\/10\/01\/fazei-que-eu-procure-mais\/#breadcrumb\"},\"inLanguage\":\"pt-BR\",\"potentialAction\":[{\"@type\":\"ReadAction\",\"target\":[\"https:\/\/radarexecutivo.com.br\/revista\/2021\/10\/01\/fazei-que-eu-procure-mais\/\"]}]},{\"@type\":\"BreadcrumbList\",\"@id\":\"https:\/\/radarexecutivo.com.br\/revista\/2021\/10\/01\/fazei-que-eu-procure-mais\/#breadcrumb\",\"itemListElement\":[{\"@type\":\"ListItem\",\"position\":1,\"name\":\"home\",\"item\":\"https:\/\/radarexecutivo.com.br\/revista\/\"},{\"@type\":\"ListItem\",\"position\":2,\"name\":\"carreira\",\"item\":\"https:\/\/radarexecutivo.com.br\/revista\/tag\/carreira\/\"},{\"@type\":\"ListItem\",\"position\":3,\"name\":\"FAZEI QUE EU PROCURE MAIS\"}]},{\"@type\":\"Article\",\"@id\":\"https:\/\/radarexecutivo.com.br\/revista\/2021\/10\/01\/fazei-que-eu-procure-mais\/#article\",\"isPartOf\":{\"@id\":\"https:\/\/radarexecutivo.com.br\/revista\/2021\/10\/01\/fazei-que-eu-procure-mais\/#webpage\"},\"author\":{\"@id\":\"https:\/\/radarexecutivo.com.br\/revista\/#\/schema\/person\/fa7d561ec3c1e5e8f9aee0a176cd0162\"},\"headline\":\"FAZEI QUE EU PROCURE MAIS\",\"datePublished\":\"2021-10-01T13:38:02+00:00\",\"dateModified\":\"2022-08-01T12:39:59+00:00\",\"mainEntityOfPage\":{\"@id\":\"https:\/\/radarexecutivo.com.br\/revista\/2021\/10\/01\/fazei-que-eu-procure-mais\/#webpage\"},\"wordCount\":1711,\"commentCount\":0,\"publisher\":{\"@id\":\"https:\/\/radarexecutivo.com.br\/revista\/#organization\"},\"image\":{\"@id\":\"https:\/\/radarexecutivo.com.br\/revista\/2021\/10\/01\/fazei-que-eu-procure-mais\/#primaryimage\"},\"thumbnailUrl\":\"https:\/\/radarexecutivo.com.br\/revista\/wp-content\/uploads\/2021\/10\/bigstock-man-praying-4785565-scaled.jpg\",\"keywords\":[\"carreira\",\"crescimento espiritual\",\"lideran\u00e7a\",\"rela\u00e7\u00f5es humanas\"],\"articleSection\":[\"LIDERAN\u00c7A EM FOCO\"],\"inLanguage\":\"pt-BR\",\"potentialAction\":[{\"@type\":\"CommentAction\",\"name\":\"Comment\",\"target\":[\"https:\/\/radarexecutivo.com.br\/revista\/2021\/10\/01\/fazei-que-eu-procure-mais\/#respond\"]}]},{\"@type\":\"Person\",\"@id\":\"https:\/\/radarexecutivo.com.br\/revista\/#\/schema\/person\/fa7d561ec3c1e5e8f9aee0a176cd0162\",\"name\":\"Revista Radar Executivo\",\"image\":{\"@type\":\"ImageObject\",\"inLanguage\":\"pt-BR\",\"@id\":\"https:\/\/radarexecutivo.com.br\/revista\/#\/schema\/person\/image\/\",\"url\":\"https:\/\/secure.gravatar.com\/avatar\/13c41cad95f86d1121ade5519feb60932dc6dc8287e4743bcec5ce91b8ef2196?s=96&d=mm&r=g\",\"contentUrl\":\"https:\/\/secure.gravatar.com\/avatar\/13c41cad95f86d1121ade5519feb60932dc6dc8287e4743bcec5ce91b8ef2196?s=96&d=mm&r=g\",\"caption\":\"Revista Radar Executivo\"},\"sameAs\":[\"http:\/\/radarexecutivo.com.br\/revista\"],\"url\":\"https:\/\/radarexecutivo.com.br\/revista\/author\/radarexecutivo\/\"}]}<\/script>\n<!-- \/ Yoast SEO plugin. -->","yoast_head_json":{"title":"Revista Radar Executivo - Artigo: Fazei Que Eu Procure Mais","description":"Lideran\u00e7a, gest\u00e3o, carreira, neg\u00f3cios, marketing, empreendedorismo, pol\u00edtica, economia, inova\u00e7\u00e3o. Voc\u00ea conectado no mundo empresarial.","robots":{"index":"index","follow":"follow","max-snippet":"max-snippet:-1","max-image-preview":"max-image-preview:large","max-video-preview":"max-video-preview:-1"},"canonical":"https:\/\/radarexecutivo.com.br\/revista\/2021\/10\/01\/fazei-que-eu-procure-mais\/","og_locale":"pt_BR","og_type":"article","og_title":"Revista Radar Executivo - Artigo: Fazei Que Eu Procure Mais","og_description":"Lideran\u00e7a, gest\u00e3o, carreira, neg\u00f3cios, marketing, empreendedorismo, pol\u00edtica, economia, inova\u00e7\u00e3o. Voc\u00ea conectado no mundo empresarial.","og_url":"https:\/\/radarexecutivo.com.br\/revista\/2021\/10\/01\/fazei-que-eu-procure-mais\/","og_site_name":"Revista Radar Executivo","article_published_time":"2021-10-01T13:38:02+00:00","article_modified_time":"2022-08-01T12:39:59+00:00","og_image":[{"width":2560,"height":1429,"url":"https:\/\/radarexecutivo.com.br\/revista\/wp-content\/uploads\/2021\/10\/bigstock-man-praying-4785565-scaled.jpg","type":"image\/jpeg"}],"twitter_card":"summary_large_image","twitter_misc":{"Escrito por":"Revista Radar Executivo","Est. tempo de leitura":"9 minutos"},"schema":{"@context":"https:\/\/schema.org","@graph":[{"@type":"Organization","@id":"https:\/\/radarexecutivo.com.br\/revista\/#organization","name":"Revista Radar Executivo","url":"https:\/\/radarexecutivo.com.br\/revista\/","sameAs":[],"logo":{"@type":"ImageObject","inLanguage":"pt-BR","@id":"https:\/\/radarexecutivo.com.br\/revista\/#\/schema\/logo\/image\/","url":"https:\/\/radarexecutivo.com.br\/revista\/wp-content\/uploads\/2022\/06\/LOGO-REVISTA-PORTUGUES-PRETO-2.png","contentUrl":"https:\/\/radarexecutivo.com.br\/revista\/wp-content\/uploads\/2022\/06\/LOGO-REVISTA-PORTUGUES-PRETO-2.png","width":8084,"height":2580,"caption":"Revista Radar Executivo"},"image":{"@id":"https:\/\/radarexecutivo.com.br\/revista\/#\/schema\/logo\/image\/"}},{"@type":"WebSite","@id":"https:\/\/radarexecutivo.com.br\/revista\/#website","url":"https:\/\/radarexecutivo.com.br\/revista\/","name":"Revista Radar Executivo","description":"Voc\u00ea conectado no mundo empresarial","publisher":{"@id":"https:\/\/radarexecutivo.com.br\/revista\/#organization"},"potentialAction":[{"@type":"SearchAction","target":{"@type":"EntryPoint","urlTemplate":"https:\/\/radarexecutivo.com.br\/revista\/?s={search_term_string}"},"query-input":"required name=search_term_string"}],"inLanguage":"pt-BR"},{"@type":"ImageObject","inLanguage":"pt-BR","@id":"https:\/\/radarexecutivo.com.br\/revista\/2021\/10\/01\/fazei-que-eu-procure-mais\/#primaryimage","url":"https:\/\/radarexecutivo.com.br\/revista\/wp-content\/uploads\/2021\/10\/bigstock-man-praying-4785565-scaled.jpg","contentUrl":"https:\/\/radarexecutivo.com.br\/revista\/wp-content\/uploads\/2021\/10\/bigstock-man-praying-4785565-scaled.jpg","width":2560,"height":1429,"caption":"FAZEI QUE EU PROCURE MAIS. MAKE ME SEARCH MORE. HAZME BUSCAR M\u00c1S"},{"@type":"WebPage","@id":"https:\/\/radarexecutivo.com.br\/revista\/2021\/10\/01\/fazei-que-eu-procure-mais\/#webpage","url":"https:\/\/radarexecutivo.com.br\/revista\/2021\/10\/01\/fazei-que-eu-procure-mais\/","name":"Revista Radar Executivo - Artigo: Fazei Que Eu Procure Mais","isPartOf":{"@id":"https:\/\/radarexecutivo.com.br\/revista\/#website"},"primaryImageOfPage":{"@id":"https:\/\/radarexecutivo.com.br\/revista\/2021\/10\/01\/fazei-que-eu-procure-mais\/#primaryimage"},"datePublished":"2021-10-01T13:38:02+00:00","dateModified":"2022-08-01T12:39:59+00:00","description":"Lideran\u00e7a, gest\u00e3o, carreira, neg\u00f3cios, marketing, empreendedorismo, pol\u00edtica, economia, inova\u00e7\u00e3o. Voc\u00ea conectado no mundo empresarial.","breadcrumb":{"@id":"https:\/\/radarexecutivo.com.br\/revista\/2021\/10\/01\/fazei-que-eu-procure-mais\/#breadcrumb"},"inLanguage":"pt-BR","potentialAction":[{"@type":"ReadAction","target":["https:\/\/radarexecutivo.com.br\/revista\/2021\/10\/01\/fazei-que-eu-procure-mais\/"]}]},{"@type":"BreadcrumbList","@id":"https:\/\/radarexecutivo.com.br\/revista\/2021\/10\/01\/fazei-que-eu-procure-mais\/#breadcrumb","itemListElement":[{"@type":"ListItem","position":1,"name":"home","item":"https:\/\/radarexecutivo.com.br\/revista\/"},{"@type":"ListItem","position":2,"name":"carreira","item":"https:\/\/radarexecutivo.com.br\/revista\/tag\/carreira\/"},{"@type":"ListItem","position":3,"name":"FAZEI QUE EU PROCURE MAIS"}]},{"@type":"Article","@id":"https:\/\/radarexecutivo.com.br\/revista\/2021\/10\/01\/fazei-que-eu-procure-mais\/#article","isPartOf":{"@id":"https:\/\/radarexecutivo.com.br\/revista\/2021\/10\/01\/fazei-que-eu-procure-mais\/#webpage"},"author":{"@id":"https:\/\/radarexecutivo.com.br\/revista\/#\/schema\/person\/fa7d561ec3c1e5e8f9aee0a176cd0162"},"headline":"FAZEI QUE EU PROCURE MAIS","datePublished":"2021-10-01T13:38:02+00:00","dateModified":"2022-08-01T12:39:59+00:00","mainEntityOfPage":{"@id":"https:\/\/radarexecutivo.com.br\/revista\/2021\/10\/01\/fazei-que-eu-procure-mais\/#webpage"},"wordCount":1711,"commentCount":0,"publisher":{"@id":"https:\/\/radarexecutivo.com.br\/revista\/#organization"},"image":{"@id":"https:\/\/radarexecutivo.com.br\/revista\/2021\/10\/01\/fazei-que-eu-procure-mais\/#primaryimage"},"thumbnailUrl":"https:\/\/radarexecutivo.com.br\/revista\/wp-content\/uploads\/2021\/10\/bigstock-man-praying-4785565-scaled.jpg","keywords":["carreira","crescimento espiritual","lideran\u00e7a","rela\u00e7\u00f5es humanas"],"articleSection":["LIDERAN\u00c7A EM FOCO"],"inLanguage":"pt-BR","potentialAction":[{"@type":"CommentAction","name":"Comment","target":["https:\/\/radarexecutivo.com.br\/revista\/2021\/10\/01\/fazei-que-eu-procure-mais\/#respond"]}]},{"@type":"Person","@id":"https:\/\/radarexecutivo.com.br\/revista\/#\/schema\/person\/fa7d561ec3c1e5e8f9aee0a176cd0162","name":"Revista Radar Executivo","image":{"@type":"ImageObject","inLanguage":"pt-BR","@id":"https:\/\/radarexecutivo.com.br\/revista\/#\/schema\/person\/image\/","url":"https:\/\/secure.gravatar.com\/avatar\/13c41cad95f86d1121ade5519feb60932dc6dc8287e4743bcec5ce91b8ef2196?s=96&d=mm&r=g","contentUrl":"https:\/\/secure.gravatar.com\/avatar\/13c41cad95f86d1121ade5519feb60932dc6dc8287e4743bcec5ce91b8ef2196?s=96&d=mm&r=g","caption":"Revista Radar Executivo"},"sameAs":["http:\/\/radarexecutivo.com.br\/revista"],"url":"https:\/\/radarexecutivo.com.br\/revista\/author\/radarexecutivo\/"}]}},"_links":{"self":[{"href":"https:\/\/radarexecutivo.com.br\/revista\/wp-json\/wp\/v2\/posts\/91","targetHints":{"allow":["GET"]}}],"collection":[{"href":"https:\/\/radarexecutivo.com.br\/revista\/wp-json\/wp\/v2\/posts"}],"about":[{"href":"https:\/\/radarexecutivo.com.br\/revista\/wp-json\/wp\/v2\/types\/post"}],"author":[{"embeddable":true,"href":"https:\/\/radarexecutivo.com.br\/revista\/wp-json\/wp\/v2\/users\/1"}],"replies":[{"embeddable":true,"href":"https:\/\/radarexecutivo.com.br\/revista\/wp-json\/wp\/v2\/comments?post=91"}],"version-history":[{"count":10,"href":"https:\/\/radarexecutivo.com.br\/revista\/wp-json\/wp\/v2\/posts\/91\/revisions"}],"predecessor-version":[{"id":3158,"href":"https:\/\/radarexecutivo.com.br\/revista\/wp-json\/wp\/v2\/posts\/91\/revisions\/3158"}],"wp:featuredmedia":[{"embeddable":true,"href":"https:\/\/radarexecutivo.com.br\/revista\/wp-json\/wp\/v2\/media\/92"}],"wp:attachment":[{"href":"https:\/\/radarexecutivo.com.br\/revista\/wp-json\/wp\/v2\/media?parent=91"}],"wp:term":[{"taxonomy":"category","embeddable":true,"href":"https:\/\/radarexecutivo.com.br\/revista\/wp-json\/wp\/v2\/categories?post=91"},{"taxonomy":"post_tag","embeddable":true,"href":"https:\/\/radarexecutivo.com.br\/revista\/wp-json\/wp\/v2\/tags?post=91"}],"curies":[{"name":"wp","href":"https:\/\/api.w.org\/{rel}","templated":true}]}}